{"id":18337,"date":"2024-08-26T06:06:34","date_gmt":"2024-08-26T11:06:34","guid":{"rendered":"https:\/\/www.elamazonico.com\/portal\/?p=18337"},"modified":"2024-08-26T06:06:34","modified_gmt":"2024-08-26T11:06:34","slug":"andrea-rivadeneira-una-trayectoria-de-compromiso-con-la-justicia-y-el-desarrollo-de-zamora-chinchipe","status":"publish","type":"post","link":"https:\/\/www.elamazonico.com\/portal\/andrea-rivadeneira-una-trayectoria-de-compromiso-con-la-justicia-y-el-desarrollo-de-zamora-chinchipe\/","title":{"rendered":"Andrea Rivadeneira: Una Trayectoria de Compromiso con la Justicia y el Desarrollo de Zamora Chinchipe"},"content":{"rendered":"<p>Andrea Rivadeneira, nacida en el cant\u00f3n Zamora, en la provincia de Zamora Chinchipe, es una figura importante del compromiso con la justicia y el desarrollo en el Ecuador. Criada en una familia de valores s\u00f3lidos, es hija de Juan Felipe Rivadeneira Jaramillo y Mar\u00eda Elena Calder\u00f3n Ojeda, quienes le inculcaron desde peque\u00f1a la importancia de la honestidad, la lealtad y la transparencia. Andrea creci\u00f3 junto a sus hermanas, Naomi y Romina Rivadeneira Calder\u00f3n, en un ambiente donde la educaci\u00f3n y el servicio a la comunidad se practica siempre.<\/p>\n<p>Su pasi\u00f3n por el derecho y la justicia la llev\u00f3 a cursar sus estudios de tercer nivel en la Universidad Nacional de Loja, donde obtuvo su t\u00edtulo de Abogada de la Rep\u00fablica del Ecuador. Posteriormente, decidi\u00f3 profundizar sus conocimientos en derechos humanos, obteniendo un M\u00e1ster Universitario en Derechos Humanos con menci\u00f3n en Sistemas Internacionales de Protecci\u00f3n por la Universidad Internacional de la Rioja. Esta s\u00f3lida formaci\u00f3n acad\u00e9mica le ha permitido abordar los desaf\u00edos de su carrera con una perspectiva amplia y un profundo sentido de humanidad.<\/p>\n<p><strong>Carrera Profesional y Laboral<\/strong><\/p>\n<p>Andrea Rivadeneira ha tenido una destacada trayectoria tanto en el sector privado como en el p\u00fablico. Su carrera comenz\u00f3 en Delcon Compa\u00f1\u00eda Ltda., donde adquiri\u00f3 una valiosa experiencia en el \u00e1mbito empresarial. Sin embargo, su verdadero impacto se ha sentido en el sector p\u00fablico, donde ha desempe\u00f1ado roles clave en la Agencia de Regulaci\u00f3n y Control Minero (ARCOM).<\/p>\n<p>En la Defensor\u00eda del Pueblo, Andrea se ha distinguido por su fervorosa defensa de los derechos de grupos vulnerables, incluyendo jubilados, mujeres embarazadas, ni\u00f1os y personas con discapacidad. Su labor ha sido reconocida en m\u00faltiples ocasiones, recibiendo galardones de instituciones como los docentes jubilados, el Concejo Cantonal Centinela del C\u00f3ndor, la Polic\u00eda Nacional y la Gobernaci\u00f3n de Zamora. Estos reconocimientos son prueba de su inquebrantable compromiso con la justicia social y su dedicaci\u00f3n.<\/p>\n<p><strong>Pasiones y Principios<\/strong><\/p>\n<p>Adem\u00e1s de su carrera profesional, Andrea Rivadeneira es una entusiasta del deporte, considerando el ejercicio f\u00edsico como un pilar fundamental para la salud y el bienestar. Entre sus actividades favoritas se encuentran el CrossFit y el baloncesto, deportes que practican con regularidad y que le permiten mantenerse activado y en forma. Su apoyo a las actividades deportivas en Zamora Chinchipe es tambi\u00e9n una muestra de su compromiso con el desarrollo integral de su gente.<\/p>\n<p>En cuanto a sus valores personales, Andrea es una firme opositora de la corrupci\u00f3n en todas sus formas. La deshonestidad, la deslealtad y la falta de transparencia son l\u00edneas rojas que, seg\u00fan sus principios, nunca cruzar\u00e1. Estos valores, que le fueron inculcados por sus padres, han sido el cimiento sobre el cual ha construido toda su carrera y son los que gu\u00edan cada una de sus decisiones.<\/p>\n<p>Actualmente, Andrea Rivadeneira se desempe\u00f1a como Asamble\u00edsta por la provincia de Zamora Chinchipe para el per\u00edodo 2023-2025. Su papel en la Asamblea Nacional ha sido importante, participando activamente en la Comisi\u00f3n de Soberan\u00eda Alimentaria y Desarrollo del Sector Agropecuario y Pesquero, as\u00ed como en el Frente Parlamentario Amaz\u00f3nico y el Grupo Interparlamentario de Amistad con China. Desde estas plataformas, ha liderado procesos de fiscalizaci\u00f3n y legislaci\u00f3n, buscando siempre beneficiar a su provincia.<\/p>\n<p>Su motivaci\u00f3n para ser asamble\u00edsta radica en su profundo deseo de proteger a los sectores m\u00e1s vulnerables de la sociedad. A lo largo de su carrera, ha centrado su trabajo en la defensa de los derechos humanos, guiado por principios de honestidad, transparencia y \u00e9tica. Andrea est\u00e1 convencida de que desde la Asamblea Nacional puede seguir legislando y fiscalizando para mejorar la vida de los ciudadanos de Zamora Chinchipe<\/p>\n<p>Como zamorana chinchipense, Andrea Rivadeneira tiene un profundo amor por su provincia y un claro anhelo de ver prosperar a su tierra. Zamora Chinchipe es rica en recursos naturales\u2014flora, fauna, turismo, agricultura, ganader\u00eda y miner\u00eda\u2014y Andrea est\u00e1 comprometida con asegurar que todos estos sectores cuenten con el respaldo normativo necesario para operar con seguridad jur\u00eddica. Su lucha constante es garantizar que los recursos de su provincia sean utilizados de manera correcta y eficiente.<\/p>\n<p>Para Andrea, el bienestar de Zamora Chinchipe es su prioridad. Su prop\u00f3sito es velar porque su tierra, conocida por ser hogar de gente honesta y trabajadora, avanzar hacia un futuro pr\u00f3spero.<\/p>\n<p><strong>Legado y compromiso<\/strong><\/p>\n<p>Con 36 a\u00f1os, Andrea Rivadeneira se encuentra en una etapa crucial de su carrera, donde su compromiso con la protecci\u00f3n de los derechos humanos y el desarrollo de Zamora Chinchipe se ha consolidado como el eje central de su vida. Su posici\u00f3n como Asamble\u00edsta le brinda una plataforma poderosa para impulsar iniciativas que benefician tanto a su provincia como al pa\u00eds, siempre guiada por los valores de honestidad y transparencia que sus padres le inculcaron.<\/p>\n<p>Andrea tambi\u00e9n mantiene vivo el legado de su amigo y compa\u00f1ero Fernando Villavicencio, cuya lucha contra la corrupci\u00f3n y por la justicia social sigue inspirando su trabajo diario. Con la convicci\u00f3n de que el cambio es posible a trav\u00e9s del esfuerzo y la \u00e9tica, Andrea Rivadeneira contin\u00faa su camino en la pol\u00edtica, comprometida con la transparencia, la \u00e9tica y el bienestar de todos los ciudadanos de Zamora.<\/p>\n<p>Su trayectoria est\u00e1 marcada por un compromiso inquebrantable con la justicia, la transparencia y el desarrollo sostenible de Zamora Chinchipe. A trav\u00e9s de su trabajo en la Asamblea Nacional, Andrea contin\u00faa luchando por un futuro mejor para su provincia y para todo el Ecuador, con la firme convicci\u00f3n de que, con principios s\u00f3lidos y una \u00e9tica inquebrantable, es posible construir un pa\u00eds m\u00e1s justo.<\/p>\n","protected":false},"excerpt":{"rendered":"<p>Andrea Rivadeneira, nacida en el cant\u00f3n Zamora, en la provincia de Zamora Chinchipe, es una figura importante del compromiso con la justicia y el desarrollo en el Ecuador. Criada en una familia de valores s\u00f3lidos, es hija de Juan Felipe Rivadeneira Jaramillo y Mar\u00eda Elena Calder\u00f3n Ojeda, quienes le inculcaron desde peque\u00f1a la importancia de la honestidad, la lealtad y la transparencia. Andrea creci\u00f3 junto a sus hermanas, Naomi y Romina Rivadeneira Calder\u00f3n, en un ambiente donde la educaci\u00f3n y el servicio a la comunidad se practica siempre. Su pasi\u00f3n por el derecho y la justicia la llev\u00f3 a cursar sus estudios de tercer nivel en la Universidad Nacional de Loja, donde obtuvo su t\u00edtulo de Abogada de la Rep\u00fablica del Ecuador. Posteriormente, decidi\u00f3 profundizar sus conocimientos en derechos humanos, obteniendo un M\u00e1ster Universitario en Derechos Humanos con menci\u00f3n en Sistemas Internacionales de Protecci\u00f3n por la Universidad Internacional de la Rioja. Esta s\u00f3lida formaci\u00f3n acad\u00e9mica le ha permitido abordar los desaf\u00edos de su carrera con una perspectiva amplia y un profundo sentido de humanidad. Carrera Profesional y Laboral Andrea Rivadeneira ha tenido una destacada trayectoria tanto en el sector privado como en el p\u00fablico. Su carrera comenz\u00f3 en Delcon Compa\u00f1\u00eda Ltda., donde adquiri\u00f3 una valiosa experiencia en el \u00e1mbito empresarial. Sin embargo, su verdadero impacto se ha sentido en el sector p\u00fablico, donde ha desempe\u00f1ado roles clave en la Agencia de Regulaci\u00f3n y Control Minero (ARCOM). En la Defensor\u00eda del Pueblo, Andrea se ha distinguido por su fervorosa defensa de los derechos de grupos vulnerables, incluyendo jubilados, mujeres embarazadas, ni\u00f1os y personas con discapacidad. Su labor ha sido reconocida en m\u00faltiples ocasiones, recibiendo galardones de instituciones como los docentes jubilados, el Concejo Cantonal Centinela del C\u00f3ndor, la Polic\u00eda Nacional y la Gobernaci\u00f3n de Zamora. Estos reconocimientos son prueba de su inquebrantable compromiso con la justicia social y su dedicaci\u00f3n. Pasiones y Principios Adem\u00e1s de su carrera profesional, Andrea Rivadeneira es una entusiasta del deporte, considerando el ejercicio f\u00edsico como un pilar fundamental para la salud y el bienestar. Entre sus actividades favoritas se encuentran el CrossFit y el baloncesto, deportes que practican con regularidad y que le permiten mantenerse activado y en forma. Su apoyo a las actividades deportivas en Zamora Chinchipe es tambi\u00e9n una muestra de su compromiso con el desarrollo integral de su gente. En cuanto a sus valores personales, Andrea es una firme opositora de la corrupci\u00f3n en todas sus formas. La deshonestidad, la deslealtad y la falta de transparencia son l\u00edneas rojas que, seg\u00fan sus principios, nunca cruzar\u00e1. Estos valores, que le fueron inculcados por sus padres, han sido el cimiento sobre el cual ha construido toda su carrera y son los que gu\u00edan cada una de sus decisiones. Actualmente, Andrea Rivadeneira se desempe\u00f1a como Asamble\u00edsta por la provincia de Zamora Chinchipe para el per\u00edodo 2023-2025. Su papel en la Asamblea Nacional ha sido importante, participando activamente en la Comisi\u00f3n de Soberan\u00eda Alimentaria y Desarrollo del Sector Agropecuario y Pesquero, as\u00ed como en el Frente Parlamentario Amaz\u00f3nico y el Grupo Interparlamentario de Amistad con China. Desde estas plataformas, ha liderado procesos de fiscalizaci\u00f3n y legislaci\u00f3n, buscando siempre beneficiar a su provincia. Su motivaci\u00f3n para ser asamble\u00edsta radica en su profundo deseo de proteger a los sectores m\u00e1s vulnerables de la sociedad. A lo largo de su carrera, ha centrado su trabajo en la defensa de los derechos humanos, guiado por principios de honestidad, transparencia y \u00e9tica. Andrea est\u00e1 convencida de que desde la Asamblea Nacional puede seguir legislando y fiscalizando para mejorar la vida de los ciudadanos de Zamora Chinchipe Como zamorana chinchipense, Andrea Rivadeneira tiene un profundo amor por su provincia y un claro anhelo de ver prosperar a su tierra. Zamora Chinchipe es rica en recursos naturales\u2014flora, fauna, turismo, agricultura, ganader\u00eda y miner\u00eda\u2014y Andrea est\u00e1 comprometida con asegurar que todos estos sectores cuenten con el respaldo normativo necesario para operar con seguridad jur\u00eddica. Su lucha constante es garantizar que los recursos de su provincia sean utilizados de manera correcta y eficiente. Para Andrea, el bienestar de Zamora Chinchipe es su prioridad. Su prop\u00f3sito es velar porque su tierra, conocida por ser hogar de gente honesta y trabajadora, avanzar hacia un futuro pr\u00f3spero. Legado y compromiso Con 36 a\u00f1os, Andrea Rivadeneira se encuentra en una etapa crucial de su carrera, donde su compromiso con la protecci\u00f3n de los derechos humanos y el desarrollo de Zamora Chinchipe se ha consolidado como el eje central de su vida. Su posici\u00f3n como Asamble\u00edsta le brinda una plataforma poderosa para impulsar iniciativas que benefician tanto a su provincia como al pa\u00eds, siempre guiada por los valores de honestidad y transparencia que sus padres le inculcaron. Andrea tambi\u00e9n mantiene vivo el legado de su amigo y compa\u00f1ero Fernando Villavicencio, cuya lucha contra la corrupci\u00f3n y por la justicia social sigue inspirando su trabajo diario. Con la convicci\u00f3n de que el cambio es posible a trav\u00e9s del esfuerzo y la \u00e9tica, Andrea Rivadeneira contin\u00faa su camino en la pol\u00edtica, comprometida con la transparencia, la \u00e9tica y el bienestar de todos los ciudadanos de Zamora. Su trayectoria est\u00e1 marcada por un compromiso inquebrantable con la justicia, la transparencia y el desarrollo sostenible de Zamora Chinchipe. A trav\u00e9s de su trabajo en la Asamblea Nacional, Andrea contin\u00faa luchando por un futuro mejor para su provincia y para todo el Ecuador, con la firme convicci\u00f3n de que, con principios s\u00f3lidos y una \u00e9tica inquebrantable, es posible construir un pa\u00eds m\u00e1s justo.<\/p>\n","protected":false},"author":1,"featured_media":18338,"comment_status":"open","ping_status":"open","sticky":false,"template":"","format":"standard","meta":{"footnotes":""},"categories":[243],"tags":[],"class_list":["post-18337","post","type-post","status-publish","format-standard","has-post-thumbnail","hentry","category-noticias-zamora"],"_links":{"self":[{"href":"https:\/\/www.elamazonico.com\/portal\/wp-json\/wp\/v2\/posts\/18337","targetHints":{"allow":["GET"]}}],"collection":[{"href":"https:\/\/www.elamazonico.com\/portal\/wp-json\/wp\/v2\/posts"}],"about":[{"href":"https:\/\/www.elamazonico.com\/portal\/wp-json\/wp\/v2\/types\/post"}],"author":[{"embeddable":true,"href":"https:\/\/www.elamazonico.com\/portal\/wp-json\/wp\/v2\/users\/1"}],"replies":[{"embeddable":true,"href":"https:\/\/www.elamazonico.com\/portal\/wp-json\/wp\/v2\/comments?post=18337"}],"version-history":[{"count":1,"href":"https:\/\/www.elamazonico.com\/portal\/wp-json\/wp\/v2\/posts\/18337\/revisions"}],"predecessor-version":[{"id":18339,"href":"https:\/\/www.elamazonico.com\/portal\/wp-json\/wp\/v2\/posts\/18337\/revisions\/18339"}],"wp:featuredmedia":[{"embeddable":true,"href":"https:\/\/www.elamazonico.com\/portal\/wp-json\/wp\/v2\/media\/18338"}],"wp:attachment":[{"href":"https:\/\/www.elamazonico.com\/portal\/wp-json\/wp\/v2\/media?parent=18337"}],"wp:term":[{"taxonomy":"category","embeddable":true,"href":"https:\/\/www.elamazonico.com\/portal\/wp-json\/wp\/v2\/categories?post=18337"},{"taxonomy":"post_tag","embeddable":true,"href":"https:\/\/www.elamazonico.com\/portal\/wp-json\/wp\/v2\/tags?post=18337"}],"curies":[{"name":"wp","href":"https:\/\/api.w.org\/{rel}","templated":true}]}}