{"id":18325,"date":"2024-08-24T10:05:40","date_gmt":"2024-08-24T15:05:40","guid":{"rendered":"https:\/\/www.elamazonico.com\/portal\/?p=18325"},"modified":"2024-08-24T10:05:40","modified_gmt":"2024-08-24T15:05:40","slug":"diana-salazar-sobre-wilman-teran-manifiesta-a-viva-voz-que-aun-mantiene-control-total-de-la-corte-nacional","status":"publish","type":"post","link":"https:\/\/www.elamazonico.com\/portal\/diana-salazar-sobre-wilman-teran-manifiesta-a-viva-voz-que-aun-mantiene-control-total-de-la-corte-nacional\/","title":{"rendered":"Diana Salazar sobre Wilman Ter\u00e1n: &#8216;Manifiesta a viva voz que a\u00fan mantiene control total de la Corte Nacional&#8217;"},"content":{"rendered":"<p>La fiscal general\u00a0<b><a href=\"https:\/\/www.vistazo.com\/politica\/nacional\/2024-19-08-diana-salazar-narco-juicio-politico-CG7866589\">Diana Salazar<\/a><\/b>\u00a0rompi\u00f3 el silencio sobre varios temas que han sido cuestionados en las \u00faltimas semanas. Asegur\u00f3 que el juicio pol\u00edtico en su contra es una<b>\u00a0estrategia para tratar de debilitarla<\/b>. Adem\u00e1s, defendi\u00f3 los\u00a0<b>allanamientos en la Corte Nacional de Justicia<\/b>\u00a0y revel\u00f3 que\u00a0<b><a href=\"https:\/\/www.vistazo.com\/politica\/nacional\/wilman-teran-deseaba-ser-presidente-de-ecuador-queria-utilizar-la-judicatura-como-su-catapulta-AJ7139376\">Wilman Ter\u00e1n<\/a><\/b>\u00a0trata de convencer a sus compa\u00f1eros de celda para que no se acojan al procedimiento abreviado.<\/p>\n<p class=\"p_2\"><b>\u201cEstoy segura de que no existen razones ni pol\u00edticas, ni jur\u00eddicas, para ser objeto de censura\u201d<\/b>, apunt\u00f3 la funcionaria en entrevista con\u00a0<a href=\"https:\/\/www.youtube.com\/watch?v=bBJjpoTMfTU\" rel=\"nofollow\">Ecuavisa<\/a>\u00a0sobre el pedido que hizo para que se reactive el proceso de fiscalizaci\u00f3n en su contra en la Asamblea Nacional.<\/p>\n<p class=\"p_3\">Reiter\u00f3 que se trata de un\u00a0<b>\u201cnarcojuicio\u201d<\/b>, puesto que los casos Met\u00e1stasis, Purga y Plaga \u201chan demostrado c\u00f3mo algunos partidos pol\u00edticos, uno en especial, han sido tocados por el narcotr\u00e1fico y tambi\u00e9n por la delincuencia organizada\u201d.<\/p>\n<p class=\"p_4\">Salazar dijo que el objetivo de ese proceso es debilitarla y \u201cgenerar impunidad\u201d, lo cual manifest\u00f3 ya qued\u00f3 en evidencia cuando Wilman Ter\u00e1n, expresidente del Consejo de la Judicatura,\u00a0<b><a href=\"https:\/\/www.vistazo.com\/politica\/nacional\/wilman-teran-y-maribel-barreno-no-fueron-censurados-por-la-asamblea-en-el-juicio-politico-en-su-contra-KE7688936\">fue salvado de la censura pol\u00edtica en la Asamblea<\/a><\/b>.<\/p>\n<p class=\"p_5\">\u201cEste juicio pol\u00edtico no responde m\u00e1s que a una\u00a0<b>revancha de la delincuencia organizada<\/b>\u00a0por haber develado la estructura que manten\u00edan al interior del Estado ecuatoriano\u201d, acot\u00f3 la titular del Ministerio P\u00fablico.<\/p>\n<p class=\"p_6\">Agreg\u00f3 que \u201cser\u00e1 el pueblo ecuatoriano quien juzgue\u201d y pidi\u00f3 que se respeten los tiempos de su maternidad. \u201cQue no se les ocurra llamarme a comparecer a d\u00edas en que yo ya tenga que retirarme por la licencia\u201d.<\/p>\n<div class=\"multimediaMacroWrapper img lateral\">\n<figure class=\"contentMedia art-img\">\n<div><img fetchpriority=\"high\" decoding=\"async\" class=\" lazyloaded\" title=\"Diana Salazar rompi\u00f3 el silencio.\" src=\"https:\/\/www.vistazo.com\/placeholder\/svg\/viewbox\/768x512\" sizes=\"100vw\" srcset=\"\/\/www.vistazo.com\/binrepository\/768x512\/0c0\/0d0\/none\/12727\/IVIJ\/gvqtbo3xeaa94n2_1708980_20240823111845.jpg 768w,\/\/www.vistazo.com\/binrepository\/640x427\/0c0\/0d0\/none\/12727\/IVLS\/gvqtbo3xeaa94n2_1708980_20240823111845.jpg 640w,\/\/www.vistazo.com\/binrepository\/512x341\/0c0\/0d0\/none\/12727\/IVJV\/gvqtbo3xeaa94n2_1708980_20240823111845.jpg 512w,\/\/www.vistazo.com\/binrepository\/384x256\/0c0\/0d0\/none\/12727\/IVMO\/gvqtbo3xeaa94n2_1708980_20240823111845.jpg 384w,\/\/www.vistazo.com\/binrepository\/300x200\/0c0\/0d0\/none\/12727\/IVKV\/gvqtbo3xeaa94n2_1708980_20240823111845.jpg 300w\" alt=\"$!Diana Salazar rompi\u00f3 el silencio.\" width=\"768\" height=\"512\" data-srcset=\"\/\/www.vistazo.com\/binrepository\/768x512\/0c0\/0d0\/none\/12727\/IVIJ\/gvqtbo3xeaa94n2_1708980_20240823111845.jpg 768w,\/\/www.vistazo.com\/binrepository\/640x427\/0c0\/0d0\/none\/12727\/IVLS\/gvqtbo3xeaa94n2_1708980_20240823111845.jpg 640w,\/\/www.vistazo.com\/binrepository\/512x341\/0c0\/0d0\/none\/12727\/IVJV\/gvqtbo3xeaa94n2_1708980_20240823111845.jpg 512w,\/\/www.vistazo.com\/binrepository\/384x256\/0c0\/0d0\/none\/12727\/IVMO\/gvqtbo3xeaa94n2_1708980_20240823111845.jpg 384w,\/\/www.vistazo.com\/binrepository\/300x200\/0c0\/0d0\/none\/12727\/IVKV\/gvqtbo3xeaa94n2_1708980_20240823111845.jpg 300w\" \/><\/div>\n<div class=\"cutline-byline\"><span class=\"cutline-text\">Diana Salazar rompi\u00f3 el silencio.<\/span>\u00a0<span class=\"byline-image\">(Foto: Fiscal\u00eda )<\/span><\/div>\n<\/figure>\n<\/div>\n<h2 class=\"h2vistazo\">ALLANAMIENTO EN CORTE NACIONAL<\/h2>\n<div class=\"paragraph texto\">\n<p class=\"p_7\"><a href=\"https:\/\/www.vistazo.com\/actualidad\/nacional\/2024-08-16-allanan-vivienda-oficinas-de-juezas-favorecido-wilman-teran-carcel-la-roca-YN7852573\">El viernes 16 de agosto<\/a>, la Fiscal\u00eda y la Polic\u00eda allanaron un domicilio y las oficinas de dos jueces de la Corte Nacional de Justicia, quienes habr\u00edan incurrido en el\u00a0<b>presunto delito de cohecho\u00a0<\/b>al beneficiar a Wilman Ter\u00e1n con un habeas corpus para su traslado de la prisi\u00f3n de m\u00e1xima seguridad La Roca, en Guayaquil, a la C\u00e1rcel 4, en Quito.<\/p>\n<p class=\"p_8\">Esta acci\u00f3n fue cuestionada en redes sociales y diversos internautas mencionaron que es una intromisi\u00f3n a la justicia. Sin embargo, Diana Salazar record\u00f3 que la legislaci\u00f3n ecuatoriana \u201cprev\u00e9 la posibilidad de que todas las personas en igualdad de condiciones seamos objeto de investigaciones\u201d.<\/p>\n<p class=\"p_9\">Apunt\u00f3 que \u201cno se trata de que la Fiscal\u00eda est\u00e1 inconforme con el fallo, sino que<b>\u00a0responde a una denuncia que se presenta<\/b>\u00a0y es nuestra obligaci\u00f3n no solo en este, sino en todos los casos, actuar\u201d.<\/p>\n<p class=\"p_10\">As\u00ed mismo, defendi\u00f3 los allanamientos ya que permiten recabar indicios, por ejemplo, de los celulares u otros instrumentos tecnol\u00f3gicos antes de que las evidencias sean borradas.<\/p>\n<\/div>\n<div class=\"multimediaMacroWrapper img lateral\">\n<figure class=\"contentMedia art-img\">\n<div><img decoding=\"async\" class=\" lazyloaded\" title=\"Allanamientos Caso Confortable.\" src=\"https:\/\/www.vistazo.com\/placeholder\/svg\/viewbox\/768x432\" sizes=\"100vw\" srcset=\"\/\/www.vistazo.com\/binrepository\/768x432\/0c0\/0d0\/none\/12727\/QIWN\/heriberto-1200-1000-px-1200-x-12-1698_1708981_20240823111846.png 768w,\/\/www.vistazo.com\/binrepository\/640x360\/0c0\/0d0\/none\/12727\/QIWG\/heriberto-1200-1000-px-1200-x-12-1698_1708981_20240823111846.png 640w,\/\/www.vistazo.com\/binrepository\/512x288\/0c0\/0d0\/none\/12727\/QIWF\/heriberto-1200-1000-px-1200-x-12-1698_1708981_20240823111846.png 512w,\/\/www.vistazo.com\/binrepository\/384x216\/0c0\/0d0\/none\/12727\/QIWL\/heriberto-1200-1000-px-1200-x-12-1698_1708981_20240823111846.png 384w,\/\/www.vistazo.com\/binrepository\/300x169\/0c0\/0d0\/none\/12727\/QIWM\/heriberto-1200-1000-px-1200-x-12-1698_1708981_20240823111846.png 300w\" alt=\"$!Allanamientos Caso Confortable.\" width=\"768\" height=\"432\" data-srcset=\"\/\/www.vistazo.com\/binrepository\/768x432\/0c0\/0d0\/none\/12727\/QIWN\/heriberto-1200-1000-px-1200-x-12-1698_1708981_20240823111846.png 768w,\/\/www.vistazo.com\/binrepository\/640x360\/0c0\/0d0\/none\/12727\/QIWG\/heriberto-1200-1000-px-1200-x-12-1698_1708981_20240823111846.png 640w,\/\/www.vistazo.com\/binrepository\/512x288\/0c0\/0d0\/none\/12727\/QIWF\/heriberto-1200-1000-px-1200-x-12-1698_1708981_20240823111846.png 512w,\/\/www.vistazo.com\/binrepository\/384x216\/0c0\/0d0\/none\/12727\/QIWL\/heriberto-1200-1000-px-1200-x-12-1698_1708981_20240823111846.png 384w,\/\/www.vistazo.com\/binrepository\/300x169\/0c0\/0d0\/none\/12727\/QIWM\/heriberto-1200-1000-px-1200-x-12-1698_1708981_20240823111846.png 300w\" \/><\/div>\n<div class=\"cutline-byline\"><span class=\"cutline-text\">Allanamientos Caso Confortable.\u00a0<\/span><span class=\"byline-image\">(Foto: Fiscal\u00eda )<\/span><\/div>\n<\/figure>\n<\/div>\n<h2 class=\"h2vistazo\">WILMAN TER\u00c1N INTENTA PERSUADIR<\/h2>\n<div class=\"paragraph texto\">\n<p class=\"p_11\">La fiscal tambi\u00e9n revel\u00f3 que\u00a0<b>William Teran<\/b>\u00a0est\u00e1 intentando persuadir a sus compa\u00f1eros de celda en la C\u00e1rcel 4, y tambi\u00e9n procesados en el caso Met\u00e1stasis, para que no se acojan al procedimiento abreviado.<\/p>\n<p class=\"p_12\">\u201cPorque \u00e9l (Wilman Ter\u00e1n)<b>\u00a0manifiesta a viva voz que a\u00fan mantiene control total de la Corte Nacional de Justicia<\/b>. Es m\u00e1s, aquel d\u00eda jueves en el que se dict\u00f3 este fallo (el habeas corpus), \u00e9l lleg\u00f3 de forma victoriosa y dijo que es un d\u00eda de triunfo, ya van a ver por qu\u00e9\u201d.<\/p>\n<p class=\"p_13\">Prueba de ello, seg\u00fan cont\u00f3 la fiscal, es que el abogado\u00a0<b>C\u00e9sar \u00c1caro<\/b>\u00a0pidi\u00f3 aquel recurso, pero luego desisti\u00f3.<\/p>\n<\/div>\n<h2 class=\"h2vistazo\">MAFIA ALBANESA<\/h2>\n<div class=\"paragraph texto\">\n<p class=\"p_14\">El pasado jueves, un medio digital difundi\u00f3 graves acusaciones en contra de la Fiscal\u00eda e incluso manifest\u00f3 que en aquella instituci\u00f3n hay personas vinculadas con la mafia albanesa, las cuales alertan a los criminales sobre operativos.<\/p>\n<p class=\"p_15\">Salazar indic\u00f3 que esas acusaciones son falsas y subray\u00f3 que la instituci\u00f3n que lidera viene investigando el\u00a0<b>caso Pampa\u00a0<\/b>desde diciembre del 2022, \u201cde manera reservada y no de forma aislada, sino con la cooperaci\u00f3n internacional de Espa\u00f1a\u201d.<\/p>\n<p class=\"p_16\">A\u00f1adi\u00f3 que\u00a0<b>Dritan Gjika<\/b>, cabecilla de la mafia albanesa, ya hab\u00eda huido del pa\u00eds cuando se inici\u00f3 el caso y otros miembros fueron procesados en Espa\u00f1a con cooperaci\u00f3n del Ministerio P\u00fablico del Ecuador.<\/p>\n<p class=\"p_17\">Finalmente, Salazar reiter\u00f3 que el caso est\u00e1\u00a0<b>a la espera de la audiencia preparatoria de juicio<\/b>\u00a0y que muchas de las empresas mencionadas por el medio digital han sido intervenidas por la Fiscal\u00eda en el marco del procesamiento de las personas jur\u00eddicas.<\/p>\n<\/div>\n","protected":false},"excerpt":{"rendered":"<p>La fiscal general\u00a0Diana Salazar\u00a0rompi\u00f3 el silencio sobre varios temas que han sido cuestionados en las \u00faltimas semanas. Asegur\u00f3 que el juicio pol\u00edtico en su contra es una\u00a0estrategia para tratar de debilitarla. Adem\u00e1s, defendi\u00f3 los\u00a0allanamientos en la Corte Nacional de Justicia\u00a0y revel\u00f3 que\u00a0Wilman Ter\u00e1n\u00a0trata de convencer a sus compa\u00f1eros de celda para que no se acojan al procedimiento abreviado. \u201cEstoy segura de que no existen razones ni pol\u00edticas, ni jur\u00eddicas, para ser objeto de censura\u201d, apunt\u00f3 la funcionaria en entrevista con\u00a0Ecuavisa\u00a0sobre el pedido que hizo para que se reactive el proceso de fiscalizaci\u00f3n en su contra en la Asamblea Nacional. Reiter\u00f3 que se trata de un\u00a0\u201cnarcojuicio\u201d, puesto que los casos Met\u00e1stasis, Purga y Plaga \u201chan demostrado c\u00f3mo algunos partidos pol\u00edticos, uno en especial, han sido tocados por el narcotr\u00e1fico y tambi\u00e9n por la delincuencia organizada\u201d. Salazar dijo que el objetivo de ese proceso es debilitarla y \u201cgenerar impunidad\u201d, lo cual manifest\u00f3 ya qued\u00f3 en evidencia cuando Wilman Ter\u00e1n, expresidente del Consejo de la Judicatura,\u00a0fue salvado de la censura pol\u00edtica en la Asamblea. \u201cEste juicio pol\u00edtico no responde m\u00e1s que a una\u00a0revancha de la delincuencia organizada\u00a0por haber develado la estructura que manten\u00edan al interior del Estado ecuatoriano\u201d, acot\u00f3 la titular del Ministerio P\u00fablico. Agreg\u00f3 que \u201cser\u00e1 el pueblo ecuatoriano quien juzgue\u201d y pidi\u00f3 que se respeten los tiempos de su maternidad. \u201cQue no se les ocurra llamarme a comparecer a d\u00edas en que yo ya tenga que retirarme por la licencia\u201d. Diana Salazar rompi\u00f3 el silencio.\u00a0(Foto: Fiscal\u00eda ) ALLANAMIENTO EN CORTE NACIONAL El viernes 16 de agosto, la Fiscal\u00eda y la Polic\u00eda allanaron un domicilio y las oficinas de dos jueces de la Corte Nacional de Justicia, quienes habr\u00edan incurrido en el\u00a0presunto delito de cohecho\u00a0al beneficiar a Wilman Ter\u00e1n con un habeas corpus para su traslado de la prisi\u00f3n de m\u00e1xima seguridad La Roca, en Guayaquil, a la C\u00e1rcel 4, en Quito. Esta acci\u00f3n fue cuestionada en redes sociales y diversos internautas mencionaron que es una intromisi\u00f3n a la justicia. Sin embargo, Diana Salazar record\u00f3 que la legislaci\u00f3n ecuatoriana \u201cprev\u00e9 la posibilidad de que todas las personas en igualdad de condiciones seamos objeto de investigaciones\u201d. Apunt\u00f3 que \u201cno se trata de que la Fiscal\u00eda est\u00e1 inconforme con el fallo, sino que\u00a0responde a una denuncia que se presenta\u00a0y es nuestra obligaci\u00f3n no solo en este, sino en todos los casos, actuar\u201d. As\u00ed mismo, defendi\u00f3 los allanamientos ya que permiten recabar indicios, por ejemplo, de los celulares u otros instrumentos tecnol\u00f3gicos antes de que las evidencias sean borradas. Allanamientos Caso Confortable.\u00a0(Foto: Fiscal\u00eda ) WILMAN TER\u00c1N INTENTA PERSUADIR La fiscal tambi\u00e9n revel\u00f3 que\u00a0William Teran\u00a0est\u00e1 intentando persuadir a sus compa\u00f1eros de celda en la C\u00e1rcel 4, y tambi\u00e9n procesados en el caso Met\u00e1stasis, para que no se acojan al procedimiento abreviado. \u201cPorque \u00e9l (Wilman Ter\u00e1n)\u00a0manifiesta a viva voz que a\u00fan mantiene control total de la Corte Nacional de Justicia. Es m\u00e1s, aquel d\u00eda jueves en el que se dict\u00f3 este fallo (el habeas corpus), \u00e9l lleg\u00f3 de forma victoriosa y dijo que es un d\u00eda de triunfo, ya van a ver por qu\u00e9\u201d. Prueba de ello, seg\u00fan cont\u00f3 la fiscal, es que el abogado\u00a0C\u00e9sar \u00c1caro\u00a0pidi\u00f3 aquel recurso, pero luego desisti\u00f3. MAFIA ALBANESA El pasado jueves, un medio digital difundi\u00f3 graves acusaciones en contra de la Fiscal\u00eda e incluso manifest\u00f3 que en aquella instituci\u00f3n hay personas vinculadas con la mafia albanesa, las cuales alertan a los criminales sobre operativos. Salazar indic\u00f3 que esas acusaciones son falsas y subray\u00f3 que la instituci\u00f3n que lidera viene investigando el\u00a0caso Pampa\u00a0desde diciembre del 2022, \u201cde manera reservada y no de forma aislada, sino con la cooperaci\u00f3n internacional de Espa\u00f1a\u201d. A\u00f1adi\u00f3 que\u00a0Dritan Gjika, cabecilla de la mafia albanesa, ya hab\u00eda huido del pa\u00eds cuando se inici\u00f3 el caso y otros miembros fueron procesados en Espa\u00f1a con cooperaci\u00f3n del Ministerio P\u00fablico del Ecuador. Finalmente, Salazar reiter\u00f3 que el caso est\u00e1\u00a0a la espera de la audiencia preparatoria de juicio\u00a0y que muchas de las empresas mencionadas por el medio digital han sido intervenidas por la Fiscal\u00eda en el marco del procesamiento de las personas jur\u00eddicas.<\/p>\n","protected":false},"author":1,"featured_media":18326,"comment_status":"open","ping_status":"open","sticky":false,"template":"","format":"standard","meta":{"footnotes":""},"categories":[268],"tags":[],"class_list":["post-18325","post","type-post","status-publish","format-standard","has-post-thumbnail","hentry","category-nacionales"],"_links":{"self":[{"href":"https:\/\/www.elamazonico.com\/portal\/wp-json\/wp\/v2\/posts\/18325","targetHints":{"allow":["GET"]}}],"collection":[{"href":"https:\/\/www.elamazonico.com\/portal\/wp-json\/wp\/v2\/posts"}],"about":[{"href":"https:\/\/www.elamazonico.com\/portal\/wp-json\/wp\/v2\/types\/post"}],"author":[{"embeddable":true,"href":"https:\/\/www.elamazonico.com\/portal\/wp-json\/wp\/v2\/users\/1"}],"replies":[{"embeddable":true,"href":"https:\/\/www.elamazonico.com\/portal\/wp-json\/wp\/v2\/comments?post=18325"}],"version-history":[{"count":1,"href":"https:\/\/www.elamazonico.com\/portal\/wp-json\/wp\/v2\/posts\/18325\/revisions"}],"predecessor-version":[{"id":18327,"href":"https:\/\/www.elamazonico.com\/portal\/wp-json\/wp\/v2\/posts\/18325\/revisions\/18327"}],"wp:featuredmedia":[{"embeddable":true,"href":"https:\/\/www.elamazonico.com\/portal\/wp-json\/wp\/v2\/media\/18326"}],"wp:attachment":[{"href":"https:\/\/www.elamazonico.com\/portal\/wp-json\/wp\/v2\/media?parent=18325"}],"wp:term":[{"taxonomy":"category","embeddable":true,"href":"https:\/\/www.elamazonico.com\/portal\/wp-json\/wp\/v2\/categories?post=18325"},{"taxonomy":"post_tag","embeddable":true,"href":"https:\/\/www.elamazonico.com\/portal\/wp-json\/wp\/v2\/tags?post=18325"}],"curies":[{"name":"wp","href":"https:\/\/api.w.org\/{rel}","templated":true}]}}