{"id":18318,"date":"2024-08-23T10:06:36","date_gmt":"2024-08-23T15:06:36","guid":{"rendered":"https:\/\/www.elamazonico.com\/portal\/?p=18318"},"modified":"2024-08-23T10:06:36","modified_gmt":"2024-08-23T15:06:36","slug":"diana-salazar-no-existen-razones-politicas-ni-juridicas-para-justificar-mi-censura","status":"publish","type":"post","link":"https:\/\/www.elamazonico.com\/portal\/diana-salazar-no-existen-razones-politicas-ni-juridicas-para-justificar-mi-censura\/","title":{"rendered":"Diana Salazar: No existen razones pol\u00edticas ni jur\u00eddicas para justificar mi censura"},"content":{"rendered":"<p>La fiscal general del Estado, Diana Salazar, confirm\u00f3 este 19 de agosto de 2024 su disposici\u00f3n para enfrentar el juicio pol\u00edtico impulsado en su contra por el corre\u00edsmo en la Asamblea Nacional. Este proceso, que fue suspendido en mayo pasado debido a un embarazo de riesgo, ha sido reactivado tras la autorizaci\u00f3n m\u00e9dica que le permite retomar sus actividades.<\/p>\n<p>Salazar, en entrevista para Ecuavisa, afirm\u00f3 que no existen razones pol\u00edticas ni jur\u00eddicas para justificar su censura. Argument\u00f3 que las acusaciones responden a la contundencia con la que la Fiscal\u00eda ha logrado sentencias, especialmente en casos relacionados con el narcotr\u00e1fico y la delincuencia organizada. A su juicio, el juicio pol\u00edtico es una revancha de estas organizaciones, que han infiltrado instituciones p\u00fablicas y pol\u00edticas en el pa\u00eds.<\/p>\n<p>El juicio, calificado por Salazar como un \u00abnarcojuicio\u00bb, se origina en investigaciones como la operaci\u00f3n \u00abMet\u00e1stasis\u00bb, que expuso la infiltraci\u00f3n del crimen organizado en diversas esferas del Estado. Seg\u00fan la Fiscal, el proceso tiene como objetivo debilitar a la Fiscal\u00eda debido a sus esfuerzos por desmantelar redes criminales que operan dentro de las instituciones p\u00fablicas.<\/p>\n<p>\u201cLas razones del juicio pol\u00edtico no son otras que tratar de debilitar a la fiscal General, justamente cuando hemos liderado la mayor lucha contra el narcotr\u00e1fico, la delincuencia organizada, que ha infiltrado a las instituciones, a los pol\u00edticos y algunos medios digitales\u201d, subray\u00f3.<\/p>\n<p>La fiscal tambi\u00e9n defendi\u00f3 la actuaci\u00f3n de la Fiscal\u00eda en allanamientos recientes, como los realizados en las oficinas de las juezas Enma Tapia y Katherine Mu\u00f1oz, quienes permitieron el traslado del expresidente del Consejo de la Judicatura, Wilman Ter\u00e1n, desde La Roca hasta la C\u00e1rcel 4 de Quito.<\/p>\n<p>Salazar sostuvo que las investigaciones se llevan a cabo en cumplimiento de la ley y en respuesta a denuncias formales, sin relaci\u00f3n con inconformidades sobre fallos judiciales.<\/p>\n<p>Finalmente, Salazar defendi\u00f3 el uso de la cooperaci\u00f3n eficaz y el procedimiento abreviado como herramientas clave para la justicia, destacando que figuras vinculadas con la mafia estatal han colaborado voluntariamente para reducir sus penas, en contraste con otros miembros de organizaciones criminales que se niegan a colaborar.<\/p>\n","protected":false},"excerpt":{"rendered":"<p>La fiscal general del Estado, Diana Salazar, confirm\u00f3 este 19 de agosto de 2024 su disposici\u00f3n para enfrentar el juicio pol\u00edtico impulsado en su contra por el corre\u00edsmo en la Asamblea Nacional. Este proceso, que fue suspendido en mayo pasado debido a un embarazo de riesgo, ha sido reactivado tras la autorizaci\u00f3n m\u00e9dica que le permite retomar sus actividades. Salazar, en entrevista para Ecuavisa, afirm\u00f3 que no existen razones pol\u00edticas ni jur\u00eddicas para justificar su censura. Argument\u00f3 que las acusaciones responden a la contundencia con la que la Fiscal\u00eda ha logrado sentencias, especialmente en casos relacionados con el narcotr\u00e1fico y la delincuencia organizada. A su juicio, el juicio pol\u00edtico es una revancha de estas organizaciones, que han infiltrado instituciones p\u00fablicas y pol\u00edticas en el pa\u00eds. El juicio, calificado por Salazar como un \u00abnarcojuicio\u00bb, se origina en investigaciones como la operaci\u00f3n \u00abMet\u00e1stasis\u00bb, que expuso la infiltraci\u00f3n del crimen organizado en diversas esferas del Estado. Seg\u00fan la Fiscal, el proceso tiene como objetivo debilitar a la Fiscal\u00eda debido a sus esfuerzos por desmantelar redes criminales que operan dentro de las instituciones p\u00fablicas. \u201cLas razones del juicio pol\u00edtico no son otras que tratar de debilitar a la fiscal General, justamente cuando hemos liderado la mayor lucha contra el narcotr\u00e1fico, la delincuencia organizada, que ha infiltrado a las instituciones, a los pol\u00edticos y algunos medios digitales\u201d, subray\u00f3. La fiscal tambi\u00e9n defendi\u00f3 la actuaci\u00f3n de la Fiscal\u00eda en allanamientos recientes, como los realizados en las oficinas de las juezas Enma Tapia y Katherine Mu\u00f1oz, quienes permitieron el traslado del expresidente del Consejo de la Judicatura, Wilman Ter\u00e1n, desde La Roca hasta la C\u00e1rcel 4 de Quito. Salazar sostuvo que las investigaciones se llevan a cabo en cumplimiento de la ley y en respuesta a denuncias formales, sin relaci\u00f3n con inconformidades sobre fallos judiciales. Finalmente, Salazar defendi\u00f3 el uso de la cooperaci\u00f3n eficaz y el procedimiento abreviado como herramientas clave para la justicia, destacando que figuras vinculadas con la mafia estatal han colaborado voluntariamente para reducir sus penas, en contraste con otros miembros de organizaciones criminales que se niegan a colaborar.<\/p>\n","protected":false},"author":1,"featured_media":18319,"comment_status":"open","ping_status":"open","sticky":false,"template":"","format":"standard","meta":{"footnotes":""},"categories":[268],"tags":[],"class_list":["post-18318","post","type-post","status-publish","format-standard","has-post-thumbnail","hentry","category-nacionales"],"_links":{"self":[{"href":"https:\/\/www.elamazonico.com\/portal\/wp-json\/wp\/v2\/posts\/18318","targetHints":{"allow":["GET"]}}],"collection":[{"href":"https:\/\/www.elamazonico.com\/portal\/wp-json\/wp\/v2\/posts"}],"about":[{"href":"https:\/\/www.elamazonico.com\/portal\/wp-json\/wp\/v2\/types\/post"}],"author":[{"embeddable":true,"href":"https:\/\/www.elamazonico.com\/portal\/wp-json\/wp\/v2\/users\/1"}],"replies":[{"embeddable":true,"href":"https:\/\/www.elamazonico.com\/portal\/wp-json\/wp\/v2\/comments?post=18318"}],"version-history":[{"count":1,"href":"https:\/\/www.elamazonico.com\/portal\/wp-json\/wp\/v2\/posts\/18318\/revisions"}],"predecessor-version":[{"id":18320,"href":"https:\/\/www.elamazonico.com\/portal\/wp-json\/wp\/v2\/posts\/18318\/revisions\/18320"}],"wp:featuredmedia":[{"embeddable":true,"href":"https:\/\/www.elamazonico.com\/portal\/wp-json\/wp\/v2\/media\/18319"}],"wp:attachment":[{"href":"https:\/\/www.elamazonico.com\/portal\/wp-json\/wp\/v2\/media?parent=18318"}],"wp:term":[{"taxonomy":"category","embeddable":true,"href":"https:\/\/www.elamazonico.com\/portal\/wp-json\/wp\/v2\/categories?post=18318"},{"taxonomy":"post_tag","embeddable":true,"href":"https:\/\/www.elamazonico.com\/portal\/wp-json\/wp\/v2\/tags?post=18318"}],"curies":[{"name":"wp","href":"https:\/\/api.w.org\/{rel}","templated":true}]}}