{"id":18315,"date":"2024-08-23T10:03:28","date_gmt":"2024-08-23T15:03:28","guid":{"rendered":"https:\/\/www.elamazonico.com\/portal\/?p=18315"},"modified":"2024-08-23T10:03:28","modified_gmt":"2024-08-23T15:03:28","slug":"gobierno-comprara-10-000-vacunas-para-la-viruela-simica","status":"publish","type":"post","link":"https:\/\/www.elamazonico.com\/portal\/gobierno-comprara-10-000-vacunas-para-la-viruela-simica\/","title":{"rendered":"Gobierno comprar\u00e1 10.000 vacunas para la viruela s\u00edmica"},"content":{"rendered":"<p>El Ministerio de Salud (MSP) puso en marcha la compra de 10.000\u00a0vacunas para prevenir la viruela del mono o viruela s\u00edmica. La vacuna Gynneos llegar\u00e1 al pa\u00eds, seg\u00fan esta cartera de Estado, para inmunizar a quienes mantienen contacto con los casos positivos.<\/p>\n<div class=\"google-auto-placed ap_container\"><ins class=\"adsbygoogle adsbygoogle-noablate\" data-ad-format=\"auto\" data-ad-client=\"ca-pub-4257119852434871\" data-adsbygoogle-status=\"done\" data-ad-status=\"filled\"><\/p>\n<div id=\"aswift_3_host\"><iframe id=\"aswift_3\" tabindex=\"0\" title=\"Advertisement\" src=\"https:\/\/googleads.g.doubleclick.net\/pagead\/ads?gdpr=0&amp;client=ca-pub-4257119852434871&amp;output=html&amp;h=280&amp;adk=3863855146&amp;adf=3290523148&amp;w=840&amp;abgtt=6&amp;fwrn=4&amp;fwrnh=100&amp;lmt=1724425307&amp;num_ads=1&amp;rafmt=1&amp;armr=3&amp;sem=mc&amp;pwprc=2102549152&amp;ad_type=text_image&amp;format=840x280&amp;url=https%3A%2F%2Fwww.eltelegrafo.com.ec%2Fnoticias%2Fsalud%2F6%2Fgobierno-10-000-vacunas-viruela-simica&amp;fwr=0&amp;pra=3&amp;rh=200&amp;rw=839&amp;rpe=1&amp;resp_fmts=3&amp;wgl=1&amp;fa=27&amp;uach=WyJXaW5kb3dzIiwiMTAuMC4wIiwieDg2IiwiIiwiMTI3LjAuNjUzMy4xMjIiLG51bGwsMCxudWxsLCI2NCIsW1siTm90KUE7QnJhbmQiLCI5OS4wLjAuMCJdLFsiR29vZ2xlIENocm9tZSIsIjEyNy4wLjY1MzMuMTIyIl0sWyJDaHJvbWl1bSIsIjEyNy4wLjY1MzMuMTIyIl1dLDBd&amp;dt=1724425306910&amp;bpp=2&amp;bdt=1218&amp;idt=-M&amp;shv=r20240821&amp;mjsv=m202408150101&amp;ptt=9&amp;saldr=aa&amp;abxe=1&amp;cookie=ID%3D465c2541baf687a4%3AT%3D1699840113%3ART%3D1724425306%3AS%3DALNI_Ma8J3-ISjkQWbkwF4QK33swfyNVlA&amp;gpic=UID%3D00000da17ea21195%3AT%3D1699840113%3ART%3D1724425306%3AS%3DALNI_MbOBheOVo1yYc5GwEp6KpuqxEH-ZQ&amp;eo_id_str=ID%3De0088eb6e82926d5%3AT%3D1721163177%3ART%3D1724425306%3AS%3DAA-AfjYJkqTKDs46iCazqpLbYVAa&amp;prev_fmts=0x0%2C1200x280%2C1005x124&amp;nras=4&amp;correlator=4561164194189&amp;frm=20&amp;pv=1&amp;u_tz=-300&amp;u_his=3&amp;u_h=768&amp;u_w=1366&amp;u_ah=728&amp;u_aw=1366&amp;u_cd=24&amp;u_sd=0.75&amp;dmc=8&amp;adx=263&amp;ady=1396&amp;biw=1798&amp;bih=785&amp;scr_x=0&amp;scr_y=0&amp;eid=44759876%2C44759927%2C44759842%2C42531706%2C95334828%2C95338227%2C95335249&amp;oid=2&amp;psts=AOrYGskyTn9gvMcOOye-90NSePDwWHl_uCOcKfgbPK3WqYdlKK8JNr4NJokxqIlrsW1eciKTO0NsN0SCbOPH7_S0Sx_bpUjKjp-XagTnujQLyOudsDIQSA%2CAOrYGsmPZ5IKoKzS_W8A0bnrdfqnt2enAbPW9UAj0S5Nq_6ht0MHEGU4DOLTZPmFJfH0A78B5rOWkZW09xkmzGZ3F8POjw&amp;pvsid=3728031837222299&amp;tmod=1770256904&amp;uas=0&amp;nvt=1&amp;ref=https%3A%2F%2Fwww.eltelegrafo.com.ec%2F&amp;fc=1408&amp;brdim=0%2C0%2C0%2C0%2C1366%2C0%2C1366%2C728%2C1821%2C785&amp;vis=1&amp;rsz=%7C%7Cs%7C&amp;abl=NS&amp;fu=128&amp;bc=31&amp;bz=0.75&amp;td=1&amp;tdf=2&amp;psd=W251bGwsbnVsbCxudWxsLDNd&amp;nt=1&amp;ifi=4&amp;uci=a!4&amp;btvi=2&amp;fsb=1&amp;dtd=284\" name=\"aswift_3\" width=\"840\" height=\"280\" frameborder=\"0\" marginwidth=\"0\" marginheight=\"0\" scrolling=\"no\" sandbox=\"allow-forms allow-popups allow-popups-to-escape-sandbox allow-same-origin allow-scripts allow-top-navigation-by-user-activation\" data-google-container-id=\"a!4\" aria-label=\"Advertisement\" data-google-query-id=\"CNyoiO-wi4gDFSyrjggdLLAeOw\" data-load-complete=\"true\" data-mce-fragment=\"1\"><\/iframe><\/div>\n<p><\/ins><\/div>\n<p>Seg\u00fan expertos, las vacunas se deben aplicar a quienes est\u00e1n dentro del c\u00edrculo de contagio. Tambi\u00e9n\u00a0debe aplicarse\u00a0vacunas preventivas a quienes mantengan contacto con estos pacientes.<\/p>\n<p>El MSP aclar\u00f3 que en Ecuador no hay casos de la nueva variante de la viruela del mono. Este virus proveniente del Congo se extiende por \u00c1frica con rapidez, pero no ha llegado a Latinoam\u00e9rica, seg\u00fan la Organizaci\u00f3n Panamericana de la Salud.<\/p>\n<p>La instituci\u00f3n indic\u00f3 que durante este a\u00f1o se han detectado siete casos de la variante clado 2 y otros tres est\u00e1n en seguimiento epidemiol\u00f3gico de parte del personal de salud, al ser recientes.<\/p>\n<p>\u00bfCu\u00e1les son los s\u00edntomas de la \u2018viruela del mono\u2019?<\/p>\n<ul>\n<li aria-level=\"1\">Llagas, parecidas a picaduras y ampollas.<\/li>\n<li aria-level=\"1\">Dolor de cabeza<\/li>\n<li aria-level=\"1\">Fiebre y escalofr\u00edos.<\/li>\n<li aria-level=\"1\">Dolor muscular<\/li>\n<li aria-level=\"1\">Ganglios inflamados<\/li>\n<li aria-level=\"1\">Cansancio<\/li>\n<\/ul>\n<p>\u00bfC\u00f3mo se contagia?<\/p>\n<ul>\n<li aria-level=\"1\">Al tocar las ampollas o costras de piel infectada<\/li>\n<li aria-level=\"1\">Al tener contacto con s\u00e1banas, toallas y prendas de personas infectadas<\/li>\n<li aria-level=\"1\">Por exposici\u00f3n a tos o estornudos de una persona infectada<\/li>\n<li aria-level=\"1\">Por contacto sexual<\/li>\n<\/ul>\n","protected":false},"excerpt":{"rendered":"<p>El Ministerio de Salud (MSP) puso en marcha la compra de 10.000\u00a0vacunas para prevenir la viruela del mono o viruela s\u00edmica. La vacuna Gynneos llegar\u00e1 al pa\u00eds, seg\u00fan esta cartera de Estado, para inmunizar a quienes mantienen contacto con los casos positivos. Seg\u00fan expertos, las vacunas se deben aplicar a quienes est\u00e1n dentro del c\u00edrculo de contagio. Tambi\u00e9n\u00a0debe aplicarse\u00a0vacunas preventivas a quienes mantengan contacto con estos pacientes. El MSP aclar\u00f3 que en Ecuador no hay casos de la nueva variante de la viruela del mono. Este virus proveniente del Congo se extiende por \u00c1frica con rapidez, pero no ha llegado a Latinoam\u00e9rica, seg\u00fan la Organizaci\u00f3n Panamericana de la Salud. La instituci\u00f3n indic\u00f3 que durante este a\u00f1o se han detectado siete casos de la variante clado 2 y otros tres est\u00e1n en seguimiento epidemiol\u00f3gico de parte del personal de salud, al ser recientes. \u00bfCu\u00e1les son los s\u00edntomas de la \u2018viruela del mono\u2019? Llagas, parecidas a picaduras y ampollas. Dolor de cabeza Fiebre y escalofr\u00edos. Dolor muscular Ganglios inflamados Cansancio \u00bfC\u00f3mo se contagia? Al tocar las ampollas o costras de piel infectada Al tener contacto con s\u00e1banas, toallas y prendas de personas infectadas Por exposici\u00f3n a tos o estornudos de una persona infectada Por contacto sexual<\/p>\n","protected":false},"author":1,"featured_media":18316,"comment_status":"open","ping_status":"open","sticky":false,"template":"","format":"standard","meta":{"footnotes":""},"categories":[268],"tags":[],"class_list":["post-18315","post","type-post","status-publish","format-standard","has-post-thumbnail","hentry","category-nacionales"],"_links":{"self":[{"href":"https:\/\/www.elamazonico.com\/portal\/wp-json\/wp\/v2\/posts\/18315","targetHints":{"allow":["GET"]}}],"collection":[{"href":"https:\/\/www.elamazonico.com\/portal\/wp-json\/wp\/v2\/posts"}],"about":[{"href":"https:\/\/www.elamazonico.com\/portal\/wp-json\/wp\/v2\/types\/post"}],"author":[{"embeddable":true,"href":"https:\/\/www.elamazonico.com\/portal\/wp-json\/wp\/v2\/users\/1"}],"replies":[{"embeddable":true,"href":"https:\/\/www.elamazonico.com\/portal\/wp-json\/wp\/v2\/comments?post=18315"}],"version-history":[{"count":1,"href":"https:\/\/www.elamazonico.com\/portal\/wp-json\/wp\/v2\/posts\/18315\/revisions"}],"predecessor-version":[{"id":18317,"href":"https:\/\/www.elamazonico.com\/portal\/wp-json\/wp\/v2\/posts\/18315\/revisions\/18317"}],"wp:featuredmedia":[{"embeddable":true,"href":"https:\/\/www.elamazonico.com\/portal\/wp-json\/wp\/v2\/media\/18316"}],"wp:attachment":[{"href":"https:\/\/www.elamazonico.com\/portal\/wp-json\/wp\/v2\/media?parent=18315"}],"wp:term":[{"taxonomy":"category","embeddable":true,"href":"https:\/\/www.elamazonico.com\/portal\/wp-json\/wp\/v2\/categories?post=18315"},{"taxonomy":"post_tag","embeddable":true,"href":"https:\/\/www.elamazonico.com\/portal\/wp-json\/wp\/v2\/tags?post=18315"}],"curies":[{"name":"wp","href":"https:\/\/api.w.org\/{rel}","templated":true}]}}