{"id":18311,"date":"2024-08-23T06:46:19","date_gmt":"2024-08-23T11:46:19","guid":{"rendered":"https:\/\/www.elamazonico.com\/portal\/?p=18311"},"modified":"2024-08-23T06:46:19","modified_gmt":"2024-08-23T11:46:19","slug":"lista-20-oficializo-la-precandidatura-de-johnson-burguan-como-asambleista-principal-por-zamora-chinchipe","status":"publish","type":"post","link":"https:\/\/www.elamazonico.com\/portal\/lista-20-oficializo-la-precandidatura-de-johnson-burguan-como-asambleista-principal-por-zamora-chinchipe\/","title":{"rendered":"Lista 20 oficializ\u00f3 la precandidatura de Johnson Burgu\u00e1n como Asamble\u00edsta principal por Zamora Chinchipe"},"content":{"rendered":"<p>El movimiento Democracia S\u00cd, lista 20, cumpli\u00f3 con el siguiente paso electoral al congregarse en las instalaciones del Consejo Nacional Electoral (CNE) para formalizar la precandidatura de Johnson Burgu\u00e1n como asamble\u00edsta principal por la provincia de Zamora Chinchipe. En este evento, tambi\u00e9n se oficializ\u00f3 a Yadira Cuenca como segunda principal, consolidando la dupla que representar\u00e1 a la lista 20 en las elecciones de febrero de 2025.<\/p>\n<p>Durante el acto, Johnson Burgu\u00e1n destac\u00f3 la relevancia de su precandidatura, afirmando que, aunque su campa\u00f1a ya est\u00e1 en marcha, el movimiento Democracia S\u00cd se mantiene abierto a explorar posibles alianzas. Estas alianzas buscar\u00e1n fortalecer su propuesta electoral, con miras a consolidar una base s\u00f3lida de apoyo que permita a la lista 20 alcanzar sus objetivos en los pr\u00f3ximos comicios.<\/p>\n<p>El evento se desarroll\u00f3 en un ambiente de entusiasmo y convicci\u00f3n, donde los militantes de Democracia S\u00cd manifestaron su respaldo incondicional a Burgu\u00e1n. Este apoyo refleja la confianza depositada en su capacidad para representar y defender los intereses de Zamora Chinchipe en la Asamblea Nacional, una tarea que Burgu\u00e1n ha asumido con responsabilidad y compromiso.<\/p>\n","protected":false},"excerpt":{"rendered":"<p>El movimiento Democracia S\u00cd, lista 20, cumpli\u00f3 con el siguiente paso electoral al congregarse en las instalaciones del Consejo Nacional Electoral (CNE) para formalizar la precandidatura de Johnson Burgu\u00e1n como asamble\u00edsta principal por la provincia de Zamora Chinchipe. En este evento, tambi\u00e9n se oficializ\u00f3 a Yadira Cuenca como segunda principal, consolidando la dupla que representar\u00e1 a la lista 20 en las elecciones de febrero de 2025. Durante el acto, Johnson Burgu\u00e1n destac\u00f3 la relevancia de su precandidatura, afirmando que, aunque su campa\u00f1a ya est\u00e1 en marcha, el movimiento Democracia S\u00cd se mantiene abierto a explorar posibles alianzas. Estas alianzas buscar\u00e1n fortalecer su propuesta electoral, con miras a consolidar una base s\u00f3lida de apoyo que permita a la lista 20 alcanzar sus objetivos en los pr\u00f3ximos comicios. El evento se desarroll\u00f3 en un ambiente de entusiasmo y convicci\u00f3n, donde los militantes de Democracia S\u00cd manifestaron su respaldo incondicional a Burgu\u00e1n. Este apoyo refleja la confianza depositada en su capacidad para representar y defender los intereses de Zamora Chinchipe en la Asamblea Nacional, una tarea que Burgu\u00e1n ha asumido con responsabilidad y compromiso.<\/p>\n","protected":false},"author":1,"featured_media":18312,"comment_status":"open","ping_status":"open","sticky":false,"template":"","format":"standard","meta":{"footnotes":""},"categories":[243],"tags":[],"class_list":["post-18311","post","type-post","status-publish","format-standard","has-post-thumbnail","hentry","category-noticias-zamora"],"_links":{"self":[{"href":"https:\/\/www.elamazonico.com\/portal\/wp-json\/wp\/v2\/posts\/18311","targetHints":{"allow":["GET"]}}],"collection":[{"href":"https:\/\/www.elamazonico.com\/portal\/wp-json\/wp\/v2\/posts"}],"about":[{"href":"https:\/\/www.elamazonico.com\/portal\/wp-json\/wp\/v2\/types\/post"}],"author":[{"embeddable":true,"href":"https:\/\/www.elamazonico.com\/portal\/wp-json\/wp\/v2\/users\/1"}],"replies":[{"embeddable":true,"href":"https:\/\/www.elamazonico.com\/portal\/wp-json\/wp\/v2\/comments?post=18311"}],"version-history":[{"count":1,"href":"https:\/\/www.elamazonico.com\/portal\/wp-json\/wp\/v2\/posts\/18311\/revisions"}],"predecessor-version":[{"id":18313,"href":"https:\/\/www.elamazonico.com\/portal\/wp-json\/wp\/v2\/posts\/18311\/revisions\/18313"}],"wp:featuredmedia":[{"embeddable":true,"href":"https:\/\/www.elamazonico.com\/portal\/wp-json\/wp\/v2\/media\/18312"}],"wp:attachment":[{"href":"https:\/\/www.elamazonico.com\/portal\/wp-json\/wp\/v2\/media?parent=18311"}],"wp:term":[{"taxonomy":"category","embeddable":true,"href":"https:\/\/www.elamazonico.com\/portal\/wp-json\/wp\/v2\/categories?post=18311"},{"taxonomy":"post_tag","embeddable":true,"href":"https:\/\/www.elamazonico.com\/portal\/wp-json\/wp\/v2\/tags?post=18311"}],"curies":[{"name":"wp","href":"https:\/\/api.w.org\/{rel}","templated":true}]}}