{"id":18305,"date":"2024-08-22T10:05:16","date_gmt":"2024-08-22T15:05:16","guid":{"rendered":"https:\/\/www.elamazonico.com\/portal\/?p=18305"},"modified":"2024-08-22T10:05:16","modified_gmt":"2024-08-22T15:05:16","slug":"la-salida-de-kronfle-provocara-un-reacomodo-en-la-asamblea-el-timon-pasa-a-manos-del-correismo","status":"publish","type":"post","link":"https:\/\/www.elamazonico.com\/portal\/la-salida-de-kronfle-provocara-un-reacomodo-en-la-asamblea-el-timon-pasa-a-manos-del-correismo\/","title":{"rendered":"La salida de Kronfle provocar\u00e1 un reacomodo en la Asamblea; el tim\u00f3n pasa a manos del corre\u00edsmo"},"content":{"rendered":"<div class=\"paragraph\">\n<p>A nueve meses de la\u00a0<b>integraci\u00f3n de la Asamblea Nacional\u00a0<\/b>del periodo 2023-2025, la conformaci\u00f3n pol\u00edtica ha cambiado. No solo porque las alianzas se deshicieron o por la migraci\u00f3n de los asamble\u00edstas de una bancada a otra, sino tambi\u00e9n por la antesala a las\u00a0<b><a href=\"https:\/\/www.ecuavisa.com\/metadatos\/-\/meta\/elecciones-2025\" target=\"_blank\" rel=\"noopener noreferrer\">elecciones de 2025<\/a><\/b>, en las que participar\u00e1n varios de los actuales asamble\u00edstas, dejando huecos en puestos clave.<\/p>\n<p>Quienes busquen candidatizarse para otra dignidad, distinta a la que actualmente desempe\u00f1an, deben renunciar al cargo para poder inscribir su postulaci\u00f3n. Ese es el caso del titular del\u00a0<b>Legislativo<\/b>, Henry Kronfle, que participar\u00e1 como candidato a la Presidencia de la Rep\u00fablica por el\u00a0<b>Partido Social Cristiano<\/b>.<\/p>\n<p>Mientras que, quienes buscan la reelecci\u00f3 deben pedir licencia por el tiempo que dura la\u00a0<b>campa\u00f1a electoral de primera vuelta<\/b>, es decir, 33 d\u00edas. Por ejemplo, la primera vicepresidenta de la Asamblea, Viviana Veloz, cobijada por la Revoluci\u00f3n Ciudadana, en la provincia\u00a0<b>Santo Domingo de los Ts\u00e1chilas<\/b>.<\/p>\n<p>Eso implica cambios en el m\u00e1ximo \u00f3rgano de la Asamblea, el\u00a0<b>Consejo de Administraci\u00f3n Legislativa (CAL)<\/b>, y en la conducci\u00f3n de la agenda de fiscalizaci\u00f3n y legislaci\u00f3n.<\/p>\n<\/div>\n<h2 class=\"h2-componente\">El Consejo de Administraci\u00f3n Legislativa quedar\u00e1 sin miembros por un mes<\/h2>\n<div class=\"paragraph\">\n<p>En noviembre de 2023, cuando los asamble\u00edstas iniciaron funciones, el corre\u00edsmo, socialcritianismo y oficialismo concretaron una alianza para la repartici\u00f3n de los\u00a0<b>principales puestos en la Asamblea<\/b>. El PSC consigui\u00f3 la Presidencia, con Kronfle; la Revoluci\u00f3n Ciudadana la primera vicepresidencia, con Veloz; y el oficialismo la segunda vicepresidencia, con Eckenner Recalde.<\/p>\n<p>Cuando Kronfle renuncie, lo que est\u00e1 previsto para principios de octubre, la Ley de la Funci\u00f3n Legislativa establece que Veloz debe asumir la Presidencia.<\/p>\n<p>Sin embargo, hay una disputa alrededor de qui\u00e9n tomar\u00e1 la Primera Vicepresidencia. En el\u00a0<b>Partido Social Cristiano<\/b>\u00a0defienden que, al ser una bancada y perder la principal representaci\u00f3n con Kronfle, tienen la posibilidad de llenar esa vacante. En Construye, en cambio, hay voces que reclaman que su representante, la asamble\u00edsta Alexandra Castillo, se separ\u00f3 de sus filas, por lo que ya no tienen nig\u00fan legislador que integre el CAL. En el oficialismo sugieren que Recalde asuma la Primera Vicepresidencia, a manera de sucesi\u00f3n.<\/p>\n<p>Ante esa confusi\u00f3n, el actual titular del Parlamento envi\u00f3 una consulta a la\u00a0<b>Procuradur\u00eda<\/b>\u00a0para destrabar las dudas.<\/p>\n<p>A ese problema, se suma otro:<b>\u00a0seis de los siete miembros del CAL buscan la reelecci\u00f3n<\/b>, la \u00fanica legisladora que no participar\u00e1 es Esther Cuesta, de la Revoluci\u00f3n Ciudadana, porque cumple su segundo periodo y ya no puede volver a reelegirse.<\/p>\n<\/div>\n","protected":false},"excerpt":{"rendered":"<p>A nueve meses de la\u00a0integraci\u00f3n de la Asamblea Nacional\u00a0del periodo 2023-2025, la conformaci\u00f3n pol\u00edtica ha cambiado. No solo porque las alianzas se deshicieron o por la migraci\u00f3n de los asamble\u00edstas de una bancada a otra, sino tambi\u00e9n por la antesala a las\u00a0elecciones de 2025, en las que participar\u00e1n varios de los actuales asamble\u00edstas, dejando huecos en puestos clave. Quienes busquen candidatizarse para otra dignidad, distinta a la que actualmente desempe\u00f1an, deben renunciar al cargo para poder inscribir su postulaci\u00f3n. Ese es el caso del titular del\u00a0Legislativo, Henry Kronfle, que participar\u00e1 como candidato a la Presidencia de la Rep\u00fablica por el\u00a0Partido Social Cristiano. Mientras que, quienes buscan la reelecci\u00f3 deben pedir licencia por el tiempo que dura la\u00a0campa\u00f1a electoral de primera vuelta, es decir, 33 d\u00edas. Por ejemplo, la primera vicepresidenta de la Asamblea, Viviana Veloz, cobijada por la Revoluci\u00f3n Ciudadana, en la provincia\u00a0Santo Domingo de los Ts\u00e1chilas. Eso implica cambios en el m\u00e1ximo \u00f3rgano de la Asamblea, el\u00a0Consejo de Administraci\u00f3n Legislativa (CAL), y en la conducci\u00f3n de la agenda de fiscalizaci\u00f3n y legislaci\u00f3n. El Consejo de Administraci\u00f3n Legislativa quedar\u00e1 sin miembros por un mes En noviembre de 2023, cuando los asamble\u00edstas iniciaron funciones, el corre\u00edsmo, socialcritianismo y oficialismo concretaron una alianza para la repartici\u00f3n de los\u00a0principales puestos en la Asamblea. El PSC consigui\u00f3 la Presidencia, con Kronfle; la Revoluci\u00f3n Ciudadana la primera vicepresidencia, con Veloz; y el oficialismo la segunda vicepresidencia, con Eckenner Recalde. Cuando Kronfle renuncie, lo que est\u00e1 previsto para principios de octubre, la Ley de la Funci\u00f3n Legislativa establece que Veloz debe asumir la Presidencia. Sin embargo, hay una disputa alrededor de qui\u00e9n tomar\u00e1 la Primera Vicepresidencia. En el\u00a0Partido Social Cristiano\u00a0defienden que, al ser una bancada y perder la principal representaci\u00f3n con Kronfle, tienen la posibilidad de llenar esa vacante. En Construye, en cambio, hay voces que reclaman que su representante, la asamble\u00edsta Alexandra Castillo, se separ\u00f3 de sus filas, por lo que ya no tienen nig\u00fan legislador que integre el CAL. En el oficialismo sugieren que Recalde asuma la Primera Vicepresidencia, a manera de sucesi\u00f3n. Ante esa confusi\u00f3n, el actual titular del Parlamento envi\u00f3 una consulta a la\u00a0Procuradur\u00eda\u00a0para destrabar las dudas. A ese problema, se suma otro:\u00a0seis de los siete miembros del CAL buscan la reelecci\u00f3n, la \u00fanica legisladora que no participar\u00e1 es Esther Cuesta, de la Revoluci\u00f3n Ciudadana, porque cumple su segundo periodo y ya no puede volver a reelegirse.<\/p>\n","protected":false},"author":1,"featured_media":18306,"comment_status":"open","ping_status":"open","sticky":false,"template":"","format":"standard","meta":{"footnotes":""},"categories":[268],"tags":[],"class_list":["post-18305","post","type-post","status-publish","format-standard","has-post-thumbnail","hentry","category-nacionales"],"_links":{"self":[{"href":"https:\/\/www.elamazonico.com\/portal\/wp-json\/wp\/v2\/posts\/18305","targetHints":{"allow":["GET"]}}],"collection":[{"href":"https:\/\/www.elamazonico.com\/portal\/wp-json\/wp\/v2\/posts"}],"about":[{"href":"https:\/\/www.elamazonico.com\/portal\/wp-json\/wp\/v2\/types\/post"}],"author":[{"embeddable":true,"href":"https:\/\/www.elamazonico.com\/portal\/wp-json\/wp\/v2\/users\/1"}],"replies":[{"embeddable":true,"href":"https:\/\/www.elamazonico.com\/portal\/wp-json\/wp\/v2\/comments?post=18305"}],"version-history":[{"count":1,"href":"https:\/\/www.elamazonico.com\/portal\/wp-json\/wp\/v2\/posts\/18305\/revisions"}],"predecessor-version":[{"id":18307,"href":"https:\/\/www.elamazonico.com\/portal\/wp-json\/wp\/v2\/posts\/18305\/revisions\/18307"}],"wp:featuredmedia":[{"embeddable":true,"href":"https:\/\/www.elamazonico.com\/portal\/wp-json\/wp\/v2\/media\/18306"}],"wp:attachment":[{"href":"https:\/\/www.elamazonico.com\/portal\/wp-json\/wp\/v2\/media?parent=18305"}],"wp:term":[{"taxonomy":"category","embeddable":true,"href":"https:\/\/www.elamazonico.com\/portal\/wp-json\/wp\/v2\/categories?post=18305"},{"taxonomy":"post_tag","embeddable":true,"href":"https:\/\/www.elamazonico.com\/portal\/wp-json\/wp\/v2\/tags?post=18305"}],"curies":[{"name":"wp","href":"https:\/\/api.w.org\/{rel}","templated":true}]}}