{"id":18299,"date":"2024-08-22T09:16:59","date_gmt":"2024-08-22T14:16:59","guid":{"rendered":"https:\/\/www.elamazonico.com\/portal\/?p=18299"},"modified":"2024-08-22T09:16:59","modified_gmt":"2024-08-22T14:16:59","slug":"ecuador-deporta-a-objetivo-de-alto-valor-de-colombia-presuntamente-vinculado-con-los-lobos","status":"publish","type":"post","link":"https:\/\/www.elamazonico.com\/portal\/ecuador-deporta-a-objetivo-de-alto-valor-de-colombia-presuntamente-vinculado-con-los-lobos\/","title":{"rendered":"Ecuador deporta a objetivo de alto valor de Colombia presuntamente vinculado con &#8216;Los Lobos&#8217;"},"content":{"rendered":"<p><b>Ecuador deport\u00f3 a un ciudadano colombiano presuntamente vinculado a uno de los grupos delictivos contra los que el jefe de Estado, Daniel Noboa, declar\u00f3 el conflicto armado interno en enero pasado, tras lo cual pas\u00f3 a llamarlos \u00abterroristas\u00bb.<\/b><\/p>\n<p class=\"p_2\">En su cuenta de la red social X, el Ministerio del Interior inform\u00f3 este mi\u00e9rcoles de que en la ciudad de Huaquillas, en la provincia de El Oro, fronteriza con\u00a0<b>Per\u00fa<\/b>, la Unidad Nacional de Migraci\u00f3n, junto a Polic\u00eda,\u00a0<b>detuvo a alias &#8216;El Puma&#8217;<\/b>, \u00abpr\u00f3fugo colombiano con\u00a0<b>v\u00ednculos directos con el grupo delictivo &#8216;Los Lobos'\u00bb.<\/b><\/p>\n<p class=\"p_3\">El detenido pose\u00eda una\u00a0<b>orden de captura<\/b>\u00a0por delito de<b>\u00a0hurto calificado y agravado.<\/b>\u00a0\u00c9l estar\u00eda implicado en tr\u00e1fico internacional e interno de sustancias sujetas a fiscalizaci\u00f3n, armas de fuego y delitos conexos como:\u00a0<b>secuestro, extorsi\u00f3n, asalto y robo a mano armada.<\/b><\/p>\n<p class=\"p_4\">La Polic\u00eda Nacional a\u00f1adi\u00f3 que se efectu\u00f3 el proceso de\u00a0<b>deportaci\u00f3n\u00a0<\/b>de acuerdo a la normativa ecuatoriana vigente, \u00abal ser considerado<b>\u00a0amenaza a la seguridad nacional<\/b>; adem\u00e1s de ser considerado\u00a0<b>objetivo de alto valor en Colombia<\/b>\u00ab.<\/p>\n<div class=\"multimediaMacroWrapper img lateral\">\n<figure class=\"contentMedia art-img\">\n<div><img fetchpriority=\"high\" decoding=\"async\" class=\" lazyloaded\" title=\"Imagen que muestra a alias 'El Puma' pasando a custodia de la Polic\u00eda de Colombia, sobre el puente fronterizo Rumichaca.\" src=\"https:\/\/www.vistazo.com\/placeholder\/svg\/viewbox\/768x480\" sizes=\"100vw\" srcset=\"\/\/www.vistazo.com\/binrepository\/768x480\/0c0\/0d0\/none\/12727\/TKOO\/heriberto-1200-1000-px-1200-x-12_1706092_20240821204142.png 768w,\/\/www.vistazo.com\/binrepository\/640x400\/0c0\/0d0\/none\/12727\/TKOP\/heriberto-1200-1000-px-1200-x-12_1706092_20240821204142.png 640w,\/\/www.vistazo.com\/binrepository\/512x320\/0c0\/0d0\/none\/12727\/TKOQ\/heriberto-1200-1000-px-1200-x-12_1706092_20240821204142.png 512w,\/\/www.vistazo.com\/binrepository\/384x240\/0c0\/0d0\/none\/12727\/TKOK\/heriberto-1200-1000-px-1200-x-12_1706092_20240821204142.png 384w,\/\/www.vistazo.com\/binrepository\/300x188\/0c0\/0d0\/none\/12727\/TKOT\/heriberto-1200-1000-px-1200-x-12_1706092_20240821204142.png 300w\" alt=\"$!Imagen que muestra a alias 'El Puma' pasando a custodia de la Polic\u00eda de Colombia, sobre el puente fronterizo Rumichaca.\" width=\"768\" height=\"480\" data-srcset=\"\/\/www.vistazo.com\/binrepository\/768x480\/0c0\/0d0\/none\/12727\/TKOO\/heriberto-1200-1000-px-1200-x-12_1706092_20240821204142.png 768w,\/\/www.vistazo.com\/binrepository\/640x400\/0c0\/0d0\/none\/12727\/TKOP\/heriberto-1200-1000-px-1200-x-12_1706092_20240821204142.png 640w,\/\/www.vistazo.com\/binrepository\/512x320\/0c0\/0d0\/none\/12727\/TKOQ\/heriberto-1200-1000-px-1200-x-12_1706092_20240821204142.png 512w,\/\/www.vistazo.com\/binrepository\/384x240\/0c0\/0d0\/none\/12727\/TKOK\/heriberto-1200-1000-px-1200-x-12_1706092_20240821204142.png 384w,\/\/www.vistazo.com\/binrepository\/300x188\/0c0\/0d0\/none\/12727\/TKOT\/heriberto-1200-1000-px-1200-x-12_1706092_20240821204142.png 300w\" \/><\/div>\n<div class=\"cutline-byline\"><span class=\"cutline-text\">Imagen que muestra a alias &#8216;El Puma&#8217; pasando a custodia de la Polic\u00eda de Colombia, sobre el puente fronterizo Rumichaca.<\/span>\u00a0<span class=\"byline-image\">(Polic\u00eda Nacional)<\/span><\/div>\n<\/figure>\n<\/div>\n<div class=\"paragraph texto\">\n<p class=\"p_5\">El\u00a0<b>auge del crimen organizado en Ecuador\u00a0<\/b>convirti\u00f3 a este pa\u00eds suramericano en\u00a0<b>el m\u00e1s violento de la regi\u00f3n\u00a0<\/b>en 2023, cuando alcanz\u00f3 una tasa de 47,2 asesinatos por cada 100.000 habitantes, seg\u00fan las autoridades, que atribuyen esa<b>\u00a0extrema violencia<\/b>\u00a0a grupos de<b>\u00a0delincuencia organizada<\/b>\u00a0dedicados especialmente al narcotr\u00e1fico, aunque tambi\u00e9n a la miner\u00eda ilegal.<\/p>\n<div class=\"paragraph texto\">\n<p class=\"p_7\">Ante la galopante crisis de inseguridad desatada inicios de este a\u00f1o, el presidente Noboa elev\u00f3 la\u00a0<b>lucha contra el crimen organizado<\/b>\u00a0a la categor\u00eda de\u00a0<b>\u00abconflicto armado interno\u00bb<\/b>, con lo que pas\u00f3 a catalogar a estas bandas como \u00abterroristas\u00bb y \u00abactores beligerantes no estatales\u00bb.<\/p>\n<\/div>\n<div class=\"paragraph texto\">\n<p class=\"p_8\">Tambi\u00e9n a comienzos de 2024 decret\u00f3 un<b>\u00a0estado de excepci\u00f3n<\/b>\u00a0con el que militariz\u00f3 las c\u00e1rceles, consideradas tambi\u00e9n foco de la<b>\u00a0violencia armada<\/b>\u00a0en el pa\u00eds.<\/p>\n<p class=\"p_9\"><b>Lea tambi\u00e9n |\u00a0<a href=\"https:\/\/www.vistazo.com\/actualidad\/nacional\/2024-08-21-capturan-sicarios-hospital-manta-AG7877057\">Capturan a sicarios que irrumpieron en el Hospital de Manta<\/a><\/b><\/p>\n<p class=\"p_10\">De acuerdo al Gobierno, esas medidas<b>\u00a0han permitido bajar en un 17 por ciento el \u00edndice de muertes violentas en lo que va de 2024<\/b>, respecto al a\u00f1o anterior, aunque siguen siendo recurrentes los episodios de violencia criminal, y<b> no han cesado otro tipo de delitos como secuestros y extorsiones. Fuente: Vistazo<\/b><\/p>\n<\/div>\n<\/div>\n","protected":false},"excerpt":{"rendered":"<p>Ecuador deport\u00f3 a un ciudadano colombiano presuntamente vinculado a uno de los grupos delictivos contra los que el jefe de Estado, Daniel Noboa, declar\u00f3 el conflicto armado interno en enero pasado, tras lo cual pas\u00f3 a llamarlos \u00abterroristas\u00bb. En su cuenta de la red social X, el Ministerio del Interior inform\u00f3 este mi\u00e9rcoles de que en la ciudad de Huaquillas, en la provincia de El Oro, fronteriza con\u00a0Per\u00fa, la Unidad Nacional de Migraci\u00f3n, junto a Polic\u00eda,\u00a0detuvo a alias &#8216;El Puma&#8217;, \u00abpr\u00f3fugo colombiano con\u00a0v\u00ednculos directos con el grupo delictivo &#8216;Los Lobos&#8217;\u00bb. El detenido pose\u00eda una\u00a0orden de captura\u00a0por delito de\u00a0hurto calificado y agravado.\u00a0\u00c9l estar\u00eda implicado en tr\u00e1fico internacional e interno de sustancias sujetas a fiscalizaci\u00f3n, armas de fuego y delitos conexos como:\u00a0secuestro, extorsi\u00f3n, asalto y robo a mano armada. La Polic\u00eda Nacional a\u00f1adi\u00f3 que se efectu\u00f3 el proceso de\u00a0deportaci\u00f3n\u00a0de acuerdo a la normativa ecuatoriana vigente, \u00abal ser considerado\u00a0amenaza a la seguridad nacional; adem\u00e1s de ser considerado\u00a0objetivo de alto valor en Colombia\u00ab. Imagen que muestra a alias &#8216;El Puma&#8217; pasando a custodia de la Polic\u00eda de Colombia, sobre el puente fronterizo Rumichaca.\u00a0(Polic\u00eda Nacional) El\u00a0auge del crimen organizado en Ecuador\u00a0convirti\u00f3 a este pa\u00eds suramericano en\u00a0el m\u00e1s violento de la regi\u00f3n\u00a0en 2023, cuando alcanz\u00f3 una tasa de 47,2 asesinatos por cada 100.000 habitantes, seg\u00fan las autoridades, que atribuyen esa\u00a0extrema violencia\u00a0a grupos de\u00a0delincuencia organizada\u00a0dedicados especialmente al narcotr\u00e1fico, aunque tambi\u00e9n a la miner\u00eda ilegal. Ante la galopante crisis de inseguridad desatada inicios de este a\u00f1o, el presidente Noboa elev\u00f3 la\u00a0lucha contra el crimen organizado\u00a0a la categor\u00eda de\u00a0\u00abconflicto armado interno\u00bb, con lo que pas\u00f3 a catalogar a estas bandas como \u00abterroristas\u00bb y \u00abactores beligerantes no estatales\u00bb. Tambi\u00e9n a comienzos de 2024 decret\u00f3 un\u00a0estado de excepci\u00f3n\u00a0con el que militariz\u00f3 las c\u00e1rceles, consideradas tambi\u00e9n foco de la\u00a0violencia armada\u00a0en el pa\u00eds. Lea tambi\u00e9n |\u00a0Capturan a sicarios que irrumpieron en el Hospital de Manta De acuerdo al Gobierno, esas medidas\u00a0han permitido bajar en un 17 por ciento el \u00edndice de muertes violentas en lo que va de 2024, respecto al a\u00f1o anterior, aunque siguen siendo recurrentes los episodios de violencia criminal, y no han cesado otro tipo de delitos como secuestros y extorsiones. Fuente: Vistazo<\/p>\n","protected":false},"author":1,"featured_media":18300,"comment_status":"open","ping_status":"open","sticky":false,"template":"","format":"standard","meta":{"footnotes":""},"categories":[268],"tags":[],"class_list":["post-18299","post","type-post","status-publish","format-standard","has-post-thumbnail","hentry","category-nacionales"],"_links":{"self":[{"href":"https:\/\/www.elamazonico.com\/portal\/wp-json\/wp\/v2\/posts\/18299","targetHints":{"allow":["GET"]}}],"collection":[{"href":"https:\/\/www.elamazonico.com\/portal\/wp-json\/wp\/v2\/posts"}],"about":[{"href":"https:\/\/www.elamazonico.com\/portal\/wp-json\/wp\/v2\/types\/post"}],"author":[{"embeddable":true,"href":"https:\/\/www.elamazonico.com\/portal\/wp-json\/wp\/v2\/users\/1"}],"replies":[{"embeddable":true,"href":"https:\/\/www.elamazonico.com\/portal\/wp-json\/wp\/v2\/comments?post=18299"}],"version-history":[{"count":1,"href":"https:\/\/www.elamazonico.com\/portal\/wp-json\/wp\/v2\/posts\/18299\/revisions"}],"predecessor-version":[{"id":18301,"href":"https:\/\/www.elamazonico.com\/portal\/wp-json\/wp\/v2\/posts\/18299\/revisions\/18301"}],"wp:featuredmedia":[{"embeddable":true,"href":"https:\/\/www.elamazonico.com\/portal\/wp-json\/wp\/v2\/media\/18300"}],"wp:attachment":[{"href":"https:\/\/www.elamazonico.com\/portal\/wp-json\/wp\/v2\/media?parent=18299"}],"wp:term":[{"taxonomy":"category","embeddable":true,"href":"https:\/\/www.elamazonico.com\/portal\/wp-json\/wp\/v2\/categories?post=18299"},{"taxonomy":"post_tag","embeddable":true,"href":"https:\/\/www.elamazonico.com\/portal\/wp-json\/wp\/v2\/tags?post=18299"}],"curies":[{"name":"wp","href":"https:\/\/api.w.org\/{rel}","templated":true}]}}