{"id":18295,"date":"2024-08-22T07:23:52","date_gmt":"2024-08-22T12:23:52","guid":{"rendered":"https:\/\/www.elamazonico.com\/portal\/?p=18295"},"modified":"2024-08-22T07:24:13","modified_gmt":"2024-08-22T12:24:13","slug":"rechazan-la-designacion-del-capitan-juan-martin-granda-por-presunta-vinculacion-con-actividades-delictivas","status":"publish","type":"post","link":"https:\/\/www.elamazonico.com\/portal\/rechazan-la-designacion-del-capitan-juan-martin-granda-por-presunta-vinculacion-con-actividades-delictivas\/","title":{"rendered":"Rechazan la designaci\u00f3n del Capit\u00e1n Juan Mart\u00edn Granda por presunta vinculaci\u00f3n con actividades delictivas"},"content":{"rendered":"<p>En un comunicado oficial dirigido al Coronel Hugo Silva, Jefe de la Zona 7 de la Polic\u00eda Nacional, y al Tcnrl. de Polic\u00eda (S.P.) Francisco Mes\u00edas Hidalgo Villavicencio, Gobernador de la provincia de Zamora Chinchipe, la Ing. Mar\u00eda Elizabeth Lalangui Cabrera, Alcaldesa del cant\u00f3n Yantzaza, ha expresado su profunda preocupaci\u00f3n ante la posible designaci\u00f3n del Capit\u00e1n Juan Mart\u00edn Granda Valladarez como Jefe del Circuito de Yantzaza.<\/p>\n<p>Seg\u00fan informaci\u00f3n extraoficial, dicha designaci\u00f3n habr\u00eda sido dispuesta por la Comandancia General de la Polic\u00eda Nacional. Sin embargo, la Alcaldesa Lalangui ha manifestado que la conducta del mencionado oficial ha sido cuestionada p\u00fablicamente. Seg\u00fan reportes en medios de comunicaci\u00f3n nacionales, particularmente una noticia transmitida por el canal Teleamazonas, el Capit\u00e1n Granda estar\u00eda presuntamente vinculado con actividades delictivas en la ciudad de Guayaquil, lo que ha generado dudas sobre su idoneidad para el cargo.<\/p>\n<p>En su calidad de Primera Autoridad Cantonal y Presidenta del Consejo de Seguridad Ciudadana de Yantzaza, la Alcaldesa Lalangui ha solicitado de manera formal que se reconsidere esta designaci\u00f3n mientras no se realicen las investigaciones pertinentes que despejen cualquier duda sobre la conducta del oficial en cuesti\u00f3n. La Alcaldesa subraya que la seguridad, paz y tranquilidad de los ciudadanos de Yantzaza podr\u00edan verse comprometidas si esta designaci\u00f3n se confirma sin una revisi\u00f3n adecuada.<\/p>\n<p>Este llamado a la reflexi\u00f3n y a la acci\u00f3n tiene como objetivo primordial garantizar la seguridad ciudadana en el cant\u00f3n Yantzaza y en la provincia de Zamora Chinchipe, reiterando la disposici\u00f3n de la Alcald\u00eda para colaborar en todo lo necesario para preservar el orden y bienestar de la comunidad.<\/p>\n<p><a href=\"https:\/\/www.elamazonico.com\/portal\/wp-content\/uploads\/2024\/08\/RECHAZO-AL-PASE-DEL-CAPITAN-GRANDA-AL-CANTON-YANTZAZA-signed.pdf\">RECHAZO AL PASE DEL CAPITAN GRANDA AL CANTO\u0301N YANTZAZA-signed<\/a><\/p>\n","protected":false},"excerpt":{"rendered":"<p>En un comunicado oficial dirigido al Coronel Hugo Silva, Jefe de la Zona 7 de la Polic\u00eda Nacional, y al Tcnrl. de Polic\u00eda (S.P.) Francisco Mes\u00edas Hidalgo Villavicencio, Gobernador de la provincia de Zamora Chinchipe, la Ing. Mar\u00eda Elizabeth Lalangui Cabrera, Alcaldesa del cant\u00f3n Yantzaza, ha expresado su profunda preocupaci\u00f3n ante la posible designaci\u00f3n del Capit\u00e1n Juan Mart\u00edn Granda Valladarez como Jefe del Circuito de Yantzaza. Seg\u00fan informaci\u00f3n extraoficial, dicha designaci\u00f3n habr\u00eda sido dispuesta por la Comandancia General de la Polic\u00eda Nacional. Sin embargo, la Alcaldesa Lalangui ha manifestado que la conducta del mencionado oficial ha sido cuestionada p\u00fablicamente. Seg\u00fan reportes en medios de comunicaci\u00f3n nacionales, particularmente una noticia transmitida por el canal Teleamazonas, el Capit\u00e1n Granda estar\u00eda presuntamente vinculado con actividades delictivas en la ciudad de Guayaquil, lo que ha generado dudas sobre su idoneidad para el cargo. En su calidad de Primera Autoridad Cantonal y Presidenta del Consejo de Seguridad Ciudadana de Yantzaza, la Alcaldesa Lalangui ha solicitado de manera formal que se reconsidere esta designaci\u00f3n mientras no se realicen las investigaciones pertinentes que despejen cualquier duda sobre la conducta del oficial en cuesti\u00f3n. La Alcaldesa subraya que la seguridad, paz y tranquilidad de los ciudadanos de Yantzaza podr\u00edan verse comprometidas si esta designaci\u00f3n se confirma sin una revisi\u00f3n adecuada. Este llamado a la reflexi\u00f3n y a la acci\u00f3n tiene como objetivo primordial garantizar la seguridad ciudadana en el cant\u00f3n Yantzaza y en la provincia de Zamora Chinchipe, reiterando la disposici\u00f3n de la Alcald\u00eda para colaborar en todo lo necesario para preservar el orden y bienestar de la comunidad. RECHAZO AL PASE DEL CAPITAN GRANDA AL CANTO\u0301N YANTZAZA-signed<\/p>\n","protected":false},"author":1,"featured_media":18296,"comment_status":"open","ping_status":"open","sticky":false,"template":"","format":"standard","meta":{"footnotes":""},"categories":[268,243],"tags":[],"class_list":["post-18295","post","type-post","status-publish","format-standard","has-post-thumbnail","hentry","category-nacionales","category-noticias-zamora"],"_links":{"self":[{"href":"https:\/\/www.elamazonico.com\/portal\/wp-json\/wp\/v2\/posts\/18295","targetHints":{"allow":["GET"]}}],"collection":[{"href":"https:\/\/www.elamazonico.com\/portal\/wp-json\/wp\/v2\/posts"}],"about":[{"href":"https:\/\/www.elamazonico.com\/portal\/wp-json\/wp\/v2\/types\/post"}],"author":[{"embeddable":true,"href":"https:\/\/www.elamazonico.com\/portal\/wp-json\/wp\/v2\/users\/1"}],"replies":[{"embeddable":true,"href":"https:\/\/www.elamazonico.com\/portal\/wp-json\/wp\/v2\/comments?post=18295"}],"version-history":[{"count":1,"href":"https:\/\/www.elamazonico.com\/portal\/wp-json\/wp\/v2\/posts\/18295\/revisions"}],"predecessor-version":[{"id":18298,"href":"https:\/\/www.elamazonico.com\/portal\/wp-json\/wp\/v2\/posts\/18295\/revisions\/18298"}],"wp:featuredmedia":[{"embeddable":true,"href":"https:\/\/www.elamazonico.com\/portal\/wp-json\/wp\/v2\/media\/18296"}],"wp:attachment":[{"href":"https:\/\/www.elamazonico.com\/portal\/wp-json\/wp\/v2\/media?parent=18295"}],"wp:term":[{"taxonomy":"category","embeddable":true,"href":"https:\/\/www.elamazonico.com\/portal\/wp-json\/wp\/v2\/categories?post=18295"},{"taxonomy":"post_tag","embeddable":true,"href":"https:\/\/www.elamazonico.com\/portal\/wp-json\/wp\/v2\/tags?post=18295"}],"curies":[{"name":"wp","href":"https:\/\/api.w.org\/{rel}","templated":true}]}}