{"id":18291,"date":"2024-08-21T10:40:53","date_gmt":"2024-08-21T15:40:53","guid":{"rendered":"https:\/\/www.elamazonico.com\/portal\/?p=18291"},"modified":"2024-08-21T10:40:53","modified_gmt":"2024-08-21T15:40:53","slug":"wilman-teran-presenta-un-nuevo-habeas-corpus-esta-vez-pide-su-libertad","status":"publish","type":"post","link":"https:\/\/www.elamazonico.com\/portal\/wilman-teran-presenta-un-nuevo-habeas-corpus-esta-vez-pide-su-libertad\/","title":{"rendered":"Wilman Ter\u00e1n presenta un nuevo habeas corpus, esta vez pide su libertad"},"content":{"rendered":"<p>Wilman Ter\u00e1n Carrillo, expresidente del Consejo de la Judicatura (CJ), ha presentado un nuevo habeas corpus para solicitar su liberaci\u00f3n. Este recurso, entregado el 20 de agosto de 2024, forma parte del amicus que Ter\u00e1n ha presentado para intervenir en la audiencia de la jueza Enma Tapia.<\/p>\n<p>Adem\u00e1s, Ter\u00e1n ha solicitado la suspensi\u00f3n de la fiscal general, Diana Salazar M\u00e9ndez, y la retirada de todas las causas en su contra. Esta solicitud surge en medio de la controversia generada tras la aceptaci\u00f3n, el 12 de agosto, del habeas corpus por parte de las juezas Enma Tapia y Katherine Mu\u00f1oz. Esta resoluci\u00f3n permiti\u00f3 que Ter\u00e1n fuera trasladado de la prisi\u00f3n La Roca en Guayaquil a la C\u00e1rcel 4 en Quito.<\/p>\n<p>En respuesta, la Fiscal\u00eda llev\u00f3 a cabo allanamientos en las oficinas de las juezas Tapia y Mu\u00f1oz en el contexto del caso \u00abConfourtable\u00bb, que investiga un presunto cohecho. Los agentes tambi\u00e9n registraron un domicilio, confiscando dispositivos m\u00f3viles, computadoras, una CPU, una agenda, un CD y varios documentos, los cuales han sido ingresados en cadena de custodia.<\/p>\n<p>La Fiscal\u00eda justific\u00f3 estos allanamientos como una medida para evitar la destrucci\u00f3n de pruebas relacionadas con los actos de corrupci\u00f3n investigados. En respuesta, Tapia public\u00f3 un comunicado en su cuenta de X, defendiendo su actuaci\u00f3n. La Asociaci\u00f3n Ecuatoriana de Magistrados y Jueces (Aemaj) tambi\u00e9n conden\u00f3 los allanamientos realizados por la Fiscal\u00eda.<\/p>\n<p>Finalmente, Tapia present\u00f3 un recurso de habeas corpus contra la Fiscal\u00eda, pero lo retir\u00f3 despu\u00e9s de que la medida, calificada como \u00abacto lesivo\u00bb por la Fiscal\u00eda, fuera anulada el 19 de agosto. En lugar de asistir el fiscal subrogante, la fiscal general Diana Salazar se encarg\u00f3 personalmente del asunto.<\/p>\n","protected":false},"excerpt":{"rendered":"<p>Wilman Ter\u00e1n Carrillo, expresidente del Consejo de la Judicatura (CJ), ha presentado un nuevo habeas corpus para solicitar su liberaci\u00f3n. Este recurso, entregado el 20 de agosto de 2024, forma parte del amicus que Ter\u00e1n ha presentado para intervenir en la audiencia de la jueza Enma Tapia. Adem\u00e1s, Ter\u00e1n ha solicitado la suspensi\u00f3n de la fiscal general, Diana Salazar M\u00e9ndez, y la retirada de todas las causas en su contra. Esta solicitud surge en medio de la controversia generada tras la aceptaci\u00f3n, el 12 de agosto, del habeas corpus por parte de las juezas Enma Tapia y Katherine Mu\u00f1oz. Esta resoluci\u00f3n permiti\u00f3 que Ter\u00e1n fuera trasladado de la prisi\u00f3n La Roca en Guayaquil a la C\u00e1rcel 4 en Quito. En respuesta, la Fiscal\u00eda llev\u00f3 a cabo allanamientos en las oficinas de las juezas Tapia y Mu\u00f1oz en el contexto del caso \u00abConfourtable\u00bb, que investiga un presunto cohecho. Los agentes tambi\u00e9n registraron un domicilio, confiscando dispositivos m\u00f3viles, computadoras, una CPU, una agenda, un CD y varios documentos, los cuales han sido ingresados en cadena de custodia. La Fiscal\u00eda justific\u00f3 estos allanamientos como una medida para evitar la destrucci\u00f3n de pruebas relacionadas con los actos de corrupci\u00f3n investigados. En respuesta, Tapia public\u00f3 un comunicado en su cuenta de X, defendiendo su actuaci\u00f3n. La Asociaci\u00f3n Ecuatoriana de Magistrados y Jueces (Aemaj) tambi\u00e9n conden\u00f3 los allanamientos realizados por la Fiscal\u00eda. Finalmente, Tapia present\u00f3 un recurso de habeas corpus contra la Fiscal\u00eda, pero lo retir\u00f3 despu\u00e9s de que la medida, calificada como \u00abacto lesivo\u00bb por la Fiscal\u00eda, fuera anulada el 19 de agosto. En lugar de asistir el fiscal subrogante, la fiscal general Diana Salazar se encarg\u00f3 personalmente del asunto.<\/p>\n","protected":false},"author":1,"featured_media":18292,"comment_status":"open","ping_status":"open","sticky":false,"template":"","format":"standard","meta":{"footnotes":""},"categories":[268],"tags":[],"class_list":["post-18291","post","type-post","status-publish","format-standard","has-post-thumbnail","hentry","category-nacionales"],"_links":{"self":[{"href":"https:\/\/www.elamazonico.com\/portal\/wp-json\/wp\/v2\/posts\/18291","targetHints":{"allow":["GET"]}}],"collection":[{"href":"https:\/\/www.elamazonico.com\/portal\/wp-json\/wp\/v2\/posts"}],"about":[{"href":"https:\/\/www.elamazonico.com\/portal\/wp-json\/wp\/v2\/types\/post"}],"author":[{"embeddable":true,"href":"https:\/\/www.elamazonico.com\/portal\/wp-json\/wp\/v2\/users\/1"}],"replies":[{"embeddable":true,"href":"https:\/\/www.elamazonico.com\/portal\/wp-json\/wp\/v2\/comments?post=18291"}],"version-history":[{"count":1,"href":"https:\/\/www.elamazonico.com\/portal\/wp-json\/wp\/v2\/posts\/18291\/revisions"}],"predecessor-version":[{"id":18293,"href":"https:\/\/www.elamazonico.com\/portal\/wp-json\/wp\/v2\/posts\/18291\/revisions\/18293"}],"wp:featuredmedia":[{"embeddable":true,"href":"https:\/\/www.elamazonico.com\/portal\/wp-json\/wp\/v2\/media\/18292"}],"wp:attachment":[{"href":"https:\/\/www.elamazonico.com\/portal\/wp-json\/wp\/v2\/media?parent=18291"}],"wp:term":[{"taxonomy":"category","embeddable":true,"href":"https:\/\/www.elamazonico.com\/portal\/wp-json\/wp\/v2\/categories?post=18291"},{"taxonomy":"post_tag","embeddable":true,"href":"https:\/\/www.elamazonico.com\/portal\/wp-json\/wp\/v2\/tags?post=18291"}],"curies":[{"name":"wp","href":"https:\/\/api.w.org\/{rel}","templated":true}]}}