{"id":18282,"date":"2024-08-21T04:10:52","date_gmt":"2024-08-21T09:10:52","guid":{"rendered":"https:\/\/www.elamazonico.com\/portal\/?p=18282"},"modified":"2024-08-20T21:57:53","modified_gmt":"2024-08-21T02:57:53","slug":"juan-medardo-ortega-vegas-un-profesional-al-servicio-de-zamora-ch","status":"publish","type":"post","link":"https:\/\/www.elamazonico.com\/portal\/juan-medardo-ortega-vegas-un-profesional-al-servicio-de-zamora-ch\/","title":{"rendered":"Juan Medardo Ortega Vegas: un profesional al servicio de Zamora Ch."},"content":{"rendered":"<p>Con una pasi\u00f3n que es su br\u00fajula a lo largo de su vida, Juan Medardo Ortega Vegas asumi\u00f3 el 13 de agosto 2024 el cargo de Director Distrital de Educaci\u00f3n 19D01 Yacuambi-Zamora, un rol que promete aportar en la mejora al sistema educativo de la provincia. Desde su infancia en Zamora, su vida ha estado marcada por una fuerte influencia familiar: su padre, un militar que le ense\u00f1\u00f3 el valor de la disciplina y la determinaci\u00f3n, y su madre, una maestra cuyo amor por la ense\u00f1anza le inculc\u00f3 la importancia de la educaci\u00f3n y la empat\u00eda.<\/p>\n<p>Nacido el 5 de marzo de 1982, Juan Medardo es el primog\u00e9nito de una familia zamorana tradicional. Creci\u00f3 bajo la gu\u00eda de su padre, Juan Ortega, oriundo de Mayaycu, y de su madre, Mar\u00eda Vegas, nativa de Cumbaratza. Sus hermanos, Edwin, Liliana y Karla Ortega, lo han acompa\u00f1ado a lo largo de su camino, y en su vida personal, ha encontrado estabilidad junto a su esposa, Hilda Pineda, y sus tres hijos: Jhon, Dennys y Jhonatan Ortega.<\/p>\n<p>La educaci\u00f3n de Juan Medardo comenz\u00f3 en la Escuela Eloy Alfaro y continu\u00f3 en el Instituto T\u00e9cnico Superior \u201c12 de Febrero\u201d, donde obtuvo su bachillerato en Ciencias de Comercio y Administraci\u00f3n con especializaci\u00f3n en Computaci\u00f3n. Motivado por su deseo de contribuir al bienestar de su comunidad, se form\u00f3 como Profesor de Educaci\u00f3n Primaria en el Instituto Superior Pedag\u00f3gico Biling\u00fce Intercultural Shuar Achuar y m\u00e1s tarde complet\u00f3 una licenciatura en Contabilidad y Auditor\u00eda en la Universidad T\u00e9cnica Particular de Loja. Adem\u00e1s, su formaci\u00f3n se ha enriquecido con una serie de certificaciones en \u00e1reas t\u00e9cnicas y financieras, que le han proporcionado una visi\u00f3n integral de la educaci\u00f3n y la administraci\u00f3n.<\/p>\n<p>La carrera profesional de Juan Medardo es un reflejo de su compromiso con la educaci\u00f3n y el servicio comunitario. Desde sus inicios como apoyo docente en el INNFA, hasta su labor como docente en la Escuela Gran Colombia y el Colegio Amazonas, ha demostrado una dedicaci\u00f3n inquebrantable a sus estudiantes. Su capacidad para asumir responsabilidades lo llev\u00f3 a ocupar varios cargos en la Direcci\u00f3n Provincial de Educaci\u00f3n Biling\u00fce de Zamora Chinchipe, donde trabaj\u00f3 en \u00e1reas cr\u00edticas como la estad\u00edstica educativa y la educaci\u00f3n infantil comunitaria. La creaci\u00f3n del Distrito 19D04 El Pangui &#8211; Yantzaza Educaci\u00f3n le permiti\u00f3 destacarse como Analista de Operaciones y Log\u00edstica, y Analista de Gesti\u00f3n de Riesgos, cargos en los que su liderazgo fue fundamental.<\/p>\n<p>Adem\u00e1s de su trayectoria en la educaci\u00f3n, Juan Medardo ha servido como Instructor y Subjefe de Voluntarios de Defensa Civil, y ha desempe\u00f1ado roles de liderazgo en la Cooperativa de Ahorro y Cr\u00e9dito Educadores de Zamora Chinchipe. Su participaci\u00f3n en asociaciones de padres de familia, tanto en la Unidad Educativa \u201c12 de Febrero\u201d como en la Unidad Educativa Fiscomisional San Francisco, demuestra su constante preocupaci\u00f3n por el bienestar de los ni\u00f1os y j\u00f3venes de la provincia.<\/p>\n<p>Como nuevo Director Distrital de Educaci\u00f3n, Juan Medardo Ortega Vegas asume una responsabilidad enorme, pero lo hace con la firme convicci\u00f3n de que la educaci\u00f3n es la clave para un futuro mejor. Su visi\u00f3n incluye no solo mejorar la calidad de la ense\u00f1anza, sino tambi\u00e9n inspirar a las nuevas generaciones a alcanzar su m\u00e1ximo potencial. Con un liderazgo que combina la firmeza de su padre y la ternura de su madre, Juan Medardo est\u00e1 decidido a dejar una huella indeleble en la educaci\u00f3n de Zamora Chinchipe.<\/p>\n<p>En un mundo donde la educaci\u00f3n es el camino hacia el progreso, Juan Medardo Ortega Vegas se pone a las \u00f3rdenes de todos y dispuesto a llevar a la comunidad educativa hacia un futuro m\u00e1s brillante.<\/p>\n","protected":false},"excerpt":{"rendered":"<p>Con una pasi\u00f3n que es su br\u00fajula a lo largo de su vida, Juan Medardo Ortega Vegas asumi\u00f3 el 13 de agosto 2024 el cargo de Director Distrital de Educaci\u00f3n 19D01 Yacuambi-Zamora, un rol que promete aportar en la mejora al sistema educativo de la provincia. Desde su infancia en Zamora, su vida ha estado marcada por una fuerte influencia familiar: su padre, un militar que le ense\u00f1\u00f3 el valor de la disciplina y la determinaci\u00f3n, y su madre, una maestra cuyo amor por la ense\u00f1anza le inculc\u00f3 la importancia de la educaci\u00f3n y la empat\u00eda. Nacido el 5 de marzo de 1982, Juan Medardo es el primog\u00e9nito de una familia zamorana tradicional. Creci\u00f3 bajo la gu\u00eda de su padre, Juan Ortega, oriundo de Mayaycu, y de su madre, Mar\u00eda Vegas, nativa de Cumbaratza. Sus hermanos, Edwin, Liliana y Karla Ortega, lo han acompa\u00f1ado a lo largo de su camino, y en su vida personal, ha encontrado estabilidad junto a su esposa, Hilda Pineda, y sus tres hijos: Jhon, Dennys y Jhonatan Ortega. La educaci\u00f3n de Juan Medardo comenz\u00f3 en la Escuela Eloy Alfaro y continu\u00f3 en el Instituto T\u00e9cnico Superior \u201c12 de Febrero\u201d, donde obtuvo su bachillerato en Ciencias de Comercio y Administraci\u00f3n con especializaci\u00f3n en Computaci\u00f3n. Motivado por su deseo de contribuir al bienestar de su comunidad, se form\u00f3 como Profesor de Educaci\u00f3n Primaria en el Instituto Superior Pedag\u00f3gico Biling\u00fce Intercultural Shuar Achuar y m\u00e1s tarde complet\u00f3 una licenciatura en Contabilidad y Auditor\u00eda en la Universidad T\u00e9cnica Particular de Loja. Adem\u00e1s, su formaci\u00f3n se ha enriquecido con una serie de certificaciones en \u00e1reas t\u00e9cnicas y financieras, que le han proporcionado una visi\u00f3n integral de la educaci\u00f3n y la administraci\u00f3n. La carrera profesional de Juan Medardo es un reflejo de su compromiso con la educaci\u00f3n y el servicio comunitario. Desde sus inicios como apoyo docente en el INNFA, hasta su labor como docente en la Escuela Gran Colombia y el Colegio Amazonas, ha demostrado una dedicaci\u00f3n inquebrantable a sus estudiantes. Su capacidad para asumir responsabilidades lo llev\u00f3 a ocupar varios cargos en la Direcci\u00f3n Provincial de Educaci\u00f3n Biling\u00fce de Zamora Chinchipe, donde trabaj\u00f3 en \u00e1reas cr\u00edticas como la estad\u00edstica educativa y la educaci\u00f3n infantil comunitaria. La creaci\u00f3n del Distrito 19D04 El Pangui &#8211; Yantzaza Educaci\u00f3n le permiti\u00f3 destacarse como Analista de Operaciones y Log\u00edstica, y Analista de Gesti\u00f3n de Riesgos, cargos en los que su liderazgo fue fundamental. Adem\u00e1s de su trayectoria en la educaci\u00f3n, Juan Medardo ha servido como Instructor y Subjefe de Voluntarios de Defensa Civil, y ha desempe\u00f1ado roles de liderazgo en la Cooperativa de Ahorro y Cr\u00e9dito Educadores de Zamora Chinchipe. Su participaci\u00f3n en asociaciones de padres de familia, tanto en la Unidad Educativa \u201c12 de Febrero\u201d como en la Unidad Educativa Fiscomisional San Francisco, demuestra su constante preocupaci\u00f3n por el bienestar de los ni\u00f1os y j\u00f3venes de la provincia. Como nuevo Director Distrital de Educaci\u00f3n, Juan Medardo Ortega Vegas asume una responsabilidad enorme, pero lo hace con la firme convicci\u00f3n de que la educaci\u00f3n es la clave para un futuro mejor. Su visi\u00f3n incluye no solo mejorar la calidad de la ense\u00f1anza, sino tambi\u00e9n inspirar a las nuevas generaciones a alcanzar su m\u00e1ximo potencial. Con un liderazgo que combina la firmeza de su padre y la ternura de su madre, Juan Medardo est\u00e1 decidido a dejar una huella indeleble en la educaci\u00f3n de Zamora Chinchipe. En un mundo donde la educaci\u00f3n es el camino hacia el progreso, Juan Medardo Ortega Vegas se pone a las \u00f3rdenes de todos y dispuesto a llevar a la comunidad educativa hacia un futuro m\u00e1s brillante.<\/p>\n","protected":false},"author":1,"featured_media":18283,"comment_status":"open","ping_status":"open","sticky":false,"template":"","format":"standard","meta":{"footnotes":""},"categories":[243],"tags":[],"class_list":["post-18282","post","type-post","status-publish","format-standard","has-post-thumbnail","hentry","category-noticias-zamora"],"_links":{"self":[{"href":"https:\/\/www.elamazonico.com\/portal\/wp-json\/wp\/v2\/posts\/18282","targetHints":{"allow":["GET"]}}],"collection":[{"href":"https:\/\/www.elamazonico.com\/portal\/wp-json\/wp\/v2\/posts"}],"about":[{"href":"https:\/\/www.elamazonico.com\/portal\/wp-json\/wp\/v2\/types\/post"}],"author":[{"embeddable":true,"href":"https:\/\/www.elamazonico.com\/portal\/wp-json\/wp\/v2\/users\/1"}],"replies":[{"embeddable":true,"href":"https:\/\/www.elamazonico.com\/portal\/wp-json\/wp\/v2\/comments?post=18282"}],"version-history":[{"count":1,"href":"https:\/\/www.elamazonico.com\/portal\/wp-json\/wp\/v2\/posts\/18282\/revisions"}],"predecessor-version":[{"id":18284,"href":"https:\/\/www.elamazonico.com\/portal\/wp-json\/wp\/v2\/posts\/18282\/revisions\/18284"}],"wp:featuredmedia":[{"embeddable":true,"href":"https:\/\/www.elamazonico.com\/portal\/wp-json\/wp\/v2\/media\/18283"}],"wp:attachment":[{"href":"https:\/\/www.elamazonico.com\/portal\/wp-json\/wp\/v2\/media?parent=18282"}],"wp:term":[{"taxonomy":"category","embeddable":true,"href":"https:\/\/www.elamazonico.com\/portal\/wp-json\/wp\/v2\/categories?post=18282"},{"taxonomy":"post_tag","embeddable":true,"href":"https:\/\/www.elamazonico.com\/portal\/wp-json\/wp\/v2\/tags?post=18282"}],"curies":[{"name":"wp","href":"https:\/\/api.w.org\/{rel}","templated":true}]}}