{"id":18278,"date":"2024-08-21T04:05:05","date_gmt":"2024-08-21T09:05:05","guid":{"rendered":"https:\/\/www.elamazonico.com\/portal\/?p=18278"},"modified":"2024-08-21T07:37:40","modified_gmt":"2024-08-21T12:37:40","slug":"18278-2","status":"publish","type":"post","link":"https:\/\/www.elamazonico.com\/portal\/18278-2\/","title":{"rendered":"Cerca de 7.5 millones de d\u00f3lares para la Salud y Conectividad de Sucumb\u00edos"},"content":{"rendered":"<p>En un esfuerzo por mejorar la calidad de vida de los habitantes de Sucumb\u00edos, el Gobierno Nacional firm\u00f3 dos convenios que reflejan un firme compromiso con el bienestar y el progreso de la regi\u00f3n Amaz\u00f3nica. La Ministra de la Amazon\u00eda, Isabel Enr\u00edquez, fue la encargada de anunciar estas importantes iniciativas, que suman cerca de 7.5 millones de d\u00f3lares.<\/p>\n<p>El primer convenio, en colaboraci\u00f3n con la organizaci\u00f3n Sucumb\u00edos Solidario, permitir\u00e1 financiar la atenci\u00f3n digna y especializada a personas que enfrentan enfermedades catastr\u00f3ficas. Esta medida asegura que los ciudadanos m\u00e1s vulnerables de la provincia reciban el apoyo necesario en momentos cr\u00edticos, evitando que nadie quede desatendido en situaciones de alta complejidad m\u00e9dica.<\/p>\n<p>El segundo convenio, firmado con la Prefectura de Sucumb\u00edos, est\u00e1 destinado a la ejecuci\u00f3n del asfalto de la v\u00eda E27 Puerto Providencia. Esta obra de infraestructura no solo mejorar\u00e1 la conectividad dentro de la provincia, sino que tambi\u00e9n impulsar\u00e1 el desarrollo econ\u00f3mico y social, facilitando el transporte de bienes y personas, y abriendo nuevas oportunidades para el comercio y el turismo en la regi\u00f3n.<\/p>\n<p>Estas acciones concretas son una clara demostraci\u00f3n de que cuando se trabaja en unidad, es posible construir un Ecuador que resuelve, avanza y cuida a su gente. La Ministra Enr\u00edquez resalt\u00f3 la importancia de seguir adelante con este tipo de iniciativas, que son fundamentales para construir un futuro lleno de oportunidades para todos.<\/p>\n<p>&nbsp;<\/p>\n","protected":false},"excerpt":{"rendered":"<p>En un esfuerzo por mejorar la calidad de vida de los habitantes de Sucumb\u00edos, el Gobierno Nacional firm\u00f3 dos convenios que reflejan un firme compromiso con el bienestar y el progreso de la regi\u00f3n Amaz\u00f3nica. La Ministra de la Amazon\u00eda, Isabel Enr\u00edquez, fue la encargada de anunciar estas importantes iniciativas, que suman cerca de 7.5 millones de d\u00f3lares. El primer convenio, en colaboraci\u00f3n con la organizaci\u00f3n Sucumb\u00edos Solidario, permitir\u00e1 financiar la atenci\u00f3n digna y especializada a personas que enfrentan enfermedades catastr\u00f3ficas. Esta medida asegura que los ciudadanos m\u00e1s vulnerables de la provincia reciban el apoyo necesario en momentos cr\u00edticos, evitando que nadie quede desatendido en situaciones de alta complejidad m\u00e9dica. El segundo convenio, firmado con la Prefectura de Sucumb\u00edos, est\u00e1 destinado a la ejecuci\u00f3n del asfalto de la v\u00eda E27 Puerto Providencia. Esta obra de infraestructura no solo mejorar\u00e1 la conectividad dentro de la provincia, sino que tambi\u00e9n impulsar\u00e1 el desarrollo econ\u00f3mico y social, facilitando el transporte de bienes y personas, y abriendo nuevas oportunidades para el comercio y el turismo en la regi\u00f3n. Estas acciones concretas son una clara demostraci\u00f3n de que cuando se trabaja en unidad, es posible construir un Ecuador que resuelve, avanza y cuida a su gente. La Ministra Enr\u00edquez resalt\u00f3 la importancia de seguir adelante con este tipo de iniciativas, que son fundamentales para construir un futuro lleno de oportunidades para todos. &nbsp;<\/p>\n","protected":false},"author":1,"featured_media":18279,"comment_status":"open","ping_status":"open","sticky":false,"template":"","format":"standard","meta":{"footnotes":""},"categories":[268],"tags":[],"class_list":["post-18278","post","type-post","status-publish","format-standard","has-post-thumbnail","hentry","category-nacionales"],"_links":{"self":[{"href":"https:\/\/www.elamazonico.com\/portal\/wp-json\/wp\/v2\/posts\/18278","targetHints":{"allow":["GET"]}}],"collection":[{"href":"https:\/\/www.elamazonico.com\/portal\/wp-json\/wp\/v2\/posts"}],"about":[{"href":"https:\/\/www.elamazonico.com\/portal\/wp-json\/wp\/v2\/types\/post"}],"author":[{"embeddable":true,"href":"https:\/\/www.elamazonico.com\/portal\/wp-json\/wp\/v2\/users\/1"}],"replies":[{"embeddable":true,"href":"https:\/\/www.elamazonico.com\/portal\/wp-json\/wp\/v2\/comments?post=18278"}],"version-history":[{"count":2,"href":"https:\/\/www.elamazonico.com\/portal\/wp-json\/wp\/v2\/posts\/18278\/revisions"}],"predecessor-version":[{"id":18281,"href":"https:\/\/www.elamazonico.com\/portal\/wp-json\/wp\/v2\/posts\/18278\/revisions\/18281"}],"wp:featuredmedia":[{"embeddable":true,"href":"https:\/\/www.elamazonico.com\/portal\/wp-json\/wp\/v2\/media\/18279"}],"wp:attachment":[{"href":"https:\/\/www.elamazonico.com\/portal\/wp-json\/wp\/v2\/media?parent=18278"}],"wp:term":[{"taxonomy":"category","embeddable":true,"href":"https:\/\/www.elamazonico.com\/portal\/wp-json\/wp\/v2\/categories?post=18278"},{"taxonomy":"post_tag","embeddable":true,"href":"https:\/\/www.elamazonico.com\/portal\/wp-json\/wp\/v2\/tags?post=18278"}],"curies":[{"name":"wp","href":"https:\/\/api.w.org\/{rel}","templated":true}]}}