{"id":18270,"date":"2024-08-21T04:03:00","date_gmt":"2024-08-21T09:03:00","guid":{"rendered":"https:\/\/www.elamazonico.com\/portal\/?p=18270"},"modified":"2024-08-20T21:37:57","modified_gmt":"2024-08-21T02:37:57","slug":"se-ejecuta-proyecto-de-embellecimiento-en-la-escuela-general-ruminahui-de-yantzaza","status":"publish","type":"post","link":"https:\/\/www.elamazonico.com\/portal\/se-ejecuta-proyecto-de-embellecimiento-en-la-escuela-general-ruminahui-de-yantzaza\/","title":{"rendered":"Se ejecuta Proyecto de Embellecimiento en la Escuela \u201cGeneral Rumi\u00f1ahui\u201d de Yantzaza"},"content":{"rendered":"<p>En un medio digital del cant\u00f3n Yantzaza, se da a conocer que la Escuela de Educaci\u00f3n B\u00e1sica \u201cGeneral Rumi\u00f1ahui\u201d, bajo la direcci\u00f3n del Sub-Director Oliver Jim\u00e9nez, ha iniciado un importante proyecto de embellecimiento de la parte externa de la instituci\u00f3n. Este proyecto tiene como objetivo no solo mejorar la imagen del plantel, sino tambi\u00e9n crear un entorno que refleje la importancia de la educaci\u00f3n y la cultura en la formaci\u00f3n de los estudiantes.<\/p>\n<p>Con el respaldo de la Alcaldesa Mar\u00eda Lalangui, el proyecto se puso en marcha el a\u00f1o lectivo anterior, y ya se pueden apreciar avances significativos en el embellecimiento de la instituci\u00f3n. El Sub-Director Jim\u00e9nez, junto con un profesional en artes pl\u00e1sticas y el apoyo de toda la planta docente, han trabajado incansablemente para dar color y vida a las paredes exteriores de la escuela.<\/p>\n<p>El proyecto se ha financiado principalmente con aportes voluntarios de los docentes y la instituci\u00f3n, quienes han asumido la compra de materiales y la ejecuci\u00f3n de las mejoras. A pesar de las limitaciones econ\u00f3micas, el entusiasmo y compromiso de la comunidad educativa permite que el proyecto contin\u00fae avanzando.<\/p>\n<p>Oliver Jim\u00e9nez ha expresado su agradecimiento a la Alcald\u00eda por su colaboraci\u00f3n, destacando la importancia de mantener este esfuerzo conjunto. Asimismo, ha hecho un llamado a la comunidad educativa y a la ciudadan\u00eda en general para que se unan en la conservaci\u00f3n y cuidado de las mejoras realizadas, asegurando que este entorno embellecido pueda ser disfrutado por las futuras generaciones de estudiantes.<\/p>\n<p>Finalmente, el Sub-Director extendi\u00f3 una invitaci\u00f3n a los padres de familia que a\u00fan no han matriculado a sus hijos, record\u00e1ndoles la importancia de formar parte de esta instituci\u00f3n que no solo se preocupa por la calidad educativa, sino tambi\u00e9n por el bienestar y desarrollo integral de sus estudiantes.<\/p>\n","protected":false},"excerpt":{"rendered":"<p>En un medio digital del cant\u00f3n Yantzaza, se da a conocer que la Escuela de Educaci\u00f3n B\u00e1sica \u201cGeneral Rumi\u00f1ahui\u201d, bajo la direcci\u00f3n del Sub-Director Oliver Jim\u00e9nez, ha iniciado un importante proyecto de embellecimiento de la parte externa de la instituci\u00f3n. Este proyecto tiene como objetivo no solo mejorar la imagen del plantel, sino tambi\u00e9n crear un entorno que refleje la importancia de la educaci\u00f3n y la cultura en la formaci\u00f3n de los estudiantes. Con el respaldo de la Alcaldesa Mar\u00eda Lalangui, el proyecto se puso en marcha el a\u00f1o lectivo anterior, y ya se pueden apreciar avances significativos en el embellecimiento de la instituci\u00f3n. El Sub-Director Jim\u00e9nez, junto con un profesional en artes pl\u00e1sticas y el apoyo de toda la planta docente, han trabajado incansablemente para dar color y vida a las paredes exteriores de la escuela. El proyecto se ha financiado principalmente con aportes voluntarios de los docentes y la instituci\u00f3n, quienes han asumido la compra de materiales y la ejecuci\u00f3n de las mejoras. A pesar de las limitaciones econ\u00f3micas, el entusiasmo y compromiso de la comunidad educativa permite que el proyecto contin\u00fae avanzando. Oliver Jim\u00e9nez ha expresado su agradecimiento a la Alcald\u00eda por su colaboraci\u00f3n, destacando la importancia de mantener este esfuerzo conjunto. Asimismo, ha hecho un llamado a la comunidad educativa y a la ciudadan\u00eda en general para que se unan en la conservaci\u00f3n y cuidado de las mejoras realizadas, asegurando que este entorno embellecido pueda ser disfrutado por las futuras generaciones de estudiantes. Finalmente, el Sub-Director extendi\u00f3 una invitaci\u00f3n a los padres de familia que a\u00fan no han matriculado a sus hijos, record\u00e1ndoles la importancia de formar parte de esta instituci\u00f3n que no solo se preocupa por la calidad educativa, sino tambi\u00e9n por el bienestar y desarrollo integral de sus estudiantes.<\/p>\n","protected":false},"author":1,"featured_media":18271,"comment_status":"open","ping_status":"open","sticky":false,"template":"","format":"standard","meta":{"footnotes":""},"categories":[243],"tags":[],"class_list":["post-18270","post","type-post","status-publish","format-standard","has-post-thumbnail","hentry","category-noticias-zamora"],"_links":{"self":[{"href":"https:\/\/www.elamazonico.com\/portal\/wp-json\/wp\/v2\/posts\/18270","targetHints":{"allow":["GET"]}}],"collection":[{"href":"https:\/\/www.elamazonico.com\/portal\/wp-json\/wp\/v2\/posts"}],"about":[{"href":"https:\/\/www.elamazonico.com\/portal\/wp-json\/wp\/v2\/types\/post"}],"author":[{"embeddable":true,"href":"https:\/\/www.elamazonico.com\/portal\/wp-json\/wp\/v2\/users\/1"}],"replies":[{"embeddable":true,"href":"https:\/\/www.elamazonico.com\/portal\/wp-json\/wp\/v2\/comments?post=18270"}],"version-history":[{"count":1,"href":"https:\/\/www.elamazonico.com\/portal\/wp-json\/wp\/v2\/posts\/18270\/revisions"}],"predecessor-version":[{"id":18272,"href":"https:\/\/www.elamazonico.com\/portal\/wp-json\/wp\/v2\/posts\/18270\/revisions\/18272"}],"wp:featuredmedia":[{"embeddable":true,"href":"https:\/\/www.elamazonico.com\/portal\/wp-json\/wp\/v2\/media\/18271"}],"wp:attachment":[{"href":"https:\/\/www.elamazonico.com\/portal\/wp-json\/wp\/v2\/media?parent=18270"}],"wp:term":[{"taxonomy":"category","embeddable":true,"href":"https:\/\/www.elamazonico.com\/portal\/wp-json\/wp\/v2\/categories?post=18270"},{"taxonomy":"post_tag","embeddable":true,"href":"https:\/\/www.elamazonico.com\/portal\/wp-json\/wp\/v2\/tags?post=18270"}],"curies":[{"name":"wp","href":"https:\/\/api.w.org\/{rel}","templated":true}]}}