{"id":18251,"date":"2024-08-20T04:04:07","date_gmt":"2024-08-20T09:04:07","guid":{"rendered":"https:\/\/www.elamazonico.com\/portal\/?p=18251"},"modified":"2024-08-19T17:59:31","modified_gmt":"2024-08-19T22:59:31","slug":"en-chinchipe-implementara-proyecto-piloto-de-inclusion-social-para-personas-con-discapacidad","status":"publish","type":"post","link":"https:\/\/www.elamazonico.com\/portal\/en-chinchipe-implementara-proyecto-piloto-de-inclusion-social-para-personas-con-discapacidad\/","title":{"rendered":"En Chinchipe implementar\u00e1 proyecto piloto de Inclusi\u00f3n Social para Personas con Discapacidad"},"content":{"rendered":"<p>El cant\u00f3n Chinchipe se prepara para lanzar un innovador proyecto piloto de inclusi\u00f3n social, dise\u00f1ado para brindar terapias especializadas a personas con discapacidad. Esta iniciativa cuenta con el respaldo del Gobierno Provincial de Zamora y el apoyo del municipio local, y fue presentada oficialmente durante una reuni\u00f3n con padres de familia y autoridades locales.<\/p>\n<p>Daisy Cuenca, directora de Inclusi\u00f3n Social del Gobierno Provincial, detall\u00f3 que el proyecto busca replicar el modelo de atenci\u00f3n implementado con \u00e9xito en la cabecera provincial de Zamora, donde se ofrecen servicios de rehabilitaci\u00f3n. Cuenca subray\u00f3 que este esfuerzo colaborativo entre diversas instituciones y la comunidad permitir\u00e1 que personas con discapacidad accedan a terapias de lenguaje, estimulaci\u00f3n temprana, fisioterapia y equinoterapia.<\/p>\n<p>En su fase inicial, el proyecto tiene como objetivo a largo plazo la construcci\u00f3n de un centro de rehabilitaci\u00f3n en Chinchipe. Cuenca inform\u00f3 que ya se han formalizado los acuerdos necesarios para arrendar un local y comenzar las terapias, mientras se gestionan los tr\u00e1mites para la construcci\u00f3n del centro. El terreno para la infraestructura ser\u00e1 donado por la parroquia eclesi\u00e1stica local.<\/p>\n<p>Jully N\u00fa\u00f1ez, representante de los padres de ni\u00f1os con discapacidad, destac\u00f3 la importancia de esta iniciativa, que facilitar\u00e1 a las familias el acceso a terapias sin necesidad de desplazarse a otras ciudades. Las terapias se ofrecer\u00e1n cada 15 d\u00edas, con la participaci\u00f3n de un equipo de t\u00e9cnicos especializados que viajar\u00e1n desde Zamora.<\/p>\n<p>El proyecto ha sido recibido con gran aceptaci\u00f3n por la comunidad, reflejado en la participaci\u00f3n de alrededor de 40 personas, incluidas autoridades locales y representantes de instituciones educativas, en la reuni\u00f3n de socializaci\u00f3n.<\/p>\n","protected":false},"excerpt":{"rendered":"<p>El cant\u00f3n Chinchipe se prepara para lanzar un innovador proyecto piloto de inclusi\u00f3n social, dise\u00f1ado para brindar terapias especializadas a personas con discapacidad. Esta iniciativa cuenta con el respaldo del Gobierno Provincial de Zamora y el apoyo del municipio local, y fue presentada oficialmente durante una reuni\u00f3n con padres de familia y autoridades locales. Daisy Cuenca, directora de Inclusi\u00f3n Social del Gobierno Provincial, detall\u00f3 que el proyecto busca replicar el modelo de atenci\u00f3n implementado con \u00e9xito en la cabecera provincial de Zamora, donde se ofrecen servicios de rehabilitaci\u00f3n. Cuenca subray\u00f3 que este esfuerzo colaborativo entre diversas instituciones y la comunidad permitir\u00e1 que personas con discapacidad accedan a terapias de lenguaje, estimulaci\u00f3n temprana, fisioterapia y equinoterapia. En su fase inicial, el proyecto tiene como objetivo a largo plazo la construcci\u00f3n de un centro de rehabilitaci\u00f3n en Chinchipe. Cuenca inform\u00f3 que ya se han formalizado los acuerdos necesarios para arrendar un local y comenzar las terapias, mientras se gestionan los tr\u00e1mites para la construcci\u00f3n del centro. El terreno para la infraestructura ser\u00e1 donado por la parroquia eclesi\u00e1stica local. Jully N\u00fa\u00f1ez, representante de los padres de ni\u00f1os con discapacidad, destac\u00f3 la importancia de esta iniciativa, que facilitar\u00e1 a las familias el acceso a terapias sin necesidad de desplazarse a otras ciudades. Las terapias se ofrecer\u00e1n cada 15 d\u00edas, con la participaci\u00f3n de un equipo de t\u00e9cnicos especializados que viajar\u00e1n desde Zamora. El proyecto ha sido recibido con gran aceptaci\u00f3n por la comunidad, reflejado en la participaci\u00f3n de alrededor de 40 personas, incluidas autoridades locales y representantes de instituciones educativas, en la reuni\u00f3n de socializaci\u00f3n.<\/p>\n","protected":false},"author":1,"featured_media":18252,"comment_status":"open","ping_status":"open","sticky":false,"template":"","format":"standard","meta":{"footnotes":""},"categories":[243],"tags":[],"class_list":["post-18251","post","type-post","status-publish","format-standard","has-post-thumbnail","hentry","category-noticias-zamora"],"_links":{"self":[{"href":"https:\/\/www.elamazonico.com\/portal\/wp-json\/wp\/v2\/posts\/18251","targetHints":{"allow":["GET"]}}],"collection":[{"href":"https:\/\/www.elamazonico.com\/portal\/wp-json\/wp\/v2\/posts"}],"about":[{"href":"https:\/\/www.elamazonico.com\/portal\/wp-json\/wp\/v2\/types\/post"}],"author":[{"embeddable":true,"href":"https:\/\/www.elamazonico.com\/portal\/wp-json\/wp\/v2\/users\/1"}],"replies":[{"embeddable":true,"href":"https:\/\/www.elamazonico.com\/portal\/wp-json\/wp\/v2\/comments?post=18251"}],"version-history":[{"count":1,"href":"https:\/\/www.elamazonico.com\/portal\/wp-json\/wp\/v2\/posts\/18251\/revisions"}],"predecessor-version":[{"id":18253,"href":"https:\/\/www.elamazonico.com\/portal\/wp-json\/wp\/v2\/posts\/18251\/revisions\/18253"}],"wp:featuredmedia":[{"embeddable":true,"href":"https:\/\/www.elamazonico.com\/portal\/wp-json\/wp\/v2\/media\/18252"}],"wp:attachment":[{"href":"https:\/\/www.elamazonico.com\/portal\/wp-json\/wp\/v2\/media?parent=18251"}],"wp:term":[{"taxonomy":"category","embeddable":true,"href":"https:\/\/www.elamazonico.com\/portal\/wp-json\/wp\/v2\/categories?post=18251"},{"taxonomy":"post_tag","embeddable":true,"href":"https:\/\/www.elamazonico.com\/portal\/wp-json\/wp\/v2\/tags?post=18251"}],"curies":[{"name":"wp","href":"https:\/\/api.w.org\/{rel}","templated":true}]}}