{"id":18210,"date":"2024-08-19T04:10:55","date_gmt":"2024-08-19T09:10:55","guid":{"rendered":"https:\/\/www.elamazonico.com\/portal\/?p=18210"},"modified":"2024-08-18T16:44:25","modified_gmt":"2024-08-18T21:44:25","slug":"pachakutik-eligio-en-primarias-a-salvador-quishpe-como-candidato-a-asambleista-provincial","status":"publish","type":"post","link":"https:\/\/www.elamazonico.com\/portal\/pachakutik-eligio-en-primarias-a-salvador-quishpe-como-candidato-a-asambleista-provincial\/","title":{"rendered":"Pachakutik eligi\u00f3 en primarias a Salvador Quishpe como candidato a Asamble\u00edsta Provincial"},"content":{"rendered":"<p>El Movimiento Plurinacional Pachakutik de Zamora Chinchipe celebr\u00f3 este s\u00e1bado sus elecciones primarias para definir a los candidatos a Asamble\u00edstas Provinciales en las pr\u00f3ximas elecciones. En un proceso electoral que cont\u00f3 con una participaci\u00f3n activa de sus miembros, el soci\u00f3logo Salvador Quishpe Lozano emergi\u00f3 como el gran ganador de la contienda, consolid\u00e1ndose como el primer candidato de la lista \u201cA\u201d.<\/p>\n<p>Con un total de 50 votos, Quishpe super\u00f3 a sus contrincantes de manera contundente. Fredy Chamba, otro de los aspirantes, obtuvo 15 votos, mientras que se registr\u00f3 un voto en blanco. Esta victoria coloca a Quishpe en una posici\u00f3n privilegiada para representar nuevamente a la provincia de Zamora Chinchipe en la Asamblea Nacional.<\/p>\n<p>Salvador Quishpe Lozano es una figura destacada en la pol\u00edtica de Zamora Chinchipe y en el \u00e1mbito nacional. Su trayectoria incluye dos per\u00edodos como diputado representando a la provincia en los a\u00f1os 2003 y 2007. Entre 2009 y 2019, Quishpe ocup\u00f3 el cargo de prefecto de Zamora Chinchipe, donde se destac\u00f3 por su postura cr\u00edtica frente al gobierno de Rafael Correa. Durante su administraci\u00f3n, fue uno de los principales l\u00edderes de las protestas ind\u00edgenas, incluyendo la marcha hacia Quito en 2012 contra la miner\u00eda.<\/p>\n<p>En 2021, Quishpe encabez\u00f3 la lista de asamble\u00edstas nacionales del Movimiento de Unidad Plurinacional Pachakutik, resultando electo en las elecciones legislativas del 7 de febrero de 2021, marcando su regreso a la legislatura nacional despu\u00e9s de 14 a\u00f1os.<\/p>\n<p>El Movimiento Plurinacional Pachakutik de Zamora Chinchipe se muestra optimista ante las pr\u00f3ximas elecciones, confiando en la experiencia y el liderazgo de Salvador Quishpe para representar y defender los intereses de la provincia en la Asamblea Nacional.<\/p>\n","protected":false},"excerpt":{"rendered":"<p>El Movimiento Plurinacional Pachakutik de Zamora Chinchipe celebr\u00f3 este s\u00e1bado sus elecciones primarias para definir a los candidatos a Asamble\u00edstas Provinciales en las pr\u00f3ximas elecciones. En un proceso electoral que cont\u00f3 con una participaci\u00f3n activa de sus miembros, el soci\u00f3logo Salvador Quishpe Lozano emergi\u00f3 como el gran ganador de la contienda, consolid\u00e1ndose como el primer candidato de la lista \u201cA\u201d. Con un total de 50 votos, Quishpe super\u00f3 a sus contrincantes de manera contundente. Fredy Chamba, otro de los aspirantes, obtuvo 15 votos, mientras que se registr\u00f3 un voto en blanco. Esta victoria coloca a Quishpe en una posici\u00f3n privilegiada para representar nuevamente a la provincia de Zamora Chinchipe en la Asamblea Nacional. Salvador Quishpe Lozano es una figura destacada en la pol\u00edtica de Zamora Chinchipe y en el \u00e1mbito nacional. Su trayectoria incluye dos per\u00edodos como diputado representando a la provincia en los a\u00f1os 2003 y 2007. Entre 2009 y 2019, Quishpe ocup\u00f3 el cargo de prefecto de Zamora Chinchipe, donde se destac\u00f3 por su postura cr\u00edtica frente al gobierno de Rafael Correa. Durante su administraci\u00f3n, fue uno de los principales l\u00edderes de las protestas ind\u00edgenas, incluyendo la marcha hacia Quito en 2012 contra la miner\u00eda. En 2021, Quishpe encabez\u00f3 la lista de asamble\u00edstas nacionales del Movimiento de Unidad Plurinacional Pachakutik, resultando electo en las elecciones legislativas del 7 de febrero de 2021, marcando su regreso a la legislatura nacional despu\u00e9s de 14 a\u00f1os. El Movimiento Plurinacional Pachakutik de Zamora Chinchipe se muestra optimista ante las pr\u00f3ximas elecciones, confiando en la experiencia y el liderazgo de Salvador Quishpe para representar y defender los intereses de la provincia en la Asamblea Nacional.<\/p>\n","protected":false},"author":1,"featured_media":18211,"comment_status":"open","ping_status":"open","sticky":false,"template":"","format":"standard","meta":{"footnotes":""},"categories":[243],"tags":[],"class_list":["post-18210","post","type-post","status-publish","format-standard","has-post-thumbnail","hentry","category-noticias-zamora"],"_links":{"self":[{"href":"https:\/\/www.elamazonico.com\/portal\/wp-json\/wp\/v2\/posts\/18210","targetHints":{"allow":["GET"]}}],"collection":[{"href":"https:\/\/www.elamazonico.com\/portal\/wp-json\/wp\/v2\/posts"}],"about":[{"href":"https:\/\/www.elamazonico.com\/portal\/wp-json\/wp\/v2\/types\/post"}],"author":[{"embeddable":true,"href":"https:\/\/www.elamazonico.com\/portal\/wp-json\/wp\/v2\/users\/1"}],"replies":[{"embeddable":true,"href":"https:\/\/www.elamazonico.com\/portal\/wp-json\/wp\/v2\/comments?post=18210"}],"version-history":[{"count":1,"href":"https:\/\/www.elamazonico.com\/portal\/wp-json\/wp\/v2\/posts\/18210\/revisions"}],"predecessor-version":[{"id":18212,"href":"https:\/\/www.elamazonico.com\/portal\/wp-json\/wp\/v2\/posts\/18210\/revisions\/18212"}],"wp:featuredmedia":[{"embeddable":true,"href":"https:\/\/www.elamazonico.com\/portal\/wp-json\/wp\/v2\/media\/18211"}],"wp:attachment":[{"href":"https:\/\/www.elamazonico.com\/portal\/wp-json\/wp\/v2\/media?parent=18210"}],"wp:term":[{"taxonomy":"category","embeddable":true,"href":"https:\/\/www.elamazonico.com\/portal\/wp-json\/wp\/v2\/categories?post=18210"},{"taxonomy":"post_tag","embeddable":true,"href":"https:\/\/www.elamazonico.com\/portal\/wp-json\/wp\/v2\/tags?post=18210"}],"curies":[{"name":"wp","href":"https:\/\/api.w.org\/{rel}","templated":true}]}}