{"id":18207,"date":"2024-08-19T04:07:04","date_gmt":"2024-08-19T09:07:04","guid":{"rendered":"https:\/\/www.elamazonico.com\/portal\/?p=18207"},"modified":"2024-08-19T10:01:16","modified_gmt":"2024-08-19T15:01:16","slug":"gabriela-isabel-hermenegilda-avecilla-precandidata-a-asambleista-por-zamora-chinchipe-en-las-elecciones-de-2025","status":"publish","type":"post","link":"https:\/\/www.elamazonico.com\/portal\/gabriela-isabel-hermenegilda-avecilla-precandidata-a-asambleista-por-zamora-chinchipe-en-las-elecciones-de-2025\/","title":{"rendered":"Gabriela Isabel Hermenegilda Avecilla: Precandidata a asamble\u00edsta por Zamora Chinchipe en las Elecciones de 2025"},"content":{"rendered":"<p>El Movimiento Construye, Lista 25, finaliz\u00f3 recientemente su proceso de primarias a nivel nacional, llevadas a cabo mediante la plataforma Zoom, para seleccionar a sus precandidatos para las pr\u00f3ximas elecciones generales de 2025. Durante este proceso, se eligieron los candidatos a Presidente, Vicepresidente y asamble\u00edstas que representar\u00e1n al movimiento en las diversas provincias del pa\u00eds, incluida Zamora Chinchipe.<\/p>\n<p>En las primarias provinciales, Henry Cucal\u00f3n y Carla Larrea fueron seleccionados como los candidatos oficiales a la Presidencia y Vicepresidencia de la Rep\u00fablica, respectivamente. Dentro de los cuadros que conforman las candidaturas de la provincia de Zamora Chinchipe, Gabriela Isabel Hermenegilda Avecilla fue elegida como la primera candidata titular a la Asamblea Nacional, con Dylan Alexel Tapia Orellana como su alterno. El segundo candidato titular es Stiven Jhoel Jim\u00e9nez Castillo, quien estar\u00e1 acompa\u00f1ado por Mayra Elizabeth Villavicencio como su suplente.<\/p>\n<p>Gabriela Isabel Hermenegilda Avecilla, adem\u00e1s de ser una de las opciones para representar a Zamora Chinchipe, cuenta con una formaci\u00f3n profesional destacada. Es acreditada como Personal Fitness Trainer (N.IFBB-C\/32875), Entrenadora Nacional de Musculaci\u00f3n (FEFICULP), Maestra en Cosmetolog\u00eda, T\u00e9cnico en Terapia F\u00edsica y Rehabilitaci\u00f3n (UPLGC), Especialista en Masaje Terap\u00e9utico y Cosmiatr\u00eda, y actualmente se encuentra cursando estudios en Administraci\u00f3n Financiera en INAM.<\/p>\n<p>No obstante, desde las bases del movimiento en Zamora Chinchipe se ha expresado una creciente preocupaci\u00f3n y descontento, ya que no se conoce con claridad qui\u00e9nes mocionaron estos nombres y tampoco se reconoce a los mencionados candidatos como adherentes del movimiento a nivel provincial. En este sentido, se ha hecho un llamado enf\u00e1tico a la dirigencia nacional a respetar las decisiones locales.<\/p>\n","protected":false},"excerpt":{"rendered":"<p>El Movimiento Construye, Lista 25, finaliz\u00f3 recientemente su proceso de primarias a nivel nacional, llevadas a cabo mediante la plataforma Zoom, para seleccionar a sus precandidatos para las pr\u00f3ximas elecciones generales de 2025. Durante este proceso, se eligieron los candidatos a Presidente, Vicepresidente y asamble\u00edstas que representar\u00e1n al movimiento en las diversas provincias del pa\u00eds, incluida Zamora Chinchipe. En las primarias provinciales, Henry Cucal\u00f3n y Carla Larrea fueron seleccionados como los candidatos oficiales a la Presidencia y Vicepresidencia de la Rep\u00fablica, respectivamente. Dentro de los cuadros que conforman las candidaturas de la provincia de Zamora Chinchipe, Gabriela Isabel Hermenegilda Avecilla fue elegida como la primera candidata titular a la Asamblea Nacional, con Dylan Alexel Tapia Orellana como su alterno. El segundo candidato titular es Stiven Jhoel Jim\u00e9nez Castillo, quien estar\u00e1 acompa\u00f1ado por Mayra Elizabeth Villavicencio como su suplente. Gabriela Isabel Hermenegilda Avecilla, adem\u00e1s de ser una de las opciones para representar a Zamora Chinchipe, cuenta con una formaci\u00f3n profesional destacada. Es acreditada como Personal Fitness Trainer (N.IFBB-C\/32875), Entrenadora Nacional de Musculaci\u00f3n (FEFICULP), Maestra en Cosmetolog\u00eda, T\u00e9cnico en Terapia F\u00edsica y Rehabilitaci\u00f3n (UPLGC), Especialista en Masaje Terap\u00e9utico y Cosmiatr\u00eda, y actualmente se encuentra cursando estudios en Administraci\u00f3n Financiera en INAM. No obstante, desde las bases del movimiento en Zamora Chinchipe se ha expresado una creciente preocupaci\u00f3n y descontento, ya que no se conoce con claridad qui\u00e9nes mocionaron estos nombres y tampoco se reconoce a los mencionados candidatos como adherentes del movimiento a nivel provincial. En este sentido, se ha hecho un llamado enf\u00e1tico a la dirigencia nacional a respetar las decisiones locales.<\/p>\n","protected":false},"author":1,"featured_media":18208,"comment_status":"open","ping_status":"open","sticky":false,"template":"","format":"standard","meta":{"footnotes":""},"categories":[243],"tags":[],"class_list":["post-18207","post","type-post","status-publish","format-standard","has-post-thumbnail","hentry","category-noticias-zamora"],"_links":{"self":[{"href":"https:\/\/www.elamazonico.com\/portal\/wp-json\/wp\/v2\/posts\/18207","targetHints":{"allow":["GET"]}}],"collection":[{"href":"https:\/\/www.elamazonico.com\/portal\/wp-json\/wp\/v2\/posts"}],"about":[{"href":"https:\/\/www.elamazonico.com\/portal\/wp-json\/wp\/v2\/types\/post"}],"author":[{"embeddable":true,"href":"https:\/\/www.elamazonico.com\/portal\/wp-json\/wp\/v2\/users\/1"}],"replies":[{"embeddable":true,"href":"https:\/\/www.elamazonico.com\/portal\/wp-json\/wp\/v2\/comments?post=18207"}],"version-history":[{"count":2,"href":"https:\/\/www.elamazonico.com\/portal\/wp-json\/wp\/v2\/posts\/18207\/revisions"}],"predecessor-version":[{"id":18231,"href":"https:\/\/www.elamazonico.com\/portal\/wp-json\/wp\/v2\/posts\/18207\/revisions\/18231"}],"wp:featuredmedia":[{"embeddable":true,"href":"https:\/\/www.elamazonico.com\/portal\/wp-json\/wp\/v2\/media\/18208"}],"wp:attachment":[{"href":"https:\/\/www.elamazonico.com\/portal\/wp-json\/wp\/v2\/media?parent=18207"}],"wp:term":[{"taxonomy":"category","embeddable":true,"href":"https:\/\/www.elamazonico.com\/portal\/wp-json\/wp\/v2\/categories?post=18207"},{"taxonomy":"post_tag","embeddable":true,"href":"https:\/\/www.elamazonico.com\/portal\/wp-json\/wp\/v2\/tags?post=18207"}],"curies":[{"name":"wp","href":"https:\/\/api.w.org\/{rel}","templated":true}]}}