{"id":18140,"date":"2024-08-14T10:03:15","date_gmt":"2024-08-14T15:03:15","guid":{"rendered":"https:\/\/www.elamazonico.com\/portal\/?p=18140"},"modified":"2024-08-14T10:03:15","modified_gmt":"2024-08-14T15:03:15","slug":"unidad-educativa-12-de-febrero-abre-matriculas-para-el-bachillerato-intensivo","status":"publish","type":"post","link":"https:\/\/www.elamazonico.com\/portal\/unidad-educativa-12-de-febrero-abre-matriculas-para-el-bachillerato-intensivo\/","title":{"rendered":"Unidad Educativa \u201c12 de Febrero\u201d abre  matr\u00edculas para el Bachillerato Intensivo"},"content":{"rendered":"<p>La Unidad Educativa \u201c12 de Febrero\u201d abre oficialmente las matr\u00edculas para su programa de Bachillerato Intensivo, dirigido a j\u00f3venes y adultos que no pudieron culminar sus estudios en su debido momento. Este programa, que se ofrece desde 2019, busca proporcionar una segunda oportunidad para aquellos que desean continuar su educaci\u00f3n, mejorar su situaci\u00f3n econ\u00f3mica, y contribuir al desarrollo de su comunidad.<\/p>\n<p>En una reciente entrevista con el diario El Amaz\u00f3nico, Mario Paz, Inspector de la Jornada Nocturna de la Unidad Educativa \u201c12 de Febrero\u201d, destac\u00f3 la importancia de la educaci\u00f3n como una herramienta esencial para la vida. \u00abEl estudio no solo te permite acceder a mejores oportunidades laborales, sino que tambi\u00e9n te prepara para emprender, guiar a tus hijos y mejorar tu calidad de vida\u00bb, afirm\u00f3 Paz.<\/p>\n<p>El programa de Bachillerato Intensivo ofrece una modalidad de estudio que permite a los participantes completar un a\u00f1o acad\u00e9mico en tan solo cinco meses, mediante un enfoque intensivo y seleccionado de contenidos. Las clases se desarrollan en horario nocturno, de lunes a viernes, de 18:00 a 22:30, lo que facilita la participaci\u00f3n de aquellos que trabajan o tienen otras responsabilidades durante el d\u00eda.<\/p>\n<p>Las matr\u00edculas est\u00e1n abiertas hasta el 23 de agosto y pueden realizarse en la Secretar\u00eda del Plantel de 08:00 a 15:00. Los requisitos son sencillos: copia de la c\u00e9dula de identidad, expediente acad\u00e9mico, y una carta de luz para confirmar la residencia. Para aquellos que, por razones de migraci\u00f3n u otros factores, no poseen su expediente acad\u00e9mico, se ha habilitado un examen de ubicaci\u00f3n que permitir\u00e1 validar sus estudios previos.<\/p>\n<p>Mario Paz hizo un llamado a la comunidad, especialmente a los medios de comunicaci\u00f3n, para que ayuden a motivar a las personas que a\u00fan no han completado su educaci\u00f3n b\u00e1sica o bachillerato. \u00abSabemos que hay aproximadamente dos millones de personas a nivel nacional que no han concluido la educaci\u00f3n b\u00e1sica superior y alrededor de ochocientas mil que no se han graduado de bachillerato. La oportunidad est\u00e1 aqu\u00ed, lo \u00fanico que falta es la voluntad de aprovecharla\u00bb, concluy\u00f3.<br \/>\nAdem\u00e1s de las matr\u00edculas presenciales, la instituci\u00f3n ha facilitado un enlace en su p\u00e1gina web para realizar el proceso de preinscripci\u00f3n en l\u00ednea. Sin embargo, se enfatiza la necesidad de que los aspirantes se acerquen personalmente a legalizar su matr\u00edcula.<br \/>\nCon un cuerpo docente altamente capacitado, instalaciones adecuadas, y un compromiso constante con la calidad educativa, la Unidad Educativa \u201c12 de Febrero\u201d se posiciona como una opci\u00f3n viable para aquellos que desean retomar sus estudios y avanzar en su desarrollo personal y profesional.<\/p>\n","protected":false},"excerpt":{"rendered":"<p>La Unidad Educativa \u201c12 de Febrero\u201d abre oficialmente las matr\u00edculas para su programa de Bachillerato Intensivo, dirigido a j\u00f3venes y adultos que no pudieron culminar sus estudios en su debido momento. Este programa, que se ofrece desde 2019, busca proporcionar una segunda oportunidad para aquellos que desean continuar su educaci\u00f3n, mejorar su situaci\u00f3n econ\u00f3mica, y contribuir al desarrollo de su comunidad. En una reciente entrevista con el diario El Amaz\u00f3nico, Mario Paz, Inspector de la Jornada Nocturna de la Unidad Educativa \u201c12 de Febrero\u201d, destac\u00f3 la importancia de la educaci\u00f3n como una herramienta esencial para la vida. \u00abEl estudio no solo te permite acceder a mejores oportunidades laborales, sino que tambi\u00e9n te prepara para emprender, guiar a tus hijos y mejorar tu calidad de vida\u00bb, afirm\u00f3 Paz. El programa de Bachillerato Intensivo ofrece una modalidad de estudio que permite a los participantes completar un a\u00f1o acad\u00e9mico en tan solo cinco meses, mediante un enfoque intensivo y seleccionado de contenidos. Las clases se desarrollan en horario nocturno, de lunes a viernes, de 18:00 a 22:30, lo que facilita la participaci\u00f3n de aquellos que trabajan o tienen otras responsabilidades durante el d\u00eda. Las matr\u00edculas est\u00e1n abiertas hasta el 23 de agosto y pueden realizarse en la Secretar\u00eda del Plantel de 08:00 a 15:00. Los requisitos son sencillos: copia de la c\u00e9dula de identidad, expediente acad\u00e9mico, y una carta de luz para confirmar la residencia. Para aquellos que, por razones de migraci\u00f3n u otros factores, no poseen su expediente acad\u00e9mico, se ha habilitado un examen de ubicaci\u00f3n que permitir\u00e1 validar sus estudios previos. Mario Paz hizo un llamado a la comunidad, especialmente a los medios de comunicaci\u00f3n, para que ayuden a motivar a las personas que a\u00fan no han completado su educaci\u00f3n b\u00e1sica o bachillerato. \u00abSabemos que hay aproximadamente dos millones de personas a nivel nacional que no han concluido la educaci\u00f3n b\u00e1sica superior y alrededor de ochocientas mil que no se han graduado de bachillerato. La oportunidad est\u00e1 aqu\u00ed, lo \u00fanico que falta es la voluntad de aprovecharla\u00bb, concluy\u00f3. Adem\u00e1s de las matr\u00edculas presenciales, la instituci\u00f3n ha facilitado un enlace en su p\u00e1gina web para realizar el proceso de preinscripci\u00f3n en l\u00ednea. Sin embargo, se enfatiza la necesidad de que los aspirantes se acerquen personalmente a legalizar su matr\u00edcula. Con un cuerpo docente altamente capacitado, instalaciones adecuadas, y un compromiso constante con la calidad educativa, la Unidad Educativa \u201c12 de Febrero\u201d se posiciona como una opci\u00f3n viable para aquellos que desean retomar sus estudios y avanzar en su desarrollo personal y profesional.<\/p>\n","protected":false},"author":1,"featured_media":18141,"comment_status":"open","ping_status":"open","sticky":false,"template":"","format":"standard","meta":{"footnotes":""},"categories":[243],"tags":[],"class_list":["post-18140","post","type-post","status-publish","format-standard","has-post-thumbnail","hentry","category-noticias-zamora"],"_links":{"self":[{"href":"https:\/\/www.elamazonico.com\/portal\/wp-json\/wp\/v2\/posts\/18140","targetHints":{"allow":["GET"]}}],"collection":[{"href":"https:\/\/www.elamazonico.com\/portal\/wp-json\/wp\/v2\/posts"}],"about":[{"href":"https:\/\/www.elamazonico.com\/portal\/wp-json\/wp\/v2\/types\/post"}],"author":[{"embeddable":true,"href":"https:\/\/www.elamazonico.com\/portal\/wp-json\/wp\/v2\/users\/1"}],"replies":[{"embeddable":true,"href":"https:\/\/www.elamazonico.com\/portal\/wp-json\/wp\/v2\/comments?post=18140"}],"version-history":[{"count":1,"href":"https:\/\/www.elamazonico.com\/portal\/wp-json\/wp\/v2\/posts\/18140\/revisions"}],"predecessor-version":[{"id":18142,"href":"https:\/\/www.elamazonico.com\/portal\/wp-json\/wp\/v2\/posts\/18140\/revisions\/18142"}],"wp:featuredmedia":[{"embeddable":true,"href":"https:\/\/www.elamazonico.com\/portal\/wp-json\/wp\/v2\/media\/18141"}],"wp:attachment":[{"href":"https:\/\/www.elamazonico.com\/portal\/wp-json\/wp\/v2\/media?parent=18140"}],"wp:term":[{"taxonomy":"category","embeddable":true,"href":"https:\/\/www.elamazonico.com\/portal\/wp-json\/wp\/v2\/categories?post=18140"},{"taxonomy":"post_tag","embeddable":true,"href":"https:\/\/www.elamazonico.com\/portal\/wp-json\/wp\/v2\/tags?post=18140"}],"curies":[{"name":"wp","href":"https:\/\/api.w.org\/{rel}","templated":true}]}}