{"id":18126,"date":"2024-08-13T09:28:01","date_gmt":"2024-08-13T14:28:01","guid":{"rendered":"https:\/\/www.elamazonico.com\/portal\/?p=18126"},"modified":"2024-08-13T09:28:01","modified_gmt":"2024-08-13T14:28:01","slug":"inicio-de-la-construccion-del-estadio-con-cesped-sintetico-en-namirez-bajo","status":"publish","type":"post","link":"https:\/\/www.elamazonico.com\/portal\/inicio-de-la-construccion-del-estadio-con-cesped-sintetico-en-namirez-bajo\/","title":{"rendered":"Inici\u00f3 de la construcci\u00f3n del \u00abEstadio con C\u00e9sped Sint\u00e9tico\u00bb en Nam\u00edrez Bajo"},"content":{"rendered":"<p style=\"text-align: justify;\"><span style=\"font-family: 'Arial',sans-serif;\">En el barrio Namirez Bajo, se llev\u00f3 a cabo la ceremonia de colocaci\u00f3n de la primera piedra para la construcci\u00f3n del esperado \u00abEstadio con C\u00e9sped Sint\u00e9tico\u00bb, una obra que representa un hito en el desarrollo deportivo y recreativo del cant\u00f3n Zamora. Este estadio ser\u00e1 el escenario del reconocido campeonato anual de la Copa Champions League, consolid\u00e1ndose como un espacio de gran importancia para la comunidad local y los deportistas del sector.<\/span><\/p>\n<p style=\"text-align: justify;\"><span style=\"font-family: 'Arial',sans-serif;\">El evento cont\u00f3 con la presencia del alcalde del cant\u00f3n Zamora, Manuel Gonz\u00e1lez; concejales; Yulisa Celi, gerente Zonal del Banco de Desarrollo del Ecuador; Tony Morocho, presidente del GAD Parroquial de Cumbaratza; as\u00ed como diversas autoridades locales, deportistas y ciudadanos que se congregaron para celebrar el inicio de esta significativa obra.<\/span><\/p>\n<p style=\"text-align: justify;\"><span style=\"font-family: 'Arial',sans-serif;\">Con una inversi\u00f3n de $489,754.66 d\u00f3lares americanos, el proyecto del estadio con c\u00e9sped sint\u00e9tico es un claro ejemplo del compromiso de las autoridades locales y con el fomento del deporte y la recreaci\u00f3n en la comunidad. Este espacio no solo ser\u00e1 un punto de encuentro para los eventos deportivos, sino tambi\u00e9n un lugar donde la ciudadan\u00eda podr\u00e1 disfrutar de actividades recreativas en un entorno moderno y seguro.<\/span><\/p>\n<p style=\"text-align: justify;\"><span style=\"font-family: 'Arial',sans-serif;\">El alcalde Manuel Gonz\u00e1lez destac\u00f3 en su intervenci\u00f3n la importancia de este proyecto para el cant\u00f3n Zamora, subrayando que \u00abla construcci\u00f3n de este estadio es un paso fundamental para promover el deporte, fortalecer los lazos comunitarios y brindar a nuestros j\u00f3venes y deportistas un espacio de calidad para su desarrollo.\u00bb<\/span><\/p>\n<p style=\"text-align: justify;\"><span style=\"font-family: 'Arial',sans-serif;\">La ejecuci\u00f3n de este proyecto marca el inicio de una nueva era en la infraestructura deportiva del cant\u00f3n, reafirmando el compromiso de las autoridades con el bienestar y el progreso de la comunidad.<\/span><\/p>\n","protected":false},"excerpt":{"rendered":"<p>En el barrio Namirez Bajo, se llev\u00f3 a cabo la ceremonia de colocaci\u00f3n de la primera piedra para la construcci\u00f3n del esperado \u00abEstadio con C\u00e9sped Sint\u00e9tico\u00bb, una obra que representa un hito en el desarrollo deportivo y recreativo del cant\u00f3n Zamora. Este estadio ser\u00e1 el escenario del reconocido campeonato anual de la Copa Champions League, consolid\u00e1ndose como un espacio de gran importancia para la comunidad local y los deportistas del sector. El evento cont\u00f3 con la presencia del alcalde del cant\u00f3n Zamora, Manuel Gonz\u00e1lez; concejales; Yulisa Celi, gerente Zonal del Banco de Desarrollo del Ecuador; Tony Morocho, presidente del GAD Parroquial de Cumbaratza; as\u00ed como diversas autoridades locales, deportistas y ciudadanos que se congregaron para celebrar el inicio de esta significativa obra. Con una inversi\u00f3n de $489,754.66 d\u00f3lares americanos, el proyecto del estadio con c\u00e9sped sint\u00e9tico es un claro ejemplo del compromiso de las autoridades locales y con el fomento del deporte y la recreaci\u00f3n en la comunidad. Este espacio no solo ser\u00e1 un punto de encuentro para los eventos deportivos, sino tambi\u00e9n un lugar donde la ciudadan\u00eda podr\u00e1 disfrutar de actividades recreativas en un entorno moderno y seguro. El alcalde Manuel Gonz\u00e1lez destac\u00f3 en su intervenci\u00f3n la importancia de este proyecto para el cant\u00f3n Zamora, subrayando que \u00abla construcci\u00f3n de este estadio es un paso fundamental para promover el deporte, fortalecer los lazos comunitarios y brindar a nuestros j\u00f3venes y deportistas un espacio de calidad para su desarrollo.\u00bb La ejecuci\u00f3n de este proyecto marca el inicio de una nueva era en la infraestructura deportiva del cant\u00f3n, reafirmando el compromiso de las autoridades con el bienestar y el progreso de la comunidad.<\/p>\n","protected":false},"author":1,"featured_media":18127,"comment_status":"open","ping_status":"open","sticky":false,"template":"","format":"standard","meta":{"footnotes":""},"categories":[243],"tags":[],"class_list":["post-18126","post","type-post","status-publish","format-standard","has-post-thumbnail","hentry","category-noticias-zamora"],"_links":{"self":[{"href":"https:\/\/www.elamazonico.com\/portal\/wp-json\/wp\/v2\/posts\/18126","targetHints":{"allow":["GET"]}}],"collection":[{"href":"https:\/\/www.elamazonico.com\/portal\/wp-json\/wp\/v2\/posts"}],"about":[{"href":"https:\/\/www.elamazonico.com\/portal\/wp-json\/wp\/v2\/types\/post"}],"author":[{"embeddable":true,"href":"https:\/\/www.elamazonico.com\/portal\/wp-json\/wp\/v2\/users\/1"}],"replies":[{"embeddable":true,"href":"https:\/\/www.elamazonico.com\/portal\/wp-json\/wp\/v2\/comments?post=18126"}],"version-history":[{"count":1,"href":"https:\/\/www.elamazonico.com\/portal\/wp-json\/wp\/v2\/posts\/18126\/revisions"}],"predecessor-version":[{"id":18128,"href":"https:\/\/www.elamazonico.com\/portal\/wp-json\/wp\/v2\/posts\/18126\/revisions\/18128"}],"wp:featuredmedia":[{"embeddable":true,"href":"https:\/\/www.elamazonico.com\/portal\/wp-json\/wp\/v2\/media\/18127"}],"wp:attachment":[{"href":"https:\/\/www.elamazonico.com\/portal\/wp-json\/wp\/v2\/media?parent=18126"}],"wp:term":[{"taxonomy":"category","embeddable":true,"href":"https:\/\/www.elamazonico.com\/portal\/wp-json\/wp\/v2\/categories?post=18126"},{"taxonomy":"post_tag","embeddable":true,"href":"https:\/\/www.elamazonico.com\/portal\/wp-json\/wp\/v2\/tags?post=18126"}],"curies":[{"name":"wp","href":"https:\/\/api.w.org\/{rel}","templated":true}]}}