{"id":18109,"date":"2024-08-12T15:41:17","date_gmt":"2024-08-12T20:41:17","guid":{"rendered":"https:\/\/www.elamazonico.com\/portal\/?p=18109"},"modified":"2024-08-12T16:04:04","modified_gmt":"2024-08-12T21:04:04","slug":"mecheros-en-la-amazonia-amenazan-derechos-humanos-pese-a-fallo-judicial-que-los-prohibe-redaccion-vistazo","status":"publish","type":"post","link":"https:\/\/www.elamazonico.com\/portal\/mecheros-en-la-amazonia-amenazan-derechos-humanos-pese-a-fallo-judicial-que-los-prohibe-redaccion-vistazo\/","title":{"rendered":"Mecheros en la Amazon\u00eda amenazan derechos humanos, pese a fallo judicial que los proh\u00edbe Redacci\u00f3n Vistazo"},"content":{"rendered":"<div class=\"paragraph texto\">\n<p class=\"p_0\"><b>Amnist\u00eda Internacional<\/b>\u00a0encontr\u00f3 que el Ecuador\u00a0<b>no ha cumplido a cabalidad con la sentencia del\u00a0<a href=\"https:\/\/www.vistazo.com\/actualidad\/nacional\/afectados-por-contaminacion-de-mecheros-en-amazonia-de-ecuador-exigen-medidas-IM1493381\">\u201cCaso Mecheros\u201d<\/a><\/b>, emitida en 2021 por la Corte de Justicia de Sucumb\u00edos. La medida dispuso que los mecheros en las instalaciones petroleras deben eliminarse gradualmente, sobre todo cerca de los sitios poblados.<\/p>\n<p class=\"p_1\">El informe \u201cArde la Amazon\u00eda, arde el futuro\u201d revela c\u00f3mo el Estado ecuatoriano incumple con su deber de reducir las emisiones de gases de efecto invernadero (GEI) al permitir las operaciones de mecheros en la Amazon\u00eda. Esto contin\u00faa, aun cuando una sentencia judicial de 2021,\u00a0<a href=\"https:\/\/www.vistazo.com\/actualidad\/nacional\/afectados-por-contaminacion-de-mecheros-en-amazonia-de-ecuador-exigen-medidas-IM1493381\">promovida por nueve ni\u00f1as y j\u00f3venes activistas clim\u00e1ticas<\/a>\u00a0de comunidades de Sucumb\u00edos y Orellana, con apoyo de la Uni\u00f3n de Afectados por las Operaciones de Texaco (UDAPT),\u00a0<b>dispuso la eliminaci\u00f3n de esos mecheros<\/b>.<\/p>\n<\/div>\n<div class=\"paragraph texto\">\n<p class=\"p_3\">Dice Amnist\u00eda Internacional que al d\u00eda de hoy \u201cse sigue permitiendo esta<b>\u00a0perniciosa pr\u00e1ctica<\/b>\u00a0de la industria de los combustibles f\u00f3siles\u201d. Seg\u00fan un informe publicado hoy, esta actividad \u201cest\u00e1 directamente vinculada al calentamiento global y a la emisi\u00f3n de super contaminantes como el\u00a0<b>metano<\/b>, lo que pone en peligro el ejercicio y garant\u00eda de los derechos humanos en la actualidad y en el futuro\u201d.<\/p>\n<\/div>\n<div class=\"multimediaMacroWrapper img lateral\">\n<figure class=\"contentMedia art-img\">\n<div><img fetchpriority=\"high\" decoding=\"async\" class=\" lazyloaded\" title=\"Los mecheros est\u00e1n cerca de sitios poblados.\" src=\"https:\/\/www.vistazo.com\/placeholder\/svg\/viewbox\/768x660\" sizes=\"100vw\" srcset=\"\/\/www.vistazo.com\/binrepository\/768x660\/0c0\/0d0\/none\/12727\/KBGP\/whatsapp-image-2024-08-12-at-10-41_1688567_20240812120111.jpg 768w,\/\/www.vistazo.com\/binrepository\/640x550\/0c0\/0d0\/none\/12727\/KBGY\/whatsapp-image-2024-08-12-at-10-41_1688567_20240812120111.jpg 640w,\/\/www.vistazo.com\/binrepository\/512x440\/0c0\/0d0\/none\/12727\/KBGD\/whatsapp-image-2024-08-12-at-10-41_1688567_20240812120111.jpg 512w,\/\/www.vistazo.com\/binrepository\/384x330\/0c0\/0d0\/none\/12727\/KBGV\/whatsapp-image-2024-08-12-at-10-41_1688567_20240812120111.jpg 384w,\/\/www.vistazo.com\/binrepository\/300x258\/0c0\/0d0\/none\/12727\/KBGS\/whatsapp-image-2024-08-12-at-10-41_1688567_20240812120111.jpg 300w\" alt=\"$!Los mecheros est\u00e1n cerca de sitios poblados.\" width=\"768\" height=\"660\" data-srcset=\"\/\/www.vistazo.com\/binrepository\/768x660\/0c0\/0d0\/none\/12727\/KBGP\/whatsapp-image-2024-08-12-at-10-41_1688567_20240812120111.jpg 768w,\/\/www.vistazo.com\/binrepository\/640x550\/0c0\/0d0\/none\/12727\/KBGY\/whatsapp-image-2024-08-12-at-10-41_1688567_20240812120111.jpg 640w,\/\/www.vistazo.com\/binrepository\/512x440\/0c0\/0d0\/none\/12727\/KBGD\/whatsapp-image-2024-08-12-at-10-41_1688567_20240812120111.jpg 512w,\/\/www.vistazo.com\/binrepository\/384x330\/0c0\/0d0\/none\/12727\/KBGV\/whatsapp-image-2024-08-12-at-10-41_1688567_20240812120111.jpg 384w,\/\/www.vistazo.com\/binrepository\/300x258\/0c0\/0d0\/none\/12727\/KBGS\/whatsapp-image-2024-08-12-at-10-41_1688567_20240812120111.jpg 300w\" \/><\/div>\n<div class=\"cutline-byline\"><span class=\"cutline-text\">Los mecheros est\u00e1n cerca de sitios poblados.<\/span>\u00a0<span class=\"byline-image\">(Foto: Informe de Amnist\u00eda Internacional)<\/span><\/div>\n<\/figure>\n<\/div>\n<div class=\"paragraph texto\">\n<p class=\"p_4\">La sentencia de 29 de julio del 2021 dispuso que los mecheros, operados por la empresa p\u00fablica y empresas privadas,\u00a0<b>deben eliminarse gradualmente<\/b>, siendo una prioridad el retiro de aquellos que se encuentran cerca de los sitios poblados.<\/p>\n<p class=\"p_5\">El informe explica que \u201clos testimonios recolectados, documentos analizados y la verificaci\u00f3n de informaci\u00f3n en terreno revelan que el Estado ecuatoriano y sus instituciones con competencia en materia energ\u00e9tica, hasta ahora,\u00a0<b>s\u00f3lo han tomado medidas que benefician el mantenimiento de la producci\u00f3n petrolera\u00a0<\/b>a cualquier costo, evitando acciones concretas y ambiciosas para la eliminaci\u00f3n de los mecheros, y crear condiciones para una transici\u00f3n energ\u00e9tica r\u00e1pida y justa\u201d.<\/p>\n<p class=\"p_6\"><b>Ana Piquer<\/b>, directora para las Am\u00e9ricas de Amnist\u00eda Internacional dijo que \u00ablas autoridades ecuatorianas tienen la obligaci\u00f3n de actuar de manera contundente e inmediata para implementar de forma urgente la sentencia. Cumplir con ella es un acto de justicia clim\u00e1tica, medioambiental y racial. El Estado ecuatoriano debe eliminar la quema rutinaria de gas en los mecheros que\u00a0<b>pone en peligro actualmente a la Amazon\u00eda, el mundo y el futuro de las ni\u00f1eces<\/b>\u00a0que heredar\u00e1n la tierra\u00bb.<\/p>\n<\/div>\n<div class=\"multimediaMacroWrapper img lateral\">\n<figure class=\"contentMedia art-img\">\n<div><img decoding=\"async\" class=\" lazyloaded\" title=\"Emisiones globales de CO2 de mecheros en 2022.\" src=\"https:\/\/www.vistazo.com\/placeholder\/svg\/viewbox\/768x768\" sizes=\"100vw\" srcset=\"\/\/www.vistazo.com\/binrepository\/768x768\/0c0\/0d0\/none\/12727\/RHFR\/heriberto-1_1688650_20240812123211.jpg 768w,\/\/www.vistazo.com\/binrepository\/640x640\/0c0\/0d0\/none\/12727\/RHPC\/heriberto-1_1688650_20240812123211.jpg 640w,\/\/www.vistazo.com\/binrepository\/512x512\/0c0\/0d0\/none\/12727\/RHID\/heriberto-1_1688650_20240812123211.jpg 512w,\/\/www.vistazo.com\/binrepository\/384x384\/0c0\/0d0\/none\/12727\/RHHT\/heriberto-1_1688650_20240812123211.jpg 384w,\/\/www.vistazo.com\/binrepository\/300x300\/0c0\/0d0\/none\/12727\/RHLG\/heriberto-1_1688650_20240812123211.jpg 300w\" alt=\"$!Emisiones globales de CO2 de mecheros en 2022.\" width=\"768\" height=\"768\" data-srcset=\"\/\/www.vistazo.com\/binrepository\/768x768\/0c0\/0d0\/none\/12727\/RHFR\/heriberto-1_1688650_20240812123211.jpg 768w,\/\/www.vistazo.com\/binrepository\/640x640\/0c0\/0d0\/none\/12727\/RHPC\/heriberto-1_1688650_20240812123211.jpg 640w,\/\/www.vistazo.com\/binrepository\/512x512\/0c0\/0d0\/none\/12727\/RHID\/heriberto-1_1688650_20240812123211.jpg 512w,\/\/www.vistazo.com\/binrepository\/384x384\/0c0\/0d0\/none\/12727\/RHHT\/heriberto-1_1688650_20240812123211.jpg 384w,\/\/www.vistazo.com\/binrepository\/300x300\/0c0\/0d0\/none\/12727\/RHLG\/heriberto-1_1688650_20240812123211.jpg 300w\" \/><\/div>\n<div class=\"cutline-byline\"><span class=\"cutline-text\">Emisiones globales de CO2 de mecheros en 2022.<\/span>\u00a0<span class=\"byline-image\">(Ilustraci\u00f3n: Amnist\u00eda Internacional)<\/span><\/div>\n<\/figure>\n<\/div>\n<div class=\"paragraph texto\">\n<p class=\"p_7\">Seg\u00fan el Banco Mundial, Ecuador estar\u00eda entre los 30 pa\u00edses del mundo que hace m\u00e1s uso de la quema de gas en mecheros y, seg\u00fan Amnist\u00eda Internacional, \u201cel mantenerlos encendidos perpet\u00faa una terrible pr\u00e1ctica que pone en peligro la vida, la salud y dem\u00e1s derechos de las poblaciones m\u00e1s empobrecidas del pa\u00eds\u201d. Esta ONG asegur\u00f3 que al menos\u00a0<b>52 mecheros est\u00e1n a menos de cinco kil\u00f3metros de centros poblados<\/b>, \u201cuna distancia potencialmente da\u00f1ina para las comunidades locales y el medioambiente\u201d.<\/p>\n<p class=\"p_8\">Otros pa\u00edses que utilizan rutinariamente mecheros en la extracci\u00f3n petrolera en el continente americano son Estados Unidos, M\u00e9xico, Argentina, Brasil y Venezuela.<\/p>\n<p class=\"p_9\">\u00abEliminando los mecheros y comprometi\u00e9ndose a transitar a una econom\u00eda no dependiente de los combustibles f\u00f3siles, el Ecuador puede convertirse en un pa\u00eds abanderado de la justicia clim\u00e1tica y medioambiental por el bien del presente y el futuro del planeta\u201d, recomend\u00f3 Ana Piquer, directora para las Am\u00e9ricas de Amnist\u00eda Internacional. <strong>Fuente: Vistazo<\/strong><\/p>\n<\/div>\n","protected":false},"excerpt":{"rendered":"<p>Amnist\u00eda Internacional\u00a0encontr\u00f3 que el Ecuador\u00a0no ha cumplido a cabalidad con la sentencia del\u00a0\u201cCaso Mecheros\u201d, emitida en 2021 por la Corte de Justicia de Sucumb\u00edos. La medida dispuso que los mecheros en las instalaciones petroleras deben eliminarse gradualmente, sobre todo cerca de los sitios poblados. El informe \u201cArde la Amazon\u00eda, arde el futuro\u201d revela c\u00f3mo el Estado ecuatoriano incumple con su deber de reducir las emisiones de gases de efecto invernadero (GEI) al permitir las operaciones de mecheros en la Amazon\u00eda. Esto contin\u00faa, aun cuando una sentencia judicial de 2021,\u00a0promovida por nueve ni\u00f1as y j\u00f3venes activistas clim\u00e1ticas\u00a0de comunidades de Sucumb\u00edos y Orellana, con apoyo de la Uni\u00f3n de Afectados por las Operaciones de Texaco (UDAPT),\u00a0dispuso la eliminaci\u00f3n de esos mecheros. Dice Amnist\u00eda Internacional que al d\u00eda de hoy \u201cse sigue permitiendo esta\u00a0perniciosa pr\u00e1ctica\u00a0de la industria de los combustibles f\u00f3siles\u201d. Seg\u00fan un informe publicado hoy, esta actividad \u201cest\u00e1 directamente vinculada al calentamiento global y a la emisi\u00f3n de super contaminantes como el\u00a0metano, lo que pone en peligro el ejercicio y garant\u00eda de los derechos humanos en la actualidad y en el futuro\u201d. Los mecheros est\u00e1n cerca de sitios poblados.\u00a0(Foto: Informe de Amnist\u00eda Internacional) La sentencia de 29 de julio del 2021 dispuso que los mecheros, operados por la empresa p\u00fablica y empresas privadas,\u00a0deben eliminarse gradualmente, siendo una prioridad el retiro de aquellos que se encuentran cerca de los sitios poblados. El informe explica que \u201clos testimonios recolectados, documentos analizados y la verificaci\u00f3n de informaci\u00f3n en terreno revelan que el Estado ecuatoriano y sus instituciones con competencia en materia energ\u00e9tica, hasta ahora,\u00a0s\u00f3lo han tomado medidas que benefician el mantenimiento de la producci\u00f3n petrolera\u00a0a cualquier costo, evitando acciones concretas y ambiciosas para la eliminaci\u00f3n de los mecheros, y crear condiciones para una transici\u00f3n energ\u00e9tica r\u00e1pida y justa\u201d. Ana Piquer, directora para las Am\u00e9ricas de Amnist\u00eda Internacional dijo que \u00ablas autoridades ecuatorianas tienen la obligaci\u00f3n de actuar de manera contundente e inmediata para implementar de forma urgente la sentencia. Cumplir con ella es un acto de justicia clim\u00e1tica, medioambiental y racial. El Estado ecuatoriano debe eliminar la quema rutinaria de gas en los mecheros que\u00a0pone en peligro actualmente a la Amazon\u00eda, el mundo y el futuro de las ni\u00f1eces\u00a0que heredar\u00e1n la tierra\u00bb. Emisiones globales de CO2 de mecheros en 2022.\u00a0(Ilustraci\u00f3n: Amnist\u00eda Internacional) Seg\u00fan el Banco Mundial, Ecuador estar\u00eda entre los 30 pa\u00edses del mundo que hace m\u00e1s uso de la quema de gas en mecheros y, seg\u00fan Amnist\u00eda Internacional, \u201cel mantenerlos encendidos perpet\u00faa una terrible pr\u00e1ctica que pone en peligro la vida, la salud y dem\u00e1s derechos de las poblaciones m\u00e1s empobrecidas del pa\u00eds\u201d. Esta ONG asegur\u00f3 que al menos\u00a052 mecheros est\u00e1n a menos de cinco kil\u00f3metros de centros poblados, \u201cuna distancia potencialmente da\u00f1ina para las comunidades locales y el medioambiente\u201d. Otros pa\u00edses que utilizan rutinariamente mecheros en la extracci\u00f3n petrolera en el continente americano son Estados Unidos, M\u00e9xico, Argentina, Brasil y Venezuela. \u00abEliminando los mecheros y comprometi\u00e9ndose a transitar a una econom\u00eda no dependiente de los combustibles f\u00f3siles, el Ecuador puede convertirse en un pa\u00eds abanderado de la justicia clim\u00e1tica y medioambiental por el bien del presente y el futuro del planeta\u201d, recomend\u00f3 Ana Piquer, directora para las Am\u00e9ricas de Amnist\u00eda Internacional. Fuente: Vistazo<\/p>\n","protected":false},"author":1,"featured_media":18111,"comment_status":"open","ping_status":"open","sticky":false,"template":"","format":"standard","meta":{"footnotes":""},"categories":[243],"tags":[],"class_list":["post-18109","post","type-post","status-publish","format-standard","has-post-thumbnail","hentry","category-noticias-zamora"],"_links":{"self":[{"href":"https:\/\/www.elamazonico.com\/portal\/wp-json\/wp\/v2\/posts\/18109","targetHints":{"allow":["GET"]}}],"collection":[{"href":"https:\/\/www.elamazonico.com\/portal\/wp-json\/wp\/v2\/posts"}],"about":[{"href":"https:\/\/www.elamazonico.com\/portal\/wp-json\/wp\/v2\/types\/post"}],"author":[{"embeddable":true,"href":"https:\/\/www.elamazonico.com\/portal\/wp-json\/wp\/v2\/users\/1"}],"replies":[{"embeddable":true,"href":"https:\/\/www.elamazonico.com\/portal\/wp-json\/wp\/v2\/comments?post=18109"}],"version-history":[{"count":1,"href":"https:\/\/www.elamazonico.com\/portal\/wp-json\/wp\/v2\/posts\/18109\/revisions"}],"predecessor-version":[{"id":18110,"href":"https:\/\/www.elamazonico.com\/portal\/wp-json\/wp\/v2\/posts\/18109\/revisions\/18110"}],"wp:featuredmedia":[{"embeddable":true,"href":"https:\/\/www.elamazonico.com\/portal\/wp-json\/wp\/v2\/media\/18111"}],"wp:attachment":[{"href":"https:\/\/www.elamazonico.com\/portal\/wp-json\/wp\/v2\/media?parent=18109"}],"wp:term":[{"taxonomy":"category","embeddable":true,"href":"https:\/\/www.elamazonico.com\/portal\/wp-json\/wp\/v2\/categories?post=18109"},{"taxonomy":"post_tag","embeddable":true,"href":"https:\/\/www.elamazonico.com\/portal\/wp-json\/wp\/v2\/tags?post=18109"}],"curies":[{"name":"wp","href":"https:\/\/api.w.org\/{rel}","templated":true}]}}