{"id":18027,"date":"2024-08-07T10:33:05","date_gmt":"2024-08-07T15:33:05","guid":{"rendered":"https:\/\/www.elamazonico.com\/portal\/?p=18027"},"modified":"2024-08-07T10:33:05","modified_gmt":"2024-08-07T15:33:05","slug":"restauracion-del-puente-peatonal-en-santa-ana-la-florida","status":"publish","type":"post","link":"https:\/\/www.elamazonico.com\/portal\/restauracion-del-puente-peatonal-en-santa-ana-la-florida\/","title":{"rendered":"Restauraci\u00f3n del puente peatonal en Santa Ana \u2013 La Florida"},"content":{"rendered":"<p style=\"font-weight: 400;\">En el cant\u00f3n Palanda, la Prefectura de Zamora Chinchipe avanza con la reconstrucci\u00f3n y refuerzo del puente peatonal sobre el r\u00edo Palanda, en el sitio Arqueol\u00f3gico Santa Ana \u2013 La Florida, mismo que por su tiempo de vida \u00fatil se encontraba deteriorado poniendo en riesgo la seguridad de los productores, y los turistas que visitan a diario este patrimonio cultural.<\/p>\n<p style=\"font-weight: 400;\">El monto de inversi\u00f3n asciende a\u00a0<strong>$ 30.000,00,<\/strong>\u00a0al momento ya cuenta con un avance del 95% de ejecuci\u00f3n. La obra inici\u00f3 el 03 de junio y culminar\u00e1 a m\u00e1s tardar en septiembre 2024. La longitud del puente es de 38 metros de largo por 2.35 de ancho.<\/p>\n<p style=\"font-weight: 400;\">Jorge Abad, residente del Distrito \u201cD\u201d de Palanda, inform\u00f3 que el puente era de hormig\u00f3n armado con cables anclados a una cimentaci\u00f3n y piso de madera. Con los arreglos, la nueva imagen del puente es de estructura met\u00e1lica para garantizar su durabilidad y una mejor estabilidad para las personas que hacen uso del mismo.<\/p>\n<p style=\"font-weight: 400;\">Para completar los trabajos, se reforzar\u00e1 el pintado de la fachada y estructura completa, \u201c<strong>nos encontramos dentro del plazo establecido y muy pronto las autoridades de la Prefectura, lo estar\u00e1n entregando a sus beneficiarios\u201d,\u00a0<\/strong>culmin\u00f3 el residente del Distrito Palanda.<\/p>\n<p style=\"font-weight: 400;\">La prefecta Karla Re\u00e1tegui, ha sido muy enf\u00e1tica en su mensaje de cuidar y dar mantenimiento a toda la obra p\u00fablica provincial, de tener obras seguras y limpias para el disfrute de propios y extra\u00f1os. En este caso, la autoridad coment\u00f3 que la reconstrucci\u00f3n del puente era necesario y urgente, porque adem\u00e1s de beneficiar a los finqueros de la zona, es un impulso directo al turismo, pues, diariamente, el sitio arqueol\u00f3gico Santa Ana La Florida est\u00e1 recibiendo turistas.<\/p>\n<p style=\"font-weight: 400;\">\n","protected":false},"excerpt":{"rendered":"<p>En el cant\u00f3n Palanda, la Prefectura de Zamora Chinchipe avanza con la reconstrucci\u00f3n y refuerzo del puente peatonal sobre el r\u00edo Palanda, en el sitio Arqueol\u00f3gico Santa Ana \u2013 La Florida, mismo que por su tiempo de vida \u00fatil se encontraba deteriorado poniendo en riesgo la seguridad de los productores, y los turistas que visitan a diario este patrimonio cultural. El monto de inversi\u00f3n asciende a\u00a0$ 30.000,00,\u00a0al momento ya cuenta con un avance del 95% de ejecuci\u00f3n. La obra inici\u00f3 el 03 de junio y culminar\u00e1 a m\u00e1s tardar en septiembre 2024. La longitud del puente es de 38 metros de largo por 2.35 de ancho. Jorge Abad, residente del Distrito \u201cD\u201d de Palanda, inform\u00f3 que el puente era de hormig\u00f3n armado con cables anclados a una cimentaci\u00f3n y piso de madera. Con los arreglos, la nueva imagen del puente es de estructura met\u00e1lica para garantizar su durabilidad y una mejor estabilidad para las personas que hacen uso del mismo. Para completar los trabajos, se reforzar\u00e1 el pintado de la fachada y estructura completa, \u201cnos encontramos dentro del plazo establecido y muy pronto las autoridades de la Prefectura, lo estar\u00e1n entregando a sus beneficiarios\u201d,\u00a0culmin\u00f3 el residente del Distrito Palanda. La prefecta Karla Re\u00e1tegui, ha sido muy enf\u00e1tica en su mensaje de cuidar y dar mantenimiento a toda la obra p\u00fablica provincial, de tener obras seguras y limpias para el disfrute de propios y extra\u00f1os. En este caso, la autoridad coment\u00f3 que la reconstrucci\u00f3n del puente era necesario y urgente, porque adem\u00e1s de beneficiar a los finqueros de la zona, es un impulso directo al turismo, pues, diariamente, el sitio arqueol\u00f3gico Santa Ana La Florida est\u00e1 recibiendo turistas.<\/p>\n","protected":false},"author":1,"featured_media":18028,"comment_status":"open","ping_status":"open","sticky":false,"template":"","format":"standard","meta":{"footnotes":""},"categories":[243],"tags":[],"class_list":["post-18027","post","type-post","status-publish","format-standard","has-post-thumbnail","hentry","category-noticias-zamora"],"_links":{"self":[{"href":"https:\/\/www.elamazonico.com\/portal\/wp-json\/wp\/v2\/posts\/18027","targetHints":{"allow":["GET"]}}],"collection":[{"href":"https:\/\/www.elamazonico.com\/portal\/wp-json\/wp\/v2\/posts"}],"about":[{"href":"https:\/\/www.elamazonico.com\/portal\/wp-json\/wp\/v2\/types\/post"}],"author":[{"embeddable":true,"href":"https:\/\/www.elamazonico.com\/portal\/wp-json\/wp\/v2\/users\/1"}],"replies":[{"embeddable":true,"href":"https:\/\/www.elamazonico.com\/portal\/wp-json\/wp\/v2\/comments?post=18027"}],"version-history":[{"count":1,"href":"https:\/\/www.elamazonico.com\/portal\/wp-json\/wp\/v2\/posts\/18027\/revisions"}],"predecessor-version":[{"id":18029,"href":"https:\/\/www.elamazonico.com\/portal\/wp-json\/wp\/v2\/posts\/18027\/revisions\/18029"}],"wp:featuredmedia":[{"embeddable":true,"href":"https:\/\/www.elamazonico.com\/portal\/wp-json\/wp\/v2\/media\/18028"}],"wp:attachment":[{"href":"https:\/\/www.elamazonico.com\/portal\/wp-json\/wp\/v2\/media?parent=18027"}],"wp:term":[{"taxonomy":"category","embeddable":true,"href":"https:\/\/www.elamazonico.com\/portal\/wp-json\/wp\/v2\/categories?post=18027"},{"taxonomy":"post_tag","embeddable":true,"href":"https:\/\/www.elamazonico.com\/portal\/wp-json\/wp\/v2\/tags?post=18027"}],"curies":[{"name":"wp","href":"https:\/\/api.w.org\/{rel}","templated":true}]}}