{"id":17981,"date":"2024-08-06T04:06:31","date_gmt":"2024-08-06T09:06:31","guid":{"rendered":"https:\/\/www.elamazonico.com\/portal\/?p=17981"},"modified":"2024-08-05T19:07:50","modified_gmt":"2024-08-06T00:07:50","slug":"mas-de-700-mil-dolares-fueron-aprobados-por-la-sta-para-la-canela-y-porvenir-del-carmen-en-palanda","status":"publish","type":"post","link":"https:\/\/www.elamazonico.com\/portal\/mas-de-700-mil-dolares-fueron-aprobados-por-la-sta-para-la-canela-y-porvenir-del-carmen-en-palanda\/","title":{"rendered":"Mas de 700 mil d\u00f3lares fueron aprobados por la STA para La Canela y Porvenir del Carmen en Palanda"},"content":{"rendered":"<p>La Secretar\u00eda T\u00e9cnica de la Amazon\u00eda dio un paso decisivo este lunes 5 de agosto de 2024, al aprobar, en una sesi\u00f3n extraordinaria realizada en la ciudad de Puyo, provincia de Pastaza, el financiamiento para la construcci\u00f3n del embaulado de la quebrada La Canela, ubicada en la parroquia La Canela del cant\u00f3n Palanda. El monto asignado por el ente amaz\u00f3nico para esta obra asciende a aproximadamente 600.000 d\u00f3lares.<\/p>\n<p>Segundo Jaramillo Quezada, alcalde de Palanda, quien particip\u00f3 activamente en esta sesi\u00f3n, expres\u00f3 su profundo agradecimiento a la Secretar\u00eda T\u00e9cnica de la Amazon\u00eda y a Isabel Enr\u00edquez, ministra de la Amazon\u00eda, por este significativo apoyo econ\u00f3mico. Jaramillo enfatiz\u00f3 que este logro es resultado de las constantes gestiones llevadas a cabo por su administraci\u00f3n municipal, destacando que se trata de un hito trascendental para el progreso de Palanda.<\/p>\n<p>\u00abEste es un gran avance para nuestro cant\u00f3n. Gracias a las continuas gestiones y al compromiso de nuestra administraci\u00f3n, hemos logrado asegurar estos fondos que transformar\u00e1n nuestra parroquia La Canela. Este es solo el comienzo, ya que tenemos varios proyectos m\u00e1s presentados ante la Secretar\u00eda T\u00e9cnica de la Amazon\u00eda, que est\u00e1n a la espera de ser revisados para recibir el financiamiento necesario,\u00bb declar\u00f3 el alcalde Jaramillo.<\/p>\n<p>En la misma sesi\u00f3n, se aprob\u00f3 adem\u00e1s el financiamiento para la construcci\u00f3n de la segunda etapa del parque l\u00fadico de la cabecera parroquial de El Porvenir del Carmen, con una inversi\u00f3n aproximada de 113.000 d\u00f3lares.<\/p>\n","protected":false},"excerpt":{"rendered":"<p>La Secretar\u00eda T\u00e9cnica de la Amazon\u00eda dio un paso decisivo este lunes 5 de agosto de 2024, al aprobar, en una sesi\u00f3n extraordinaria realizada en la ciudad de Puyo, provincia de Pastaza, el financiamiento para la construcci\u00f3n del embaulado de la quebrada La Canela, ubicada en la parroquia La Canela del cant\u00f3n Palanda. El monto asignado por el ente amaz\u00f3nico para esta obra asciende a aproximadamente 600.000 d\u00f3lares. Segundo Jaramillo Quezada, alcalde de Palanda, quien particip\u00f3 activamente en esta sesi\u00f3n, expres\u00f3 su profundo agradecimiento a la Secretar\u00eda T\u00e9cnica de la Amazon\u00eda y a Isabel Enr\u00edquez, ministra de la Amazon\u00eda, por este significativo apoyo econ\u00f3mico. Jaramillo enfatiz\u00f3 que este logro es resultado de las constantes gestiones llevadas a cabo por su administraci\u00f3n municipal, destacando que se trata de un hito trascendental para el progreso de Palanda. \u00abEste es un gran avance para nuestro cant\u00f3n. Gracias a las continuas gestiones y al compromiso de nuestra administraci\u00f3n, hemos logrado asegurar estos fondos que transformar\u00e1n nuestra parroquia La Canela. Este es solo el comienzo, ya que tenemos varios proyectos m\u00e1s presentados ante la Secretar\u00eda T\u00e9cnica de la Amazon\u00eda, que est\u00e1n a la espera de ser revisados para recibir el financiamiento necesario,\u00bb declar\u00f3 el alcalde Jaramillo. En la misma sesi\u00f3n, se aprob\u00f3 adem\u00e1s el financiamiento para la construcci\u00f3n de la segunda etapa del parque l\u00fadico de la cabecera parroquial de El Porvenir del Carmen, con una inversi\u00f3n aproximada de 113.000 d\u00f3lares.<\/p>\n","protected":false},"author":1,"featured_media":17982,"comment_status":"open","ping_status":"open","sticky":false,"template":"","format":"standard","meta":{"footnotes":""},"categories":[243],"tags":[],"class_list":["post-17981","post","type-post","status-publish","format-standard","has-post-thumbnail","hentry","category-noticias-zamora"],"_links":{"self":[{"href":"https:\/\/www.elamazonico.com\/portal\/wp-json\/wp\/v2\/posts\/17981","targetHints":{"allow":["GET"]}}],"collection":[{"href":"https:\/\/www.elamazonico.com\/portal\/wp-json\/wp\/v2\/posts"}],"about":[{"href":"https:\/\/www.elamazonico.com\/portal\/wp-json\/wp\/v2\/types\/post"}],"author":[{"embeddable":true,"href":"https:\/\/www.elamazonico.com\/portal\/wp-json\/wp\/v2\/users\/1"}],"replies":[{"embeddable":true,"href":"https:\/\/www.elamazonico.com\/portal\/wp-json\/wp\/v2\/comments?post=17981"}],"version-history":[{"count":1,"href":"https:\/\/www.elamazonico.com\/portal\/wp-json\/wp\/v2\/posts\/17981\/revisions"}],"predecessor-version":[{"id":17983,"href":"https:\/\/www.elamazonico.com\/portal\/wp-json\/wp\/v2\/posts\/17981\/revisions\/17983"}],"wp:featuredmedia":[{"embeddable":true,"href":"https:\/\/www.elamazonico.com\/portal\/wp-json\/wp\/v2\/media\/17982"}],"wp:attachment":[{"href":"https:\/\/www.elamazonico.com\/portal\/wp-json\/wp\/v2\/media?parent=17981"}],"wp:term":[{"taxonomy":"category","embeddable":true,"href":"https:\/\/www.elamazonico.com\/portal\/wp-json\/wp\/v2\/categories?post=17981"},{"taxonomy":"post_tag","embeddable":true,"href":"https:\/\/www.elamazonico.com\/portal\/wp-json\/wp\/v2\/tags?post=17981"}],"curies":[{"name":"wp","href":"https:\/\/api.w.org\/{rel}","templated":true}]}}