{"id":1787,"date":"2021-11-25T17:43:32","date_gmt":"2021-11-25T22:43:32","guid":{"rendered":"https:\/\/www.elamazonico.comportal\/?p=1787"},"modified":"2021-11-25T17:43:45","modified_gmt":"2021-11-25T22:43:45","slug":"alto-costo-y-menor-volumen-de-espectro-para-telefonia-trae-lento-despliegue-de-redes-y-menor-calidad-de-servicios-revela-gsma","status":"publish","type":"post","link":"https:\/\/www.elamazonico.com\/portal\/alto-costo-y-menor-volumen-de-espectro-para-telefonia-trae-lento-despliegue-de-redes-y-menor-calidad-de-servicios-revela-gsma\/","title":{"rendered":"Alto costo y menor volumen de espectro para telefon\u00eda trae lento despliegue de redes y menor calidad de servicios, revela GSMA"},"content":{"rendered":"\n<p>Un<strong>&nbsp;an\u00e1lisis acad\u00e9mico revela que el costo del espectro en Ecuador,&nbsp;<\/strong>est\u00e1 tres veces por encima del costo de la media regional. Mientras en 2010, el costo anual del espectro en Ecuador representaba el<strong>&nbsp;10% de los ingresos recurrentes de los operadores. Para 2019, esa proporci\u00f3n se increment\u00f3 al 16%.<\/strong><\/p>\n\n\n\n<p><strong>Adicionalmente Ecuador ha entregado menor volumen de espectro que sus pares en la regi\u00f3n.\u00a0<\/strong>A\u00a0<strong>fines del 2020, Ecuador hab\u00eda asignado alrededor de 280 MHz\u00a0<\/strong>de espectro para uso m\u00f3vil, muy por debajo del promedio regional de 400 MHz.<\/p>\n\n\n\n<p>El<strong>\u00a0alto costo,<\/strong>\u00a0defindido en un gran porcentaje por el Estado, y no por oferta y demanda, y el menor volumen del espectro,\u00a0<strong>han generado efectos negativos tanto en el despliegue de nuevas redes como en la calidad del servicio de telefon\u00eda m\u00f3vil en el pa\u00eds.\u00a0<\/strong>El an\u00e1lisis fue entregado esta ma\u00f1ana y tarde por la\u00a0<strong>GSMA (Asociaci\u00f3n Global del Ecosistema M\u00f3vil) que aglutina a los operadores m\u00f3viles de la regi\u00f3n.<\/strong><\/p>\n\n\n\n<p>El debate sobre los costos se levanta en medio de las negociaciones que ya lleva a cabo el Gobierno con las empresas de servicios m\u00f3viles para<strong>\u00a0la renovaci\u00f3n de los contratos de concesi\u00f3n de espectro que deben concluir en el 2023.<\/strong><\/p>\n\n\n\n<p>De acerdo con el estudio los costos de renovaci\u00f3n de la banda de&nbsp;<strong>1900 MHZ fue 7 veces m\u00e1s alto que la medida en Am\u00e9rca Latina y los de banda de 900 y 1700 MHZ, fue cinco veces m\u00e1s alta.<\/strong><\/p>\n\n\n\n<p>El costo total del espectro est\u00e1 formado por pagos iniciales y costos por adelantado (costos financieros directos a los operadores por asignaciones y renovaciones), m\u00e1s las tasas o cargos anuales. En el caso de Ecuador, estos pagos representaron alrededor del 60% del costo total anual del espectro. De ellos, el 70% consisti\u00f3 en los pagos de tasas administrativas por el uso del espectro, dice el estudio.<\/p>\n\n\n\n<p>\u201cEn Ecuador, los pagos anuales, en particular las tasas administrativas por uso del espectro, se han vuelto una porci\u00f3n creciente del costo de este recurso.\u00a0<strong>Esta fuerte carga ha reducido la capacidad y los incentivos para invertir de los operadores, perjudicando a los usuarios\u201d, se\u00f1ala Lucas Gallitto,\u00a0<\/strong>director para Am\u00e9rica Latina, GSMA.<\/p>\n\n\n\n<p>En cuanto a la calidad de los servicios, el estudio dice que si Ecuador hubiese tenido costos cercanos a los de la media regional, los consumidores habr\u00edan podido contar&nbsp;<strong>con velocidades de descarga 40% m\u00e1s r\u00e1pidas en 2020, explica Pau Castells, director de An\u00e1lisis Econ\u00f3mico de GSMA.<\/strong><\/p>\n\n\n\n<p>El costo ha generado que Ecuador se retrase un a\u00f1o en alcanzar una cobertura del 80% en 4G , en comparaci\u00f3n con el promedio regional.<\/p>\n\n\n\n<p>Con base a un estudio m\u00e1s amplio realizado en 64 pa\u00edses, el informe de la GSMA indica que priorizar metas recaudatorias en la gesti\u00f3n del espectro tiene consecuencias negativas en los servicios.<\/p>\n\n\n\n<p>El Gobierno ha incluido en&nbsp;<strong>la ley de Desarrollo Econ\u00f3mico y Sostenibilidad Fiscal la posibilidad de que las empresas de telefon\u00eda puedan pagar parte del espectro con servicios para sectores remotos.&nbsp;<\/strong>Este tema genera ciertos recelos en asamble\u00edstas que m\u00e1s bien proponen cobrarles m\u00e1s a las empesas telef\u00f3nicas, en vez de facilitarles el pago. En todo caso, sobre el tema, Gallitto explic\u00f3 que este tipo de acuerdo se han hecho en varios pa\u00edses europeos como por ejemplo en Francia.<\/p>\n\n\n\n<p>Frente a la pregunta de<strong>\u00a0cu\u00e1ndo llegar\u00e1 la tecnolog\u00eda 5G en Ecuador, Gallitto que existen varios factores que pueden hacer despegar la demanda.<\/strong>\u00a0Un conductor de esta demanda puede ser la existencia de ciudades inteligentes. En todo caso, explic\u00f3 que este tipo de desarrollos siempre se hallan con las mismas barreras antes mencionadas:\u00a0<strong>el costo del espectro y la porci\u00f3n de espectro disponible.<\/strong> (I) Fuente: Diario El Universo<\/p>\n","protected":false},"excerpt":{"rendered":"<p>Un&nbsp;an\u00e1lisis acad\u00e9mico revela que el costo del espectro en Ecuador,&nbsp;est\u00e1 tres veces por encima del costo de la media regional. Mientras en 2010, el costo anual del espectro en Ecuador representaba el&nbsp;10% de los ingresos recurrentes de los operadores. Para 2019, esa proporci\u00f3n se increment\u00f3 al 16%. Adicionalmente Ecuador ha entregado menor volumen de espectro que sus pares en la regi\u00f3n.\u00a0A\u00a0fines del 2020, Ecuador hab\u00eda asignado alrededor de 280 MHz\u00a0de espectro para uso m\u00f3vil, muy por debajo del promedio regional de 400 MHz. El\u00a0alto costo,\u00a0defindido en un gran porcentaje por el Estado, y no por oferta y demanda, y el menor volumen del espectro,\u00a0han generado efectos negativos tanto en el despliegue de nuevas redes como en la calidad del servicio de telefon\u00eda m\u00f3vil en el pa\u00eds.\u00a0El an\u00e1lisis fue entregado esta ma\u00f1ana y tarde por la\u00a0GSMA (Asociaci\u00f3n Global del Ecosistema M\u00f3vil) que aglutina a los operadores m\u00f3viles de la regi\u00f3n. El debate sobre los costos se levanta en medio de las negociaciones que ya lleva a cabo el Gobierno con las empresas de servicios m\u00f3viles para\u00a0la renovaci\u00f3n de los contratos de concesi\u00f3n de espectro que deben concluir en el 2023. De acerdo con el estudio los costos de renovaci\u00f3n de la banda de&nbsp;1900 MHZ fue 7 veces m\u00e1s alto que la medida en Am\u00e9rca Latina y los de banda de 900 y 1700 MHZ, fue cinco veces m\u00e1s alta. El costo total del espectro est\u00e1 formado por pagos iniciales y costos por adelantado (costos financieros directos a los operadores por asignaciones y renovaciones), m\u00e1s las tasas o cargos anuales. En el caso de Ecuador, estos pagos representaron alrededor del 60% del costo total anual del espectro. De ellos, el 70% consisti\u00f3 en los pagos de tasas administrativas por el uso del espectro, dice el estudio. \u201cEn Ecuador, los pagos anuales, en particular las tasas administrativas por uso del espectro, se han vuelto una porci\u00f3n creciente del costo de este recurso.\u00a0Esta fuerte carga ha reducido la capacidad y los incentivos para invertir de los operadores, perjudicando a los usuarios\u201d, se\u00f1ala Lucas Gallitto,\u00a0director para Am\u00e9rica Latina, GSMA. En cuanto a la calidad de los servicios, el estudio dice que si Ecuador hubiese tenido costos cercanos a los de la media regional, los consumidores habr\u00edan podido contar&nbsp;con velocidades de descarga 40% m\u00e1s r\u00e1pidas en 2020, explica Pau Castells, director de An\u00e1lisis Econ\u00f3mico de GSMA. El costo ha generado que Ecuador se retrase un a\u00f1o en alcanzar una cobertura del 80% en 4G , en comparaci\u00f3n con el promedio regional. Con base a un estudio m\u00e1s amplio realizado en 64 pa\u00edses, el informe de la GSMA indica que priorizar metas recaudatorias en la gesti\u00f3n del espectro tiene consecuencias negativas en los servicios. El Gobierno ha incluido en&nbsp;la ley de Desarrollo Econ\u00f3mico y Sostenibilidad Fiscal la posibilidad de que las empresas de telefon\u00eda puedan pagar parte del espectro con servicios para sectores remotos.&nbsp;Este tema genera ciertos recelos en asamble\u00edstas que m\u00e1s bien proponen cobrarles m\u00e1s a las empesas telef\u00f3nicas, en vez de facilitarles el pago. En todo caso, sobre el tema, Gallitto explic\u00f3 que este tipo de acuerdo se han hecho en varios pa\u00edses europeos como por ejemplo en Francia. Frente a la pregunta de\u00a0cu\u00e1ndo llegar\u00e1 la tecnolog\u00eda 5G en Ecuador, Gallitto que existen varios factores que pueden hacer despegar la demanda.\u00a0Un conductor de esta demanda puede ser la existencia de ciudades inteligentes. En todo caso, explic\u00f3 que este tipo de desarrollos siempre se hallan con las mismas barreras antes mencionadas:\u00a0el costo del espectro y la porci\u00f3n de espectro disponible. (I) Fuente: Diario El Universo<\/p>\n","protected":false},"author":1,"featured_media":1788,"comment_status":"open","ping_status":"open","sticky":false,"template":"","format":"standard","meta":{"footnotes":""},"categories":[268],"tags":[],"class_list":["post-1787","post","type-post","status-publish","format-standard","has-post-thumbnail","hentry","category-nacionales"],"_links":{"self":[{"href":"https:\/\/www.elamazonico.com\/portal\/wp-json\/wp\/v2\/posts\/1787","targetHints":{"allow":["GET"]}}],"collection":[{"href":"https:\/\/www.elamazonico.com\/portal\/wp-json\/wp\/v2\/posts"}],"about":[{"href":"https:\/\/www.elamazonico.com\/portal\/wp-json\/wp\/v2\/types\/post"}],"author":[{"embeddable":true,"href":"https:\/\/www.elamazonico.com\/portal\/wp-json\/wp\/v2\/users\/1"}],"replies":[{"embeddable":true,"href":"https:\/\/www.elamazonico.com\/portal\/wp-json\/wp\/v2\/comments?post=1787"}],"version-history":[{"count":1,"href":"https:\/\/www.elamazonico.com\/portal\/wp-json\/wp\/v2\/posts\/1787\/revisions"}],"predecessor-version":[{"id":1789,"href":"https:\/\/www.elamazonico.com\/portal\/wp-json\/wp\/v2\/posts\/1787\/revisions\/1789"}],"wp:featuredmedia":[{"embeddable":true,"href":"https:\/\/www.elamazonico.com\/portal\/wp-json\/wp\/v2\/media\/1788"}],"wp:attachment":[{"href":"https:\/\/www.elamazonico.com\/portal\/wp-json\/wp\/v2\/media?parent=1787"}],"wp:term":[{"taxonomy":"category","embeddable":true,"href":"https:\/\/www.elamazonico.com\/portal\/wp-json\/wp\/v2\/categories?post=1787"},{"taxonomy":"post_tag","embeddable":true,"href":"https:\/\/www.elamazonico.com\/portal\/wp-json\/wp\/v2\/tags?post=1787"}],"curies":[{"name":"wp","href":"https:\/\/api.w.org\/{rel}","templated":true}]}}