{"id":17619,"date":"2024-07-22T09:16:22","date_gmt":"2024-07-22T14:16:22","guid":{"rendered":"https:\/\/www.elamazonico.com\/portal\/?p=17619"},"modified":"2024-07-22T09:16:22","modified_gmt":"2024-07-22T14:16:22","slug":"quien-es-kamala-harris-la-persona-elegida-por-joe-biden-para-reemplazarlo-en-su-candidatura-presidencial","status":"publish","type":"post","link":"https:\/\/www.elamazonico.com\/portal\/quien-es-kamala-harris-la-persona-elegida-por-joe-biden-para-reemplazarlo-en-su-candidatura-presidencial\/","title":{"rendered":"\u00bfQui\u00e9n es Kamala Harris? La persona elegida por Joe Biden para reemplazarlo en su candidatura presidencial"},"content":{"rendered":"<p class=\"p_0\"><b>La vicepresidenta Kamala Harris, quien recibi\u00f3 el apoyo de Joe Biden tras el anuncio el domingo de su retirada de la carrera por la Casa Blanca, podr\u00eda escribir una nueva p\u00e1gina en la historia estadounidense.<\/b><\/p>\n<p class=\"p_1\">Ya lo ha hecho al convertirse en enero de 2021 en<b>\u00a0la primera mujer, la primera afroamericana y la primera persona de origen asi\u00e1tico<\/b>\u00a0en convertirse en vicepresidenta.<\/p>\n<p class=\"p_2\">\u00abHoy quiero ofrecer todo mi apoyo y respaldo para que<b>\u00a0Kamala sea la candidata de nuestro partido este a\u00f1o<\/b>. Dem\u00f3cratas: es hora de unirse y vencer a Trump. Hag\u00e1moslo\u00bb, apunt\u00f3 el mandatario, alentando a que sus coidearios acepten a la segunda mandataria como aspirante y se oficialice su ingreso a la carrera presidencial.<\/p>\n<p class=\"p_3\"><b>Lea tambi\u00e9n |\u00a0<a href=\"https:\/\/www.vistazo.com\/portada\/misterio-alrededor-del-ataque-contra-donald-trump-estas-son-las-teorias-conspirativas-que-se-tejen-en-redes-sociales-KG7668927\">Misterio alrededor del intento de asesinato contra Donald Trump: estas son las teor\u00edas conspirativas que se tejen<\/a><\/b><\/p>\n<p class=\"p_4\">La vicepresidenta, de 59 a\u00f1os, nacida en el estado de California, suele hablar a menudo de\u00a0<b>c\u00f3mo se manifestaba cuando era ni\u00f1a por los derechos civiles,<\/b>\u00a0en compa\u00f1\u00eda de su padre jamaicano, profesor de econom\u00eda, y su madre india, investigadora del c\u00e1ncer de mama.<\/p>\n<p class=\"p_5\">En 2020, el\u00a0<b>expresidente Donald Trump<\/b>, el candidato republicano para las elecciones que se llevar\u00e1n a cabo este a\u00f1o, llam\u00f3 a la dem\u00f3crata, despu\u00e9s de su arribo al cargo de segunda mandataria de la naci\u00f3n,\u00a0<b>\u201cmonstruo\u201d y \u201cmujer enojada\u201d.<\/b><\/p>\n<p><img decoding=\"async\" src=\"https:\/\/www.vistazo.com\/placeholder\/svg\/viewbox\/768x512\" alt=\"$!El candidato presidencial republicano Donald J. Trump habla en su primer mitin conjunto con el candidato republicano a la vicepresidencia, el senador JD Vance.\" \/><\/p>\n<div class=\"paragraph texto\">\n<p class=\"p_6\">Tras un\u00a0<b>desastroso debate de Joe Biden<\/b>, de 81 a\u00f1os, contra el multimillonario de 78 a\u00f1os, el 27 de junio de 2024,<b>\u00a0Trump<\/b>, anticipando que Biden se retirar\u00eda de la carrera presidencial, r<b>eanud\u00f3 sus ataques contra Harris.<\/b><\/p>\n<\/div>\n<div class=\"paragraph texto\">\n<p class=\"p_7\">Siempre buscando apodos burlones para sus oponentes, comenz\u00f3 a llamarla\u00a0<b>\u00abLaffin&#8217; Kamala\u00bb<\/b>, en referencia a a la palabra en ingl\u00e9s \u201claughing\u201d, que significa re\u00edr, por su risa estruendosa, mientras su equipo de campa\u00f1a comenz\u00f3 a describirla como una<b>\u00a0izquierdista empedernida.<\/b><\/p>\n<p class=\"p_8\">Graduada de la\u00a0<b>Universidad Howard<\/b>, fundada en Washington para acoger a estudiantes afroamericanos en medio de la segregaci\u00f3n, Kamala Harris est\u00e1 orgullosa de su\u00a0<b>emblem\u00e1tico viaje hacia el sue\u00f1o americano.<\/b><\/p>\n<\/div>\n<div class=\"html_text\">\n<h2>\u00ab\u00bfC\u00f3mo se atreven?\u00bb<\/h2>\n<h2><\/h2>\n<\/div>\n<div class=\"paragraph texto\">\n<p class=\"p_9\">Tras dos mandatos como<b>\u00a0fiscal en San Francisco\u00a0<\/b>(2004-2011),\u00a0<b>fue elegida dos veces Fiscal General de California<\/b>\u00a0(2011-2017), convirti\u00e9ndose en la primera mujer y la primera persona negra en encabezar los servicios judiciales del estado m\u00e1s poblado del pa\u00eds.<\/p>\n<p class=\"p_10\">Ha sido criticada por su<b>\u00a0dura represi\u00f3n contra los delitos menores<\/b>, que seg\u00fan sus oponentes ha afectado principalmente a las minor\u00edas.<\/p>\n<p class=\"p_11\"><b>Lea tambi\u00e9n |\u00a0<a href=\"https:\/\/www.vistazo.com\/politica\/internacional\/desconfianza-desilusion-y-un-poco-de-esperanza-en-los-jovenes-de-venezuela-ante-su-primera-eleccion-DF7711849\">Desconfianza, desilusi\u00f3n y un poco de esperanza en los j\u00f3venes de Venezuela ante su primera elecci\u00f3n<\/a><\/b><\/p>\n<p class=\"p_12\">En enero de 2017, prest\u00f3 juramento como<b>\u00a0miembro del Senado<\/b>\u00a0en Washington, donde se convirti\u00f3 en la primera mujer del sur de Asia y la\u00a0<b>segunda senadora negra de la historia.<\/b><\/p>\n<p><img decoding=\"async\" src=\"https:\/\/www.vistazo.com\/placeholder\/svg\/viewbox\/768x627\" alt=\"$!La vicepresidenta de EE. UU., Kamala Harris, participa en un evento de campa\u00f1a en la escuela secundaria James B. Dudley en Greensboro, Carolina del Norte, EE. UU., el 11 de julio de 2024.\" \/><\/p>\n<div class=\"paragraph texto\">\n<p class=\"p_13\">Electa vicepresidenta, dedic\u00f3 su discurso de victoria a las<b>\u00a0\u201cni\u00f1as\u201d de Estados Unidos.<\/b><\/p>\n<p class=\"p_14\">En 2022, Kamala Harris\u00a0<b>defendi\u00f3 fervientemente el<\/b>\u00a0<b>derecho al aborto<\/b>, cuestionado por quienes conforman el Tribunal Supremo.<\/p>\n<p class=\"p_15\">\u00abAlgunos l\u00edderes republicanos est\u00e1n tratando de utilizar la ley contra las mujeres. \u00bfC\u00f3mo se atreven?<b>\u00a0\u00bfC\u00f3mo se atreven a decirle a una mujer lo que puede y no puede hacer con su propio cuerpo?<\/b>\u00ab, dijo indignada en marzo de 2003.<\/p>\n<p class=\"p_16\">Esta\u00a0<b>contundente declaraci\u00f3n<\/b>\u00a0y la en\u00e9rgica campa\u00f1a liderada durante un a\u00f1o por Kamala Harris en todo el pa\u00eds han<b>\u00a0reavivado el debate en torno a ello.<\/b><\/p>\n<\/div>\n<div class=\"html_text\">\n<h2>\u00abSegundo Caballero\u00bb<\/h2>\n<h2><\/h2>\n<\/div>\n<div class=\"paragraph texto\">\n<p class=\"p_17\">La prensa estadounidense ha considerado en varias ocasiones que\u00a0<b>le faltaba alcance<\/b>, lo que sus partidarios atribu\u00edan a un\u00a0<b>sesgo sexista.<\/b><\/p>\n<p class=\"p_18\">La revista Vogue tuvo que defenderse por haber elegido, poco despu\u00e9s de las elecciones, para su portada,\u00a0<b>una foto de la vicepresidenta en zapatillas de deporte<\/b>, en lugar de un retrato m\u00e1s formal, que habr\u00eda puesto<b>\u00a0mayor \u00e9nfasis en su posici\u00f3n.<\/b><\/p>\n<p class=\"p_19\">La principal interesada, sin embargo,\u00a0<b>se preocupa por cultivar una imagen relajada<\/b>, ayudada en ello por su pareja Doug Emhoff, para quien Estados Unidos ha tenido que acostumbrarse al t\u00edtulo de\u00a0<b>\u00abSegundo Caballero\u00bb<\/b>.<\/p>\n<p class=\"p_20\">Este abogado de habla amigable es tambi\u00e9n el primer jud\u00edo en este cargo. Fue uno de los<b>\u00a0representantes clave de la Casa Blanca\u00a0<\/b>en la lucha contra el\u00a0<b>antisemitismo<\/b>.<\/p>\n<p class=\"p_21\">En las redes, la pareja simula, por ejemplo,\u00a0<b>discutir sobre baloncesto<\/b>: \u00e9l es fan\u00e1tico del equipo de Los Angeles Lakers, ella de los San Francisco Warriors.<\/p>\n<p class=\"p_22\">A Kamala Harris, apodada<b>\u00a0\u201cMomala\u201d\u00a0<\/b>en su familia mestiza, tambi\u00e9n\u00a0<b>le gusta cocinar<\/b>, lo cual se ha visto reflejado en numerosas an\u00e9cdotas, como cu\u00e1ndo durante un viaje oficial a Par\u00eds s<b>e escap\u00f3 r\u00e1pidamente para comprar vasijas de cobre. Fuente: Vistazo<\/b><\/p>\n<\/div>\n<\/div>\n","protected":false},"excerpt":{"rendered":"<p>La vicepresidenta Kamala Harris, quien recibi\u00f3 el apoyo de Joe Biden tras el anuncio el domingo de su retirada de la carrera por la Casa Blanca, podr\u00eda escribir una nueva p\u00e1gina en la historia estadounidense. Ya lo ha hecho al convertirse en enero de 2021 en\u00a0la primera mujer, la primera afroamericana y la primera persona de origen asi\u00e1tico\u00a0en convertirse en vicepresidenta. \u00abHoy quiero ofrecer todo mi apoyo y respaldo para que\u00a0Kamala sea la candidata de nuestro partido este a\u00f1o. Dem\u00f3cratas: es hora de unirse y vencer a Trump. Hag\u00e1moslo\u00bb, apunt\u00f3 el mandatario, alentando a que sus coidearios acepten a la segunda mandataria como aspirante y se oficialice su ingreso a la carrera presidencial. Lea tambi\u00e9n |\u00a0Misterio alrededor del intento de asesinato contra Donald Trump: estas son las teor\u00edas conspirativas que se tejen La vicepresidenta, de 59 a\u00f1os, nacida en el estado de California, suele hablar a menudo de\u00a0c\u00f3mo se manifestaba cuando era ni\u00f1a por los derechos civiles,\u00a0en compa\u00f1\u00eda de su padre jamaicano, profesor de econom\u00eda, y su madre india, investigadora del c\u00e1ncer de mama. En 2020, el\u00a0expresidente Donald Trump, el candidato republicano para las elecciones que se llevar\u00e1n a cabo este a\u00f1o, llam\u00f3 a la dem\u00f3crata, despu\u00e9s de su arribo al cargo de segunda mandataria de la naci\u00f3n,\u00a0\u201cmonstruo\u201d y \u201cmujer enojada\u201d. Tras un\u00a0desastroso debate de Joe Biden, de 81 a\u00f1os, contra el multimillonario de 78 a\u00f1os, el 27 de junio de 2024,\u00a0Trump, anticipando que Biden se retirar\u00eda de la carrera presidencial, reanud\u00f3 sus ataques contra Harris. Siempre buscando apodos burlones para sus oponentes, comenz\u00f3 a llamarla\u00a0\u00abLaffin&#8217; Kamala\u00bb, en referencia a a la palabra en ingl\u00e9s \u201claughing\u201d, que significa re\u00edr, por su risa estruendosa, mientras su equipo de campa\u00f1a comenz\u00f3 a describirla como una\u00a0izquierdista empedernida. Graduada de la\u00a0Universidad Howard, fundada en Washington para acoger a estudiantes afroamericanos en medio de la segregaci\u00f3n, Kamala Harris est\u00e1 orgullosa de su\u00a0emblem\u00e1tico viaje hacia el sue\u00f1o americano. \u00ab\u00bfC\u00f3mo se atreven?\u00bb Tras dos mandatos como\u00a0fiscal en San Francisco\u00a0(2004-2011),\u00a0fue elegida dos veces Fiscal General de California\u00a0(2011-2017), convirti\u00e9ndose en la primera mujer y la primera persona negra en encabezar los servicios judiciales del estado m\u00e1s poblado del pa\u00eds. Ha sido criticada por su\u00a0dura represi\u00f3n contra los delitos menores, que seg\u00fan sus oponentes ha afectado principalmente a las minor\u00edas. Lea tambi\u00e9n |\u00a0Desconfianza, desilusi\u00f3n y un poco de esperanza en los j\u00f3venes de Venezuela ante su primera elecci\u00f3n En enero de 2017, prest\u00f3 juramento como\u00a0miembro del Senado\u00a0en Washington, donde se convirti\u00f3 en la primera mujer del sur de Asia y la\u00a0segunda senadora negra de la historia. Electa vicepresidenta, dedic\u00f3 su discurso de victoria a las\u00a0\u201cni\u00f1as\u201d de Estados Unidos. En 2022, Kamala Harris\u00a0defendi\u00f3 fervientemente el\u00a0derecho al aborto, cuestionado por quienes conforman el Tribunal Supremo. \u00abAlgunos l\u00edderes republicanos est\u00e1n tratando de utilizar la ley contra las mujeres. \u00bfC\u00f3mo se atreven?\u00a0\u00bfC\u00f3mo se atreven a decirle a una mujer lo que puede y no puede hacer con su propio cuerpo?\u00ab, dijo indignada en marzo de 2003. Esta\u00a0contundente declaraci\u00f3n\u00a0y la en\u00e9rgica campa\u00f1a liderada durante un a\u00f1o por Kamala Harris en todo el pa\u00eds han\u00a0reavivado el debate en torno a ello. \u00abSegundo Caballero\u00bb La prensa estadounidense ha considerado en varias ocasiones que\u00a0le faltaba alcance, lo que sus partidarios atribu\u00edan a un\u00a0sesgo sexista. La revista Vogue tuvo que defenderse por haber elegido, poco despu\u00e9s de las elecciones, para su portada,\u00a0una foto de la vicepresidenta en zapatillas de deporte, en lugar de un retrato m\u00e1s formal, que habr\u00eda puesto\u00a0mayor \u00e9nfasis en su posici\u00f3n. La principal interesada, sin embargo,\u00a0se preocupa por cultivar una imagen relajada, ayudada en ello por su pareja Doug Emhoff, para quien Estados Unidos ha tenido que acostumbrarse al t\u00edtulo de\u00a0\u00abSegundo Caballero\u00bb. Este abogado de habla amigable es tambi\u00e9n el primer jud\u00edo en este cargo. Fue uno de los\u00a0representantes clave de la Casa Blanca\u00a0en la lucha contra el\u00a0antisemitismo. En las redes, la pareja simula, por ejemplo,\u00a0discutir sobre baloncesto: \u00e9l es fan\u00e1tico del equipo de Los Angeles Lakers, ella de los San Francisco Warriors. A Kamala Harris, apodada\u00a0\u201cMomala\u201d\u00a0en su familia mestiza, tambi\u00e9n\u00a0le gusta cocinar, lo cual se ha visto reflejado en numerosas an\u00e9cdotas, como cu\u00e1ndo durante un viaje oficial a Par\u00eds se escap\u00f3 r\u00e1pidamente para comprar vasijas de cobre. Fuente: Vistazo<\/p>\n","protected":false},"author":1,"featured_media":17620,"comment_status":"open","ping_status":"open","sticky":false,"template":"","format":"standard","meta":{"footnotes":""},"categories":[5],"tags":[],"class_list":["post-17619","post","type-post","status-publish","format-standard","has-post-thumbnail","hentry","category-internacionales"],"_links":{"self":[{"href":"https:\/\/www.elamazonico.com\/portal\/wp-json\/wp\/v2\/posts\/17619","targetHints":{"allow":["GET"]}}],"collection":[{"href":"https:\/\/www.elamazonico.com\/portal\/wp-json\/wp\/v2\/posts"}],"about":[{"href":"https:\/\/www.elamazonico.com\/portal\/wp-json\/wp\/v2\/types\/post"}],"author":[{"embeddable":true,"href":"https:\/\/www.elamazonico.com\/portal\/wp-json\/wp\/v2\/users\/1"}],"replies":[{"embeddable":true,"href":"https:\/\/www.elamazonico.com\/portal\/wp-json\/wp\/v2\/comments?post=17619"}],"version-history":[{"count":1,"href":"https:\/\/www.elamazonico.com\/portal\/wp-json\/wp\/v2\/posts\/17619\/revisions"}],"predecessor-version":[{"id":17621,"href":"https:\/\/www.elamazonico.com\/portal\/wp-json\/wp\/v2\/posts\/17619\/revisions\/17621"}],"wp:featuredmedia":[{"embeddable":true,"href":"https:\/\/www.elamazonico.com\/portal\/wp-json\/wp\/v2\/media\/17620"}],"wp:attachment":[{"href":"https:\/\/www.elamazonico.com\/portal\/wp-json\/wp\/v2\/media?parent=17619"}],"wp:term":[{"taxonomy":"category","embeddable":true,"href":"https:\/\/www.elamazonico.com\/portal\/wp-json\/wp\/v2\/categories?post=17619"},{"taxonomy":"post_tag","embeddable":true,"href":"https:\/\/www.elamazonico.com\/portal\/wp-json\/wp\/v2\/tags?post=17619"}],"curies":[{"name":"wp","href":"https:\/\/api.w.org\/{rel}","templated":true}]}}