{"id":17600,"date":"2024-07-21T13:40:24","date_gmt":"2024-07-21T18:40:24","guid":{"rendered":"https:\/\/www.elamazonico.com\/portal\/?p=17600"},"modified":"2024-07-21T13:40:24","modified_gmt":"2024-07-21T18:40:24","slug":"se-acabo-el-tour-de-francia-pogacar-es-el-campeon-y-richard-carapaz-es-el-rey-de-la-montana","status":"publish","type":"post","link":"https:\/\/www.elamazonico.com\/portal\/se-acabo-el-tour-de-francia-pogacar-es-el-campeon-y-richard-carapaz-es-el-rey-de-la-montana\/","title":{"rendered":"\u00a1Se acab\u00f3 el Tour de Francia! Pogacar es el campe\u00f3n y Richard Carapaz es el rey de la monta\u00f1a"},"content":{"rendered":"<p>Tadej Pogacar gan\u00f3 este domingo 21 de julio su sexta etapa en la edici\u00f3n 2024 del Tour de Francia y conquist\u00f3 su tercer t\u00edtulo, despu\u00e9s de los que logr\u00f3 en 2020 y 2021. Mientras que el ecuatoriano Richard Carapaz se coron\u00f3 como campe\u00f3n de la monta\u00f1a.<\/p>\n<p>El corredor del UAE vol\u00f3 en la contrarreloj que se llev\u00f3 a cabo entre M\u00f3naco y Niza, destroz\u00f3 los cron\u00f3metros y le sac\u00f3 1:03 a Jonas Vingegaard que acab\u00f3 en segundo lugar. Tercero fue Remco Evenepoel, que acab\u00f3 a 1:14.<\/p>\n<p>Pogacar cierra la edici\u00f3n 2024 de la &#8216;Grande Boucle&#8217; como dominador absoluto, con seis victorias de etapa y m\u00e1s de seis minutos de ventaja en la general sobre el anterior doble ganador del Tour (2022 y 2023), el dan\u00e9s Jonas Vingegaard.<\/p>\n<p>Con esta victoria, &#8216;Pogi&#8217; firma un doblete Giro-Tour, in\u00e9dito desde 1998, cuando lo consigui\u00f3 el fallecido Marco Pantani.<\/p>\n<p>Ha sido un Tour muy especial para el Ecuador, por la participaci\u00f3n de Richard Carapaz, que ha conseguido varios objetivos a lo largo de las 21 etapas.<\/p>\n<p>&#8216;Richie&#8217; se visti\u00f3 con la camiseta amarilla de l\u00edder en la tercera etapa, gan\u00f3 la Etapa 17, se llev\u00f3 el premio de la combatividad en las etapas 14 y 19, se coron\u00f3 rey de la monta\u00f1a y fue elegido como el s\u00faper combativo de todo el Tour.<\/p>\n<p>Un saldo completamente favorable para el carchense que no pudo pelear la clasificaci\u00f3n general, pero que en el camino encontr\u00f3 otros objetivos.<\/p>\n<p><strong>\u00a1Pogacar campe\u00f3n!<\/strong><br \/>\nEl esloveno Tadej Pogacar cruza la meta en Niza, gana su sexta etapa en esta edici\u00f3n del Tour de Francia y se corona campe\u00f3n por tercera vez en la historia de la &#8216;Grande Boucle&#8217;. No se cansa de romper r\u00e9cords.<\/p>\n<p><strong>Llega Carapaz<\/strong><br \/>\nEl ecuatoriano levanta los brazos y cruza la meta. El ciclista del EF Education &#8211; EasyPost termina como rey de la monta\u00f1a y los aficionados se lo reconocen en la meta.<\/p>\n<p><strong>Bardet corri\u00f3 su \u00faltima etapa<\/strong><br \/>\nEl ciclista franc\u00e9s termin\u00f3 su participaci\u00f3n en el Tour de Francia. Este a\u00f1o gan\u00f3 la primera etapa y se visti\u00f3 como lider\u00f3, pero ha decidido que no volver\u00e1 a correr. Emotivo adi\u00f3s para Bardet.<\/p>\n<p><strong>Sale Pogacar<\/strong><br \/>\nParte el \u00faltimo ciclista. El corredor esloveno ya est\u00e1 en competencia, para asegurar su tercer t\u00edtulo en el Tour de Francia. Pogacar quiere sumar una nueva victoria en esta edici\u00f3n de la &#8216;Grande Boucle&#8217;.<\/p>\n<p><strong>Toma la partida Jonas Vingegaard\u00a0<\/strong><br \/>\nEl ciclista dan\u00e9s ya est\u00e1 en competencia en la \u00faltima etapa del Tour de Francia. Vingegaard terminar\u00e1 como segundo de la clasificaci\u00f3n general.<\/p>\n<p><strong>\u00a1Parte Carapaz!<\/strong><br \/>\nEl carchense Richard Carapaz toma la partida en la contrarreloj individual, pero corre con la bicicleta normal y luce la bicicleta especial que le entreg\u00f3 la marca Cannondale, como rey de la monta\u00f1a del Tour de Francia.<\/p>\n<p><strong>Harold Tejada, el m\u00e1s r\u00e1pido por ahora<\/strong><br \/>\nEl ciclista colombiano Harold Tejada, del Astana Qazaqstan Team, finaliza la contrarreloj individual y le arrebata el primer lugar a Lenny Mart\u00ednez con un tiempo de 48&#8217;14&#8243;53.<\/p>\n<p><strong>Victor Campenaerts termina la crono<\/strong><br \/>\nEl pedalista belga, del Lotto Dstny, llega 14&#8243; despu\u00e9s del franc\u00e9s Lenny Mart\u00ednez (Groupama-FDJ), quien sigue primero.<\/p>\n<p><strong>Girmay, campe\u00f3n de los puntos<\/strong><br \/>\nEl eritreo Biniam Girmay cruza la meta y oficialmente acaba como el campe\u00f3n de los puntos en el Tour de Francia.<\/p>\n<p><strong>Lleg\u00f3 Cavendish<\/strong><br \/>\nEl ciclista brit\u00e1nico cruza la meta en la Etapa 21 del Tour de Francia. Cavendish se retirar\u00e1 este a\u00f1o del ciclismo mundial, con el r\u00e9cord del corredor con m\u00e1s victorias de etapa en el Tour de Francia. Acumula 35, una m\u00e1s que Eddy Merckx. <strong>Fuente: Primicias<\/strong><\/p>\n","protected":false},"excerpt":{"rendered":"<p>Tadej Pogacar gan\u00f3 este domingo 21 de julio su sexta etapa en la edici\u00f3n 2024 del Tour de Francia y conquist\u00f3 su tercer t\u00edtulo, despu\u00e9s de los que logr\u00f3 en 2020 y 2021. Mientras que el ecuatoriano Richard Carapaz se coron\u00f3 como campe\u00f3n de la monta\u00f1a. El corredor del UAE vol\u00f3 en la contrarreloj que se llev\u00f3 a cabo entre M\u00f3naco y Niza, destroz\u00f3 los cron\u00f3metros y le sac\u00f3 1:03 a Jonas Vingegaard que acab\u00f3 en segundo lugar. Tercero fue Remco Evenepoel, que acab\u00f3 a 1:14. Pogacar cierra la edici\u00f3n 2024 de la &#8216;Grande Boucle&#8217; como dominador absoluto, con seis victorias de etapa y m\u00e1s de seis minutos de ventaja en la general sobre el anterior doble ganador del Tour (2022 y 2023), el dan\u00e9s Jonas Vingegaard. Con esta victoria, &#8216;Pogi&#8217; firma un doblete Giro-Tour, in\u00e9dito desde 1998, cuando lo consigui\u00f3 el fallecido Marco Pantani. Ha sido un Tour muy especial para el Ecuador, por la participaci\u00f3n de Richard Carapaz, que ha conseguido varios objetivos a lo largo de las 21 etapas. &#8216;Richie&#8217; se visti\u00f3 con la camiseta amarilla de l\u00edder en la tercera etapa, gan\u00f3 la Etapa 17, se llev\u00f3 el premio de la combatividad en las etapas 14 y 19, se coron\u00f3 rey de la monta\u00f1a y fue elegido como el s\u00faper combativo de todo el Tour. Un saldo completamente favorable para el carchense que no pudo pelear la clasificaci\u00f3n general, pero que en el camino encontr\u00f3 otros objetivos. \u00a1Pogacar campe\u00f3n! El esloveno Tadej Pogacar cruza la meta en Niza, gana su sexta etapa en esta edici\u00f3n del Tour de Francia y se corona campe\u00f3n por tercera vez en la historia de la &#8216;Grande Boucle&#8217;. No se cansa de romper r\u00e9cords. Llega Carapaz El ecuatoriano levanta los brazos y cruza la meta. El ciclista del EF Education &#8211; EasyPost termina como rey de la monta\u00f1a y los aficionados se lo reconocen en la meta. Bardet corri\u00f3 su \u00faltima etapa El ciclista franc\u00e9s termin\u00f3 su participaci\u00f3n en el Tour de Francia. Este a\u00f1o gan\u00f3 la primera etapa y se visti\u00f3 como lider\u00f3, pero ha decidido que no volver\u00e1 a correr. Emotivo adi\u00f3s para Bardet. Sale Pogacar Parte el \u00faltimo ciclista. El corredor esloveno ya est\u00e1 en competencia, para asegurar su tercer t\u00edtulo en el Tour de Francia. Pogacar quiere sumar una nueva victoria en esta edici\u00f3n de la &#8216;Grande Boucle&#8217;. Toma la partida Jonas Vingegaard\u00a0 El ciclista dan\u00e9s ya est\u00e1 en competencia en la \u00faltima etapa del Tour de Francia. Vingegaard terminar\u00e1 como segundo de la clasificaci\u00f3n general. \u00a1Parte Carapaz! El carchense Richard Carapaz toma la partida en la contrarreloj individual, pero corre con la bicicleta normal y luce la bicicleta especial que le entreg\u00f3 la marca Cannondale, como rey de la monta\u00f1a del Tour de Francia. Harold Tejada, el m\u00e1s r\u00e1pido por ahora El ciclista colombiano Harold Tejada, del Astana Qazaqstan Team, finaliza la contrarreloj individual y le arrebata el primer lugar a Lenny Mart\u00ednez con un tiempo de 48&#8217;14&#8243;53. Victor Campenaerts termina la crono El pedalista belga, del Lotto Dstny, llega 14&#8243; despu\u00e9s del franc\u00e9s Lenny Mart\u00ednez (Groupama-FDJ), quien sigue primero. Girmay, campe\u00f3n de los puntos El eritreo Biniam Girmay cruza la meta y oficialmente acaba como el campe\u00f3n de los puntos en el Tour de Francia. Lleg\u00f3 Cavendish El ciclista brit\u00e1nico cruza la meta en la Etapa 21 del Tour de Francia. Cavendish se retirar\u00e1 este a\u00f1o del ciclismo mundial, con el r\u00e9cord del corredor con m\u00e1s victorias de etapa en el Tour de Francia. Acumula 35, una m\u00e1s que Eddy Merckx. Fuente: Primicias<\/p>\n","protected":false},"author":1,"featured_media":17601,"comment_status":"open","ping_status":"open","sticky":false,"template":"","format":"standard","meta":{"footnotes":""},"categories":[6],"tags":[],"class_list":["post-17600","post","type-post","status-publish","format-standard","has-post-thumbnail","hentry","category-deportes"],"_links":{"self":[{"href":"https:\/\/www.elamazonico.com\/portal\/wp-json\/wp\/v2\/posts\/17600","targetHints":{"allow":["GET"]}}],"collection":[{"href":"https:\/\/www.elamazonico.com\/portal\/wp-json\/wp\/v2\/posts"}],"about":[{"href":"https:\/\/www.elamazonico.com\/portal\/wp-json\/wp\/v2\/types\/post"}],"author":[{"embeddable":true,"href":"https:\/\/www.elamazonico.com\/portal\/wp-json\/wp\/v2\/users\/1"}],"replies":[{"embeddable":true,"href":"https:\/\/www.elamazonico.com\/portal\/wp-json\/wp\/v2\/comments?post=17600"}],"version-history":[{"count":1,"href":"https:\/\/www.elamazonico.com\/portal\/wp-json\/wp\/v2\/posts\/17600\/revisions"}],"predecessor-version":[{"id":17602,"href":"https:\/\/www.elamazonico.com\/portal\/wp-json\/wp\/v2\/posts\/17600\/revisions\/17602"}],"wp:featuredmedia":[{"embeddable":true,"href":"https:\/\/www.elamazonico.com\/portal\/wp-json\/wp\/v2\/media\/17601"}],"wp:attachment":[{"href":"https:\/\/www.elamazonico.com\/portal\/wp-json\/wp\/v2\/media?parent=17600"}],"wp:term":[{"taxonomy":"category","embeddable":true,"href":"https:\/\/www.elamazonico.com\/portal\/wp-json\/wp\/v2\/categories?post=17600"},{"taxonomy":"post_tag","embeddable":true,"href":"https:\/\/www.elamazonico.com\/portal\/wp-json\/wp\/v2\/tags?post=17600"}],"curies":[{"name":"wp","href":"https:\/\/api.w.org\/{rel}","templated":true}]}}