{"id":17535,"date":"2024-07-17T11:08:34","date_gmt":"2024-07-17T16:08:34","guid":{"rendered":"https:\/\/www.elamazonico.com\/portal\/?p=17535"},"modified":"2024-07-17T11:08:34","modified_gmt":"2024-07-17T16:08:34","slug":"grande-richi-el-ciclista-ecuatoriano-gana-la-etapa-17-del-tour-de-francia","status":"publish","type":"post","link":"https:\/\/www.elamazonico.com\/portal\/grande-richi-el-ciclista-ecuatoriano-gana-la-etapa-17-del-tour-de-francia\/","title":{"rendered":"\u00a1Grande, Richi! El ciclista ecuatoriano gana la etapa 17 del Tour de Francia"},"content":{"rendered":"<p>\u00a1Lo logr\u00f3! Richard Carapaz avis\u00f3 que lo intentar\u00eda.\u00a0<strong>Con la clasificaci\u00f3n general ya lejos, su objetivo era ganar una etapa.<\/strong><\/p>\n<p>\u00abSon de esos d\u00edas que quedan en la memoria. Ha sido muy dif\u00edcil\u00bb, admiti\u00f3 el ecuatoriano.<\/p>\n<p>De esta manera, el carchense se convierte en el primer ciclista ecuatoriano en ganar una etapa en las tres grandes competiciones: Tour de Francia, Vuelta a Espa\u00f1a y Giro de Italia.<\/p>\n<div class=\"twitter-tweet twitter-tweet-rendered\"><iframe id=\"twitter-widget-1\" class=\"\" title=\"X Post\" src=\"https:\/\/platform.twitter.com\/embed\/Tweet.html?creatorScreenName=el_telegrafo&amp;dnt=false&amp;embedId=twitter-widget-1&amp;features=eyJ0ZndfdGltZWxpbmVfbGlzdCI6eyJidWNrZXQiOltdLCJ2ZXJzaW9uIjpudWxsfSwidGZ3X2ZvbGxvd2VyX2NvdW50X3N1bnNldCI6eyJidWNrZXQiOnRydWUsInZlcnNpb24iOm51bGx9LCJ0ZndfdHdlZXRfZWRpdF9iYWNrZW5kIjp7ImJ1Y2tldCI6Im9uIiwidmVyc2lvbiI6bnVsbH0sInRmd19yZWZzcmNfc2Vzc2lvbiI6eyJidWNrZXQiOiJvbiIsInZlcnNpb24iOm51bGx9LCJ0ZndfZm9zbnJfc29mdF9pbnRlcnZlbnRpb25zX2VuYWJsZWQiOnsiYnVja2V0Ijoib24iLCJ2ZXJzaW9uIjpudWxsfSwidGZ3X21peGVkX21lZGlhXzE1ODk3Ijp7ImJ1Y2tldCI6InRyZWF0bWVudCIsInZlcnNpb24iOm51bGx9LCJ0ZndfZXhwZXJpbWVudHNfY29va2llX2V4cGlyYXRpb24iOnsiYnVja2V0IjoxMjA5NjAwLCJ2ZXJzaW9uIjpudWxsfSwidGZ3X3Nob3dfYmlyZHdhdGNoX3Bpdm90c19lbmFibGVkIjp7ImJ1Y2tldCI6Im9uIiwidmVyc2lvbiI6bnVsbH0sInRmd19kdXBsaWNhdGVfc2NyaWJlc190b19zZXR0aW5ncyI6eyJidWNrZXQiOiJvbiIsInZlcnNpb24iOm51bGx9LCJ0ZndfdXNlX3Byb2ZpbGVfaW1hZ2Vfc2hhcGVfZW5hYmxlZCI6eyJidWNrZXQiOiJvbiIsInZlcnNpb24iOm51bGx9LCJ0ZndfdmlkZW9faGxzX2R5bmFtaWNfbWFuaWZlc3RzXzE1MDgyIjp7ImJ1Y2tldCI6InRydWVfYml0cmF0ZSIsInZlcnNpb24iOm51bGx9LCJ0ZndfbGVnYWN5X3RpbWVsaW5lX3N1bnNldCI6eyJidWNrZXQiOnRydWUsInZlcnNpb24iOm51bGx9LCJ0ZndfdHdlZXRfZWRpdF9mcm9udGVuZCI6eyJidWNrZXQiOiJvbiIsInZlcnNpb24iOm51bGx9fQ%3D%3D&amp;frame=false&amp;hideCard=false&amp;hideThread=false&amp;id=1813582965517254828&amp;lang=es&amp;origin=https%3A%2F%2Fwww.eltelegrafo.com.ec%2Fnoticias%2Fdeportes%2F7%2Fgrande-richi-el-ciclista-ecuatoriano-gana-la-etapa-17-del-tour-de-francia&amp;sessionId=4d949418ecac2b5b6b43ce5637e79b5788e36f23&amp;siteScreenName=el_telegrafo&amp;theme=light&amp;widgetsVersion=2615f7e52b7e0%3A1702314776716&amp;width=550px\" frameborder=\"0\" scrolling=\"no\" allowfullscreen=\"allowfullscreen\" data-tweet-id=\"1813582965517254828\" data-mce-fragment=\"1\"><\/iframe><\/div>\n<p>De su t\u00e1ctica para conseguir el triunfo,\u00a0<b>Richard apunt\u00f3 que tuvo buenos movimientos en el grupo<\/b>\u00a0y supo aprovechar su momento, pues hab\u00eda repasado, varias veces, la subida.<\/p>\n<div class=\"twitter-tweet twitter-tweet-rendered\"><iframe id=\"twitter-widget-2\" class=\"\" title=\"X Post\" src=\"https:\/\/platform.twitter.com\/embed\/Tweet.html?creatorScreenName=el_telegrafo&amp;dnt=false&amp;embedId=twitter-widget-2&amp;features=eyJ0ZndfdGltZWxpbmVfbGlzdCI6eyJidWNrZXQiOltdLCJ2ZXJzaW9uIjpudWxsfSwidGZ3X2ZvbGxvd2VyX2NvdW50X3N1bnNldCI6eyJidWNrZXQiOnRydWUsInZlcnNpb24iOm51bGx9LCJ0ZndfdHdlZXRfZWRpdF9iYWNrZW5kIjp7ImJ1Y2tldCI6Im9uIiwidmVyc2lvbiI6bnVsbH0sInRmd19yZWZzcmNfc2Vzc2lvbiI6eyJidWNrZXQiOiJvbiIsInZlcnNpb24iOm51bGx9LCJ0ZndfZm9zbnJfc29mdF9pbnRlcnZlbnRpb25zX2VuYWJsZWQiOnsiYnVja2V0Ijoib24iLCJ2ZXJzaW9uIjpudWxsfSwidGZ3X21peGVkX21lZGlhXzE1ODk3Ijp7ImJ1Y2tldCI6InRyZWF0bWVudCIsInZlcnNpb24iOm51bGx9LCJ0ZndfZXhwZXJpbWVudHNfY29va2llX2V4cGlyYXRpb24iOnsiYnVja2V0IjoxMjA5NjAwLCJ2ZXJzaW9uIjpudWxsfSwidGZ3X3Nob3dfYmlyZHdhdGNoX3Bpdm90c19lbmFibGVkIjp7ImJ1Y2tldCI6Im9uIiwidmVyc2lvbiI6bnVsbH0sInRmd19kdXBsaWNhdGVfc2NyaWJlc190b19zZXR0aW5ncyI6eyJidWNrZXQiOiJvbiIsInZlcnNpb24iOm51bGx9LCJ0ZndfdXNlX3Byb2ZpbGVfaW1hZ2Vfc2hhcGVfZW5hYmxlZCI6eyJidWNrZXQiOiJvbiIsInZlcnNpb24iOm51bGx9LCJ0ZndfdmlkZW9faGxzX2R5bmFtaWNfbWFuaWZlc3RzXzE1MDgyIjp7ImJ1Y2tldCI6InRydWVfYml0cmF0ZSIsInZlcnNpb24iOm51bGx9LCJ0ZndfbGVnYWN5X3RpbWVsaW5lX3N1bnNldCI6eyJidWNrZXQiOnRydWUsInZlcnNpb24iOm51bGx9LCJ0ZndfdHdlZXRfZWRpdF9mcm9udGVuZCI6eyJidWNrZXQiOiJvbiIsInZlcnNpb24iOm51bGx9fQ%3D%3D&amp;frame=false&amp;hideCard=false&amp;hideThread=false&amp;id=1813592936208032018&amp;lang=es&amp;origin=https%3A%2F%2Fwww.eltelegrafo.com.ec%2Fnoticias%2Fdeportes%2F7%2Fgrande-richi-el-ciclista-ecuatoriano-gana-la-etapa-17-del-tour-de-francia&amp;sessionId=4d949418ecac2b5b6b43ce5637e79b5788e36f23&amp;siteScreenName=el_telegrafo&amp;theme=light&amp;widgetsVersion=2615f7e52b7e0%3A1702314776716&amp;width=550px\" frameborder=\"0\" scrolling=\"no\" allowfullscreen=\"allowfullscreen\" data-tweet-id=\"1813592936208032018\" data-mce-fragment=\"1\"><\/iframe><\/div>\n<p>Carapaz, actual campe\u00f3n ol\u00edmpico, se despeg\u00f3 a 13 kil\u00f3metros de la meta de su compa\u00f1ero de escapada Simon Yates en la subida al col du Noyer, la pen\u00faltima ascensi\u00f3n del d\u00eda, aumentando su ventaja en el descenso y en la subida final a la estaci\u00f3n de esqu\u00ed de Superd\u00e9voluy.<\/p>\n<p>Fue un triunfo muy merecido.<strong>\u00a0&#8216;Richie&#8217; supo cu\u00e1ndo y d\u00f3nde atacar.<\/strong>\u00a0Confirm\u00f3 la fortaleza de\u00a0sus piernas y eso le favoreci\u00f3 hasta la meta.<\/p>\n","protected":false},"excerpt":{"rendered":"<p>\u00a1Lo logr\u00f3! Richard Carapaz avis\u00f3 que lo intentar\u00eda.\u00a0Con la clasificaci\u00f3n general ya lejos, su objetivo era ganar una etapa. \u00abSon de esos d\u00edas que quedan en la memoria. Ha sido muy dif\u00edcil\u00bb, admiti\u00f3 el ecuatoriano. De esta manera, el carchense se convierte en el primer ciclista ecuatoriano en ganar una etapa en las tres grandes competiciones: Tour de Francia, Vuelta a Espa\u00f1a y Giro de Italia. De su t\u00e1ctica para conseguir el triunfo,\u00a0Richard apunt\u00f3 que tuvo buenos movimientos en el grupo\u00a0y supo aprovechar su momento, pues hab\u00eda repasado, varias veces, la subida. Carapaz, actual campe\u00f3n ol\u00edmpico, se despeg\u00f3 a 13 kil\u00f3metros de la meta de su compa\u00f1ero de escapada Simon Yates en la subida al col du Noyer, la pen\u00faltima ascensi\u00f3n del d\u00eda, aumentando su ventaja en el descenso y en la subida final a la estaci\u00f3n de esqu\u00ed de Superd\u00e9voluy. Fue un triunfo muy merecido.\u00a0&#8216;Richie&#8217; supo cu\u00e1ndo y d\u00f3nde atacar.\u00a0Confirm\u00f3 la fortaleza de\u00a0sus piernas y eso le favoreci\u00f3 hasta la meta.<\/p>\n","protected":false},"author":1,"featured_media":17536,"comment_status":"open","ping_status":"open","sticky":false,"template":"","format":"standard","meta":{"footnotes":""},"categories":[6],"tags":[],"class_list":["post-17535","post","type-post","status-publish","format-standard","has-post-thumbnail","hentry","category-deportes"],"_links":{"self":[{"href":"https:\/\/www.elamazonico.com\/portal\/wp-json\/wp\/v2\/posts\/17535","targetHints":{"allow":["GET"]}}],"collection":[{"href":"https:\/\/www.elamazonico.com\/portal\/wp-json\/wp\/v2\/posts"}],"about":[{"href":"https:\/\/www.elamazonico.com\/portal\/wp-json\/wp\/v2\/types\/post"}],"author":[{"embeddable":true,"href":"https:\/\/www.elamazonico.com\/portal\/wp-json\/wp\/v2\/users\/1"}],"replies":[{"embeddable":true,"href":"https:\/\/www.elamazonico.com\/portal\/wp-json\/wp\/v2\/comments?post=17535"}],"version-history":[{"count":1,"href":"https:\/\/www.elamazonico.com\/portal\/wp-json\/wp\/v2\/posts\/17535\/revisions"}],"predecessor-version":[{"id":17537,"href":"https:\/\/www.elamazonico.com\/portal\/wp-json\/wp\/v2\/posts\/17535\/revisions\/17537"}],"wp:featuredmedia":[{"embeddable":true,"href":"https:\/\/www.elamazonico.com\/portal\/wp-json\/wp\/v2\/media\/17536"}],"wp:attachment":[{"href":"https:\/\/www.elamazonico.com\/portal\/wp-json\/wp\/v2\/media?parent=17535"}],"wp:term":[{"taxonomy":"category","embeddable":true,"href":"https:\/\/www.elamazonico.com\/portal\/wp-json\/wp\/v2\/categories?post=17535"},{"taxonomy":"post_tag","embeddable":true,"href":"https:\/\/www.elamazonico.com\/portal\/wp-json\/wp\/v2\/tags?post=17535"}],"curies":[{"name":"wp","href":"https:\/\/api.w.org\/{rel}","templated":true}]}}