{"id":17387,"date":"2024-07-09T10:40:07","date_gmt":"2024-07-09T15:40:07","guid":{"rendered":"https:\/\/www.elamazonico.com\/portal\/?p=17387"},"modified":"2024-07-09T10:40:07","modified_gmt":"2024-07-09T15:40:07","slug":"nayib-bukele-informa-sobre-la-captura-de-tres-ecuatorianos-con-millonario-cargamento-de-droga","status":"publish","type":"post","link":"https:\/\/www.elamazonico.com\/portal\/nayib-bukele-informa-sobre-la-captura-de-tres-ecuatorianos-con-millonario-cargamento-de-droga\/","title":{"rendered":"Nayib Bukele informa sobre la captura de tres ecuatorianos con millonario cargamento de droga"},"content":{"rendered":"<p class=\"p_0\">El presidente de El Salvador,\u00a0<b><a href=\"https:\/\/www.vistazo.com\/politica\/internacional\/bukele-afirma-haber-curado-a-el-salvador-del-cancer-de-las-pandillas-y-ahora-promete-sanar-la-economia-MK7419970\">Nayib Bukele<\/a><\/b>, inform\u00f3 este martes 9 de julio del 2024 que<b>\u00a0tres ecuatorianos fueron detenidos\u00a0<\/b>con un cargamento de droga en aguas del oc\u00e9ano Pac\u00edfico.<\/p>\n<p class=\"p_1\">El mandatario escribi\u00f3 en la red social X que la\u00a0<b>Marina Nacional<\/b>\u00a0intercept\u00f3 una embarcaci\u00f3n a 610 millas n\u00e1uticas (1,130 kil\u00f3metros) al suroeste de la Bocana El Cordoncillo, Estero de Jaltepeque.<\/p>\n<p class=\"p_2\">La lancha llevaba\u00a0<b>tres tripulantes ecuatorianos<\/b>, quienes fueron arrestados, y puestos a \u00f3rdenes de las autoridades.<\/p>\n<p class=\"p_3\">\u201cSe estima que transportaban 750 kilos de coca\u00edna,\u00a0<b>valorados en unos 19 millones de d\u00f3lares<\/b>\u201d, detall\u00f3 Bukele.<\/p>\n<p class=\"p_4\">Agreg\u00f3 que en las \u00faltimas 7 semanas, las fuerzas del orden de ese pa\u00eds han realizado cinco grandes incautaciones de droga, valoradas en m\u00e1s de 160 millones de d\u00f3lares.<\/p>\n<div class=\"paragraph texto\">\n<p class=\"p_5\"><b>ea tambi\u00e9n:\u00a0<a href=\"https:\/\/www.vistazo.com\/actualidad\/internacional\/bukele-anuncia-decomiso-de-dos-toneladas-de-cocaina-y-captura-de-ecuatorianos-que-se-transportaban-en-una-lancha-EM7538633\">Bukele anuncia decomiso de dos toneladas de coca\u00edna y captura de ecuatorianos que se transportaban en una lancha<\/a><\/b><\/p>\n<\/div>\n<div class=\"multimediaMacroWrapper img lateral\">\n<figure class=\"contentMedia art-img\">\n<div><img fetchpriority=\"high\" decoding=\"async\" class=\" lazyloaded\" title=\"Nayib Bukele informa sobre la captura de tres ecuatorianos con millonario cargamento de droga\" src=\"https:\/\/www.vistazo.com\/placeholder\/svg\/viewbox\/588x331\" sizes=\"100vw\" srcset=\"\/\/www.vistazo.com\/binrepository\/588x331\/0c0\/0d0\/none\/12727\/JQJR\/gsc-ggzwuaeadhk_1628067_20240709093348.jpg 588w,\/\/www.vistazo.com\/binrepository\/490x276\/0c0\/0d0\/none\/12727\/JQMO\/gsc-ggzwuaeadhk_1628067_20240709093348.jpg 490w,\/\/www.vistazo.com\/binrepository\/392x221\/0c0\/0d0\/none\/12727\/JQJO\/gsc-ggzwuaeadhk_1628067_20240709093348.jpg 392w,\/\/www.vistazo.com\/binrepository\/300x169\/0c0\/0d0\/none\/12727\/JQRS\/gsc-ggzwuaeadhk_1628067_20240709093348.jpg 300w\" alt=\"$!Nayib Bukele informa sobre la captura de tres ecuatorianos con millonario cargamento de droga\" width=\"588\" height=\"331\" data-srcset=\"\/\/www.vistazo.com\/binrepository\/588x331\/0c0\/0d0\/none\/12727\/JQJR\/gsc-ggzwuaeadhk_1628067_20240709093348.jpg 588w,\/\/www.vistazo.com\/binrepository\/490x276\/0c0\/0d0\/none\/12727\/JQMO\/gsc-ggzwuaeadhk_1628067_20240709093348.jpg 490w,\/\/www.vistazo.com\/binrepository\/392x221\/0c0\/0d0\/none\/12727\/JQJO\/gsc-ggzwuaeadhk_1628067_20240709093348.jpg 392w,\/\/www.vistazo.com\/binrepository\/300x169\/0c0\/0d0\/none\/12727\/JQRS\/gsc-ggzwuaeadhk_1628067_20240709093348.jpg 300w\" \/><\/div>\n<\/figure>\n<\/div>\n<div class=\"html_text\">\n<h2>OTROS OPERATIVOS<\/h2>\n<h2><\/h2>\n<\/div>\n<div class=\"paragraph texto\">\n<p class=\"p_6\">La detenci\u00f3n de ecuatorianos con droga en territorio salvadore\u00f1o se ha vuelto cada vez m\u00e1s com\u00fan.\u00a0<a href=\"https:\/\/www.vistazo.com\/actualidad\/internacional\/bukele-anuncia-decomiso-de-dos-toneladas-de-cocaina-y-captura-de-ecuatorianos-que-se-transportaban-en-una-lancha-EM7538633\">El pasado 24 de junio<\/a>, el mismo presidente Bukele alert\u00f3 sobre el<b>\u00a0decomiso de dos toneladas de coca\u00edna y la detenci\u00f3n de dos ecuatorianos<\/b>. Los compatriotas tambi\u00e9n navegaban en una lancha junto a un ciudadano colombiano.<\/p>\n<div class=\"paragraph texto\">\n<p class=\"p_7\"><a href=\"https:\/\/www.vistazo.com\/actualidad\/internacional\/tres-ecuatorianos-capturados-en-el-salvador-por-transportar-una-tonelada-de-cocaina-en-una-lancha-YY7436980\">El 4 de junio<\/a>, las autoridades interceptaron otra embarcaci\u00f3n con tres tripulantes ecuatorianos a bordo, transportando aproximadamente una tonelada de droga valorada en 25 millones de d\u00f3lares.<\/p>\n<p class=\"p_8\">El\u00a0<a href=\"https:\/\/x.com\/nayibbukele\/status\/1794105500386128071?ref_src=twsrc%5Etfw%7Ctwcamp%5Etweetembed%7Ctwterm%5E1794105500386128071%7Ctwgr%5E498923de77859b50014db20cdbf797fd0e7258a3%7Ctwcon%5Es1_&amp;ref_url=https%3A%2F%2Fwww.primicias.ec%2Fnoticias%2Fseguridad%2Fecuatorianos-narcolanchas-salvador-nayib-bukele%2F\" rel=\"nofollow\">24 de mayo<\/a>, otra lancha con dos ecuatorianos a bordo fue detenida con<b>\u00a01.4 toneladas de coca\u00edna<\/b>, valoradas en 35 millones de d\u00f3lares. Durante este operativo,\u00a0<b>uno de los narcotraficantes falleci\u00f3 en un enfrentamiento\u00a0<\/b>con los marinos salvadore\u00f1os.<\/p>\n<p class=\"p_9\">Adem\u00e1s,\u00a0<b>el 19 de mayo<\/b>\u00a0se incaut\u00f3 otra embarcaci\u00f3n con tres tripulantes (uno ecuatoriano y dos colombianos), llevando 1.3 toneladas de coca\u00edna valoradas en 32.5 millones de d\u00f3lares.<\/p>\n<p class=\"p_10\">Estas acciones destacan la intensificaci\u00f3n de los esfuerzos de El Salvador en la lucha contra el narcotr\u00e1fico, en un contexto donde el\u00a0<b>90% de la droga que ingresa a Estados Unidos pasa por M\u00e9xico y Centroam\u00e9rica<\/b>.<\/p>\n<\/div>\n<div class=\"art-twitter twitter_text\">\n<div class=\"twitter-content\">\n<div class=\"twitter-tweet twitter-tweet-rendered\"><iframe id=\"twitter-widget-0\" class=\"\" title=\"X Post\" src=\"https:\/\/platform.twitter.com\/embed\/Tweet.html?dnt=false&amp;embedId=twitter-widget-0&amp;features=eyJ0ZndfdGltZWxpbmVfbGlzdCI6eyJidWNrZXQiOltdLCJ2ZXJzaW9uIjpudWxsfSwidGZ3X2ZvbGxvd2VyX2NvdW50X3N1bnNldCI6eyJidWNrZXQiOnRydWUsInZlcnNpb24iOm51bGx9LCJ0ZndfdHdlZXRfZWRpdF9iYWNrZW5kIjp7ImJ1Y2tldCI6Im9uIiwidmVyc2lvbiI6bnVsbH0sInRmd19yZWZzcmNfc2Vzc2lvbiI6eyJidWNrZXQiOiJvbiIsInZlcnNpb24iOm51bGx9LCJ0ZndfZm9zbnJfc29mdF9pbnRlcnZlbnRpb25zX2VuYWJsZWQiOnsiYnVja2V0Ijoib24iLCJ2ZXJzaW9uIjpudWxsfSwidGZ3X21peGVkX21lZGlhXzE1ODk3Ijp7ImJ1Y2tldCI6InRyZWF0bWVudCIsInZlcnNpb24iOm51bGx9LCJ0ZndfZXhwZXJpbWVudHNfY29va2llX2V4cGlyYXRpb24iOnsiYnVja2V0IjoxMjA5NjAwLCJ2ZXJzaW9uIjpudWxsfSwidGZ3X3Nob3dfYmlyZHdhdGNoX3Bpdm90c19lbmFibGVkIjp7ImJ1Y2tldCI6Im9uIiwidmVyc2lvbiI6bnVsbH0sInRmd19kdXBsaWNhdGVfc2NyaWJlc190b19zZXR0aW5ncyI6eyJidWNrZXQiOiJvbiIsInZlcnNpb24iOm51bGx9LCJ0ZndfdXNlX3Byb2ZpbGVfaW1hZ2Vfc2hhcGVfZW5hYmxlZCI6eyJidWNrZXQiOiJvbiIsInZlcnNpb24iOm51bGx9LCJ0ZndfdmlkZW9faGxzX2R5bmFtaWNfbWFuaWZlc3RzXzE1MDgyIjp7ImJ1Y2tldCI6InRydWVfYml0cmF0ZSIsInZlcnNpb24iOm51bGx9LCJ0ZndfbGVnYWN5X3RpbWVsaW5lX3N1bnNldCI6eyJidWNrZXQiOnRydWUsInZlcnNpb24iOm51bGx9LCJ0ZndfdHdlZXRfZWRpdF9mcm9udGVuZCI6eyJidWNrZXQiOiJvbiIsInZlcnNpb24iOm51bGx9fQ%3D%3D&amp;frame=false&amp;hideCard=false&amp;hideThread=false&amp;id=1796962773785620808&amp;lang=es&amp;origin=https%3A%2F%2Fwww.vistazo.com%2Factualidad%2Finternacional%2Fnayib-bukele-informa-sobre-la-captura-de-tres-ecuatorianos-con-millonario-cargamento-de-droga-NL7638924&amp;sessionId=6edb9be4a9712cc7c4fe1122388345699d29483f&amp;theme=light&amp;widgetsVersion=2615f7e52b7e0%3A1702314776716&amp;width=550px\" frameborder=\"0\" scrolling=\"no\" allowfullscreen=\"allowfullscreen\" data-tweet-id=\"1796962773785620808\" data-mce-fragment=\"1\"><\/iframe><\/div>\n<div><strong>Fuente: Vistazo.<\/strong><\/div>\n<\/div>\n<\/div>\n<\/div>\n","protected":false},"excerpt":{"rendered":"<p>El presidente de El Salvador,\u00a0Nayib Bukele, inform\u00f3 este martes 9 de julio del 2024 que\u00a0tres ecuatorianos fueron detenidos\u00a0con un cargamento de droga en aguas del oc\u00e9ano Pac\u00edfico. El mandatario escribi\u00f3 en la red social X que la\u00a0Marina Nacional\u00a0intercept\u00f3 una embarcaci\u00f3n a 610 millas n\u00e1uticas (1,130 kil\u00f3metros) al suroeste de la Bocana El Cordoncillo, Estero de Jaltepeque. La lancha llevaba\u00a0tres tripulantes ecuatorianos, quienes fueron arrestados, y puestos a \u00f3rdenes de las autoridades. \u201cSe estima que transportaban 750 kilos de coca\u00edna,\u00a0valorados en unos 19 millones de d\u00f3lares\u201d, detall\u00f3 Bukele. Agreg\u00f3 que en las \u00faltimas 7 semanas, las fuerzas del orden de ese pa\u00eds han realizado cinco grandes incautaciones de droga, valoradas en m\u00e1s de 160 millones de d\u00f3lares. ea tambi\u00e9n:\u00a0Bukele anuncia decomiso de dos toneladas de coca\u00edna y captura de ecuatorianos que se transportaban en una lancha OTROS OPERATIVOS La detenci\u00f3n de ecuatorianos con droga en territorio salvadore\u00f1o se ha vuelto cada vez m\u00e1s com\u00fan.\u00a0El pasado 24 de junio, el mismo presidente Bukele alert\u00f3 sobre el\u00a0decomiso de dos toneladas de coca\u00edna y la detenci\u00f3n de dos ecuatorianos. Los compatriotas tambi\u00e9n navegaban en una lancha junto a un ciudadano colombiano. El 4 de junio, las autoridades interceptaron otra embarcaci\u00f3n con tres tripulantes ecuatorianos a bordo, transportando aproximadamente una tonelada de droga valorada en 25 millones de d\u00f3lares. El\u00a024 de mayo, otra lancha con dos ecuatorianos a bordo fue detenida con\u00a01.4 toneladas de coca\u00edna, valoradas en 35 millones de d\u00f3lares. Durante este operativo,\u00a0uno de los narcotraficantes falleci\u00f3 en un enfrentamiento\u00a0con los marinos salvadore\u00f1os. Adem\u00e1s,\u00a0el 19 de mayo\u00a0se incaut\u00f3 otra embarcaci\u00f3n con tres tripulantes (uno ecuatoriano y dos colombianos), llevando 1.3 toneladas de coca\u00edna valoradas en 32.5 millones de d\u00f3lares. Estas acciones destacan la intensificaci\u00f3n de los esfuerzos de El Salvador en la lucha contra el narcotr\u00e1fico, en un contexto donde el\u00a090% de la droga que ingresa a Estados Unidos pasa por M\u00e9xico y Centroam\u00e9rica. Fuente: Vistazo.<\/p>\n","protected":false},"author":1,"featured_media":17388,"comment_status":"open","ping_status":"open","sticky":false,"template":"","format":"standard","meta":{"footnotes":""},"categories":[5],"tags":[],"class_list":["post-17387","post","type-post","status-publish","format-standard","has-post-thumbnail","hentry","category-internacionales"],"_links":{"self":[{"href":"https:\/\/www.elamazonico.com\/portal\/wp-json\/wp\/v2\/posts\/17387","targetHints":{"allow":["GET"]}}],"collection":[{"href":"https:\/\/www.elamazonico.com\/portal\/wp-json\/wp\/v2\/posts"}],"about":[{"href":"https:\/\/www.elamazonico.com\/portal\/wp-json\/wp\/v2\/types\/post"}],"author":[{"embeddable":true,"href":"https:\/\/www.elamazonico.com\/portal\/wp-json\/wp\/v2\/users\/1"}],"replies":[{"embeddable":true,"href":"https:\/\/www.elamazonico.com\/portal\/wp-json\/wp\/v2\/comments?post=17387"}],"version-history":[{"count":1,"href":"https:\/\/www.elamazonico.com\/portal\/wp-json\/wp\/v2\/posts\/17387\/revisions"}],"predecessor-version":[{"id":17389,"href":"https:\/\/www.elamazonico.com\/portal\/wp-json\/wp\/v2\/posts\/17387\/revisions\/17389"}],"wp:featuredmedia":[{"embeddable":true,"href":"https:\/\/www.elamazonico.com\/portal\/wp-json\/wp\/v2\/media\/17388"}],"wp:attachment":[{"href":"https:\/\/www.elamazonico.com\/portal\/wp-json\/wp\/v2\/media?parent=17387"}],"wp:term":[{"taxonomy":"category","embeddable":true,"href":"https:\/\/www.elamazonico.com\/portal\/wp-json\/wp\/v2\/categories?post=17387"},{"taxonomy":"post_tag","embeddable":true,"href":"https:\/\/www.elamazonico.com\/portal\/wp-json\/wp\/v2\/tags?post=17387"}],"curies":[{"name":"wp","href":"https:\/\/api.w.org\/{rel}","templated":true}]}}