{"id":17376,"date":"2024-07-09T06:17:11","date_gmt":"2024-07-09T11:17:11","guid":{"rendered":"https:\/\/www.elamazonico.com\/portal\/?p=17376"},"modified":"2024-07-09T07:06:19","modified_gmt":"2024-07-09T12:06:19","slug":"conmemoracion-del-servicio-pasivo-de-la-policia-nacional-en-zamora-chinchipe","status":"publish","type":"post","link":"https:\/\/www.elamazonico.com\/portal\/conmemoracion-del-servicio-pasivo-de-la-policia-nacional-en-zamora-chinchipe\/","title":{"rendered":"Conmemoraci\u00f3n del Servicio Pasivo de la Polic\u00eda Nacional en Zamora Chinchipe"},"content":{"rendered":"<p>En la m\u00e1gica provincia de Zamora Chinchipe, donde los r\u00edos murmuran historias de valor y sacrificio, se celebr\u00f3 este lunes 8 de julio de 2024, una fecha de profunda significaci\u00f3n: la conmemoraci\u00f3n del servicio pasivo de la Polic\u00eda Nacional. En esta jornada, la comunidad se reuni\u00f3 para honrar a aquellos hombres y mujeres que, con su dedicaci\u00f3n y sacrificio, han dejado un legado de honor y justicia, transmitiendo a las generaciones presentes y futuras un ejemplo imborrable de integridad y valent\u00eda.<\/p>\n<p>La ceremonia, cargada de emociones y recuerdos, fue el escenario perfecto para rendir homenaje a los polic\u00edas en servicio pasivo, quienes a lo largo de sus vidas han sido los pilares de la seguridad y el orden en Zamora Chinchipe y en todo el pa\u00eds. En representaci\u00f3n de todos los homenajeados, el Sub Oficial Primero de Polic\u00eda en servicio pasivo (SP) Luis Orlando Ca\u00f1ar Jaya, recibi\u00f3 la condecoraci\u00f3n Cruz del Cincuentenario, un reconocimiento a su medio siglo de servicio abnegado y ejemplar.<\/p>\n<p>Durante su emotivo discurso, Luis Ca\u00f1ar no solo rememor\u00f3 sus a\u00f1os de servicio, sino que tambi\u00e9n comparti\u00f3 con el p\u00fablico una rese\u00f1a hist\u00f3rica de la Polic\u00eda Nacional en Zamora Chinchipe. \u00abQuiero agradecer a Dios por permitirme cumplir 50 a\u00f1os desde que pis\u00e9 la comandancia de la Polic\u00eda Nacional,\u00bb expres\u00f3 con humildad. Ca\u00f1ar resalt\u00f3 la importancia del curso que sigui\u00f3 para convertirse en polic\u00eda, un entrenamiento que no solo le ense\u00f1\u00f3 a respetar a los ciudadanos y a la instituci\u00f3n, sino tambi\u00e9n a s\u00ed mismo. Estos valores, dijo, quedaron impregnados en su vida y los ha compartido con su familia.<\/p>\n<p>Luis Ca\u00f1ar record\u00f3 con precisi\u00f3n el inicio de su formaci\u00f3n en la escuela de tropa de Pusuqu\u00ed, hoy Escuela Superior de Polic\u00eda, donde ingresaron 200 j\u00f3venes. Sus primeros a\u00f1os de servicio fueron marcados por el peligro constante de la delincuencia organizada, el narcotr\u00e1fico, la guerrilla urbana y el terrorismo. \u00abEllos fueron nuestros peores enemigos,\u00bb mencion\u00f3 frente al selecto p\u00fablico, refiri\u00e9ndose especialmente a la guerrilla urbana asentada en Santo Domingo de los Ts\u00e1chilas, Guayaquil y Pichincha.<\/p>\n<p>Tentado en numerosas ocasiones por el narcotr\u00e1fico y la delincuencia organizada, Ca\u00f1ar siempre mantuvo en su mente la imagen de sus padres, esposa e hijos, as\u00ed como los valores inculcados por la instituci\u00f3n policial, que le ayudaron a no sucumbir ante las tentaciones. \u00abLa vida del polic\u00eda no es f\u00e1cil, es sacrificio, esfuerzo y servicio a la comunidad,\u00bb afirm\u00f3, y subray\u00f3 que hoy puede abrazar con tranquilidad a su familia, a quienes agradeci\u00f3 por su constante apoyo.<\/p>\n<p>La ceremonia culmin\u00f3 con la lectura del Acuerdo Ministerial Nro. 150, que establece el 8 de julio como el d\u00eda del Polic\u00eda en servicio pasivo. Este acuerdo reconoce el sacrificio y la dedicaci\u00f3n de aquellos que entregaron lo mejor de sus vidas en el servicio diario a la sociedad, escribiendo as\u00ed la historia de una instituci\u00f3n grande por m\u00e9ritos propios. \u00abRendir un homenaje de gratitud y admiraci\u00f3n a quienes legalmente han alcanzado el derecho para formar parte del personal en situaci\u00f3n de retiro,\u00bb dicta el acuerdo, subrayando la importancia de reconocer el esfuerzo y el valor de estos h\u00e9roes.<\/p>\n<p>En este d\u00eda de reflexi\u00f3n y homenaje, Zamora Chinchipe se enorgullece de su Polic\u00eda Nacional y de aquellos que, en servicio pasivo, contin\u00faan siendo un ejemplo de integridad y justicia. La comunidad no solo recuerda su legado, sino que se compromete a seguir sus pasos, cultivando los mismos valores y principios que han hecho de la Polic\u00eda Nacional una instituci\u00f3n respetada y admirada.<\/p>\n<p>En palabras de Luis Ca\u00f1ar, \u00abSeguimos trabajando y articulando el trabajo de seguridad en Zamora Chinchipe con la Polic\u00eda Nacional y Fuerzas Armadas.\u00bb Desde el espacio que est\u00e9. La historia de la Polic\u00eda Nacional en esta provincia es un testimonio de coraje y dedicaci\u00f3n, y hoy, m\u00e1s que nunca, se reafirma el compromiso con un futuro seguro y justo para todos sus habitantes.<\/p>\n","protected":false},"excerpt":{"rendered":"<p>En la m\u00e1gica provincia de Zamora Chinchipe, donde los r\u00edos murmuran historias de valor y sacrificio, se celebr\u00f3 este lunes 8 de julio de 2024, una fecha de profunda significaci\u00f3n: la conmemoraci\u00f3n del servicio pasivo de la Polic\u00eda Nacional. En esta jornada, la comunidad se reuni\u00f3 para honrar a aquellos hombres y mujeres que, con su dedicaci\u00f3n y sacrificio, han dejado un legado de honor y justicia, transmitiendo a las generaciones presentes y futuras un ejemplo imborrable de integridad y valent\u00eda. La ceremonia, cargada de emociones y recuerdos, fue el escenario perfecto para rendir homenaje a los polic\u00edas en servicio pasivo, quienes a lo largo de sus vidas han sido los pilares de la seguridad y el orden en Zamora Chinchipe y en todo el pa\u00eds. En representaci\u00f3n de todos los homenajeados, el Sub Oficial Primero de Polic\u00eda en servicio pasivo (SP) Luis Orlando Ca\u00f1ar Jaya, recibi\u00f3 la condecoraci\u00f3n Cruz del Cincuentenario, un reconocimiento a su medio siglo de servicio abnegado y ejemplar. Durante su emotivo discurso, Luis Ca\u00f1ar no solo rememor\u00f3 sus a\u00f1os de servicio, sino que tambi\u00e9n comparti\u00f3 con el p\u00fablico una rese\u00f1a hist\u00f3rica de la Polic\u00eda Nacional en Zamora Chinchipe. \u00abQuiero agradecer a Dios por permitirme cumplir 50 a\u00f1os desde que pis\u00e9 la comandancia de la Polic\u00eda Nacional,\u00bb expres\u00f3 con humildad. Ca\u00f1ar resalt\u00f3 la importancia del curso que sigui\u00f3 para convertirse en polic\u00eda, un entrenamiento que no solo le ense\u00f1\u00f3 a respetar a los ciudadanos y a la instituci\u00f3n, sino tambi\u00e9n a s\u00ed mismo. Estos valores, dijo, quedaron impregnados en su vida y los ha compartido con su familia. Luis Ca\u00f1ar record\u00f3 con precisi\u00f3n el inicio de su formaci\u00f3n en la escuela de tropa de Pusuqu\u00ed, hoy Escuela Superior de Polic\u00eda, donde ingresaron 200 j\u00f3venes. Sus primeros a\u00f1os de servicio fueron marcados por el peligro constante de la delincuencia organizada, el narcotr\u00e1fico, la guerrilla urbana y el terrorismo. \u00abEllos fueron nuestros peores enemigos,\u00bb mencion\u00f3 frente al selecto p\u00fablico, refiri\u00e9ndose especialmente a la guerrilla urbana asentada en Santo Domingo de los Ts\u00e1chilas, Guayaquil y Pichincha. Tentado en numerosas ocasiones por el narcotr\u00e1fico y la delincuencia organizada, Ca\u00f1ar siempre mantuvo en su mente la imagen de sus padres, esposa e hijos, as\u00ed como los valores inculcados por la instituci\u00f3n policial, que le ayudaron a no sucumbir ante las tentaciones. \u00abLa vida del polic\u00eda no es f\u00e1cil, es sacrificio, esfuerzo y servicio a la comunidad,\u00bb afirm\u00f3, y subray\u00f3 que hoy puede abrazar con tranquilidad a su familia, a quienes agradeci\u00f3 por su constante apoyo. La ceremonia culmin\u00f3 con la lectura del Acuerdo Ministerial Nro. 150, que establece el 8 de julio como el d\u00eda del Polic\u00eda en servicio pasivo. Este acuerdo reconoce el sacrificio y la dedicaci\u00f3n de aquellos que entregaron lo mejor de sus vidas en el servicio diario a la sociedad, escribiendo as\u00ed la historia de una instituci\u00f3n grande por m\u00e9ritos propios. \u00abRendir un homenaje de gratitud y admiraci\u00f3n a quienes legalmente han alcanzado el derecho para formar parte del personal en situaci\u00f3n de retiro,\u00bb dicta el acuerdo, subrayando la importancia de reconocer el esfuerzo y el valor de estos h\u00e9roes. En este d\u00eda de reflexi\u00f3n y homenaje, Zamora Chinchipe se enorgullece de su Polic\u00eda Nacional y de aquellos que, en servicio pasivo, contin\u00faan siendo un ejemplo de integridad y justicia. La comunidad no solo recuerda su legado, sino que se compromete a seguir sus pasos, cultivando los mismos valores y principios que han hecho de la Polic\u00eda Nacional una instituci\u00f3n respetada y admirada. En palabras de Luis Ca\u00f1ar, \u00abSeguimos trabajando y articulando el trabajo de seguridad en Zamora Chinchipe con la Polic\u00eda Nacional y Fuerzas Armadas.\u00bb Desde el espacio que est\u00e9. La historia de la Polic\u00eda Nacional en esta provincia es un testimonio de coraje y dedicaci\u00f3n, y hoy, m\u00e1s que nunca, se reafirma el compromiso con un futuro seguro y justo para todos sus habitantes.<\/p>\n","protected":false},"author":1,"featured_media":17377,"comment_status":"open","ping_status":"open","sticky":false,"template":"","format":"standard","meta":{"footnotes":""},"categories":[243],"tags":[],"class_list":["post-17376","post","type-post","status-publish","format-standard","has-post-thumbnail","hentry","category-noticias-zamora"],"_links":{"self":[{"href":"https:\/\/www.elamazonico.com\/portal\/wp-json\/wp\/v2\/posts\/17376","targetHints":{"allow":["GET"]}}],"collection":[{"href":"https:\/\/www.elamazonico.com\/portal\/wp-json\/wp\/v2\/posts"}],"about":[{"href":"https:\/\/www.elamazonico.com\/portal\/wp-json\/wp\/v2\/types\/post"}],"author":[{"embeddable":true,"href":"https:\/\/www.elamazonico.com\/portal\/wp-json\/wp\/v2\/users\/1"}],"replies":[{"embeddable":true,"href":"https:\/\/www.elamazonico.com\/portal\/wp-json\/wp\/v2\/comments?post=17376"}],"version-history":[{"count":3,"href":"https:\/\/www.elamazonico.com\/portal\/wp-json\/wp\/v2\/posts\/17376\/revisions"}],"predecessor-version":[{"id":17380,"href":"https:\/\/www.elamazonico.com\/portal\/wp-json\/wp\/v2\/posts\/17376\/revisions\/17380"}],"wp:featuredmedia":[{"embeddable":true,"href":"https:\/\/www.elamazonico.com\/portal\/wp-json\/wp\/v2\/media\/17377"}],"wp:attachment":[{"href":"https:\/\/www.elamazonico.com\/portal\/wp-json\/wp\/v2\/media?parent=17376"}],"wp:term":[{"taxonomy":"category","embeddable":true,"href":"https:\/\/www.elamazonico.com\/portal\/wp-json\/wp\/v2\/categories?post=17376"},{"taxonomy":"post_tag","embeddable":true,"href":"https:\/\/www.elamazonico.com\/portal\/wp-json\/wp\/v2\/tags?post=17376"}],"curies":[{"name":"wp","href":"https:\/\/api.w.org\/{rel}","templated":true}]}}