{"id":17361,"date":"2024-07-08T11:53:02","date_gmt":"2024-07-08T16:53:02","guid":{"rendered":"https:\/\/www.elamazonico.com\/portal\/?p=17361"},"modified":"2024-07-08T11:53:02","modified_gmt":"2024-07-08T16:53:02","slug":"ninas-y-ninos-comparten-sus-vacaciones-con-la-policia-nacional-en-zamora-chinchipe","status":"publish","type":"post","link":"https:\/\/www.elamazonico.com\/portal\/ninas-y-ninos-comparten-sus-vacaciones-con-la-policia-nacional-en-zamora-chinchipe\/","title":{"rendered":"Ni\u00f1as y ni\u00f1os comparten sus vacaciones con la Polic\u00eda Nacional en Zamora Chinchipe"},"content":{"rendered":"<p>En un evento lleno de entusiasmo y alegr\u00eda, se inaugur\u00f3 el curso vacacional \u00abPeque\u00f1os L\u00edderes en Acci\u00f3n\u00bb en la cancha sint\u00e9tica de la Unidad Educativa Eloy Alfaro. Esta iniciativa, dirigida a ni\u00f1os y ni\u00f1as de entre 6 y 12 a\u00f1os, es organizada por la Polic\u00eda Nacional de la Subzona Zamora Chinchipe N\u00ba 19.<\/p>\n<p>La ceremonia de inauguraci\u00f3n cont\u00f3 con la participaci\u00f3n de la Intendenta General de Polic\u00eda, junto a otras autoridades policiales y provinciales, quienes destacaron la importancia de esta actividad en la formaci\u00f3n integral de los ni\u00f1os y ni\u00f1as de la provincia.<\/p>\n<p>El curso vacacional tiene como objetivo principal promover una cultura de prevenci\u00f3n de seguridad, as\u00ed como el desarrollo integral de los participantes. A trav\u00e9s de actividades recreativas y educativas, se busca fortalecer los lazos con la comunidad y fomentar valores c\u00edvicos, \u00e9ticos y morales en la ni\u00f1ez, formando as\u00ed nuevas generaciones que vivan bajo los principios del respeto y la igualdad.<\/p>\n<p>Este tipo de iniciativas no solo proporcionan un espacio seguro y educativo para que los ni\u00f1os disfruten de sus vacaciones, sino que tambi\u00e9n refuerzan la confianza y el v\u00ednculo entre la comunidad y la Polic\u00eda Nacional, creando un entorno propicio para el crecimiento y desarrollo de los futuros l\u00edderes de la provincia.<\/p>\n","protected":false},"excerpt":{"rendered":"<p>En un evento lleno de entusiasmo y alegr\u00eda, se inaugur\u00f3 el curso vacacional \u00abPeque\u00f1os L\u00edderes en Acci\u00f3n\u00bb en la cancha sint\u00e9tica de la Unidad Educativa Eloy Alfaro. Esta iniciativa, dirigida a ni\u00f1os y ni\u00f1as de entre 6 y 12 a\u00f1os, es organizada por la Polic\u00eda Nacional de la Subzona Zamora Chinchipe N\u00ba 19. La ceremonia de inauguraci\u00f3n cont\u00f3 con la participaci\u00f3n de la Intendenta General de Polic\u00eda, junto a otras autoridades policiales y provinciales, quienes destacaron la importancia de esta actividad en la formaci\u00f3n integral de los ni\u00f1os y ni\u00f1as de la provincia. El curso vacacional tiene como objetivo principal promover una cultura de prevenci\u00f3n de seguridad, as\u00ed como el desarrollo integral de los participantes. A trav\u00e9s de actividades recreativas y educativas, se busca fortalecer los lazos con la comunidad y fomentar valores c\u00edvicos, \u00e9ticos y morales en la ni\u00f1ez, formando as\u00ed nuevas generaciones que vivan bajo los principios del respeto y la igualdad. Este tipo de iniciativas no solo proporcionan un espacio seguro y educativo para que los ni\u00f1os disfruten de sus vacaciones, sino que tambi\u00e9n refuerzan la confianza y el v\u00ednculo entre la comunidad y la Polic\u00eda Nacional, creando un entorno propicio para el crecimiento y desarrollo de los futuros l\u00edderes de la provincia.<\/p>\n","protected":false},"author":1,"featured_media":17362,"comment_status":"open","ping_status":"open","sticky":false,"template":"","format":"standard","meta":{"footnotes":""},"categories":[243],"tags":[],"class_list":["post-17361","post","type-post","status-publish","format-standard","has-post-thumbnail","hentry","category-noticias-zamora"],"_links":{"self":[{"href":"https:\/\/www.elamazonico.com\/portal\/wp-json\/wp\/v2\/posts\/17361","targetHints":{"allow":["GET"]}}],"collection":[{"href":"https:\/\/www.elamazonico.com\/portal\/wp-json\/wp\/v2\/posts"}],"about":[{"href":"https:\/\/www.elamazonico.com\/portal\/wp-json\/wp\/v2\/types\/post"}],"author":[{"embeddable":true,"href":"https:\/\/www.elamazonico.com\/portal\/wp-json\/wp\/v2\/users\/1"}],"replies":[{"embeddable":true,"href":"https:\/\/www.elamazonico.com\/portal\/wp-json\/wp\/v2\/comments?post=17361"}],"version-history":[{"count":1,"href":"https:\/\/www.elamazonico.com\/portal\/wp-json\/wp\/v2\/posts\/17361\/revisions"}],"predecessor-version":[{"id":17363,"href":"https:\/\/www.elamazonico.com\/portal\/wp-json\/wp\/v2\/posts\/17361\/revisions\/17363"}],"wp:featuredmedia":[{"embeddable":true,"href":"https:\/\/www.elamazonico.com\/portal\/wp-json\/wp\/v2\/media\/17362"}],"wp:attachment":[{"href":"https:\/\/www.elamazonico.com\/portal\/wp-json\/wp\/v2\/media?parent=17361"}],"wp:term":[{"taxonomy":"category","embeddable":true,"href":"https:\/\/www.elamazonico.com\/portal\/wp-json\/wp\/v2\/categories?post=17361"},{"taxonomy":"post_tag","embeddable":true,"href":"https:\/\/www.elamazonico.com\/portal\/wp-json\/wp\/v2\/tags?post=17361"}],"curies":[{"name":"wp","href":"https:\/\/api.w.org\/{rel}","templated":true}]}}