{"id":17333,"date":"2024-07-07T18:25:59","date_gmt":"2024-07-07T23:25:59","guid":{"rendered":"https:\/\/www.elamazonico.com\/portal\/?p=17333"},"modified":"2024-07-07T18:25:59","modified_gmt":"2024-07-07T23:25:59","slug":"el-papa-francisco-lamenta-que-la-democracia-no-goza-de-buena-salud-y-critica-el-populismo","status":"publish","type":"post","link":"https:\/\/www.elamazonico.com\/portal\/el-papa-francisco-lamenta-que-la-democracia-no-goza-de-buena-salud-y-critica-el-populismo\/","title":{"rendered":"El papa Francisco lamenta que la democracia \u00abno goza de buena salud\u00bb y critica el populismo"},"content":{"rendered":"<div class=\"lead destacado\">El Papa apunt\u00f3 a \u00abheridas\u00bb que afectan a la democracia como la corrupci\u00f3n, la ilegalidad y \u00ablas distintas formas de exclusi\u00f3n social\u00bb.<\/div>\n<div class=\"paragraph texto\">\n<p class=\"p_0\">El papa Francisco lament\u00f3 este domingo que en el mundo actual la democracia \u00abno goza de buena salud\u00bb y critic\u00f3 el abstencionismo y los populismos, durante un acto de los cat\u00f3licos italianos en la ciudad de Trieste (norte).<\/p>\n<p class=\"p_1\">\u00abEs evidente que en el mundo de hoy la democracia, dig\u00e1monos la verdad, no goza de buena salud. Esto (el tema) nos interesa y preocupa porque est\u00e1 en juego el bien del hombre\u00bb, sostuvo el pont\u00edfice, que vol\u00f3 a Trieste para clausurar el foro de la 50\u00aa Semana Social de los Cat\u00f3licos de Italia, centrada en la situaci\u00f3n de la democracia.<\/p>\n<p class=\"p_2\">Para abordar el tema, el pont\u00edfice parti\u00f3 de la definici\u00f3n que el beato Giuseppe Toniolo dio en 1907 de este sistema: \u00abun ordenamiento civil en que todas las fuerzas sociales, jur\u00eddicas y econ\u00f3micas, en la plenitud de su desarrollo jer\u00e1rquico, cooperan proporcionalmente por el bien com\u00fan y en ventaja de las clases bajas\u00bb.<\/p>\n<p class=\"p_3\">En primer lugar, el Papa apunt\u00f3 a \u00abheridas\u00bb como la corrupci\u00f3n, la ilegalidad y \u00ablas distintas formas de exclusi\u00f3n social\u00bb.<\/p>\n<p class=\"p_4\">\u00abCada vez que alguien es marginado, todo el cuerpo social sufre. La cultura del descarte dise\u00f1a una ciudad en la que no hay lugar para los pobres, los que van a nacer, las personas fr\u00e1giles, los enfermos, ni\u00f1os, mujeres o j\u00f3venes\u00bb, denunci\u00f3.<\/p>\n<p class=\"p_5\">Por otro lado, Francisco expres\u00f3 su preocupaci\u00f3n por \u00abel n\u00famero reducido de la gente que va a votar\u00bb, pregunt\u00e1ndose \u00abqu\u00e9 significa eso\u00bb, y recet\u00f3 \u00abentrenar\u00bb al elector desde joven para que no caiga en el futuro en la \u00abtentaci\u00f3n\u00bb populista.<\/p>\n<p class=\"p_6\">\u00abLa misma palabra &#8216;democracia&#8217; no coincide simplemente con el voto del pueblo sino que exige que se creen las condiciones para que todos puedan expresarse y participar. Y la participaci\u00f3n no se improvisa, se aprende desde j\u00f3venes, debe ser &#8216;entrenada&#8217;, tambi\u00e9n con sentido cr\u00edtico frente a las tentaciones ideol\u00f3gicas y populistas\u00bb, sostuvo.<\/p>\n<p class=\"p_7\">Y apostill\u00f3: \u00abLas ideolog\u00edas son seductoras, hay quien las compara con el flautista de Hamel\u00edn\u00bb.<\/p>\n<p class=\"p_8\">El pont\u00edfice argentino, al analizar las sociedades democr\u00e1ticas, fue especialmente duro con ciertas formas de asistencialismo, las ayudas p\u00fablicas a ciudadanos que no pueden valerse del todo por s\u00ed solos.<\/p>\n<p class=\"p_9\">\u00abTodos deben sentirse parte un proyecto de comunidad, nadie debe sentirse in\u00fatil. Ciertas formas de asistencialismo que no reconocen la dignidad de las personas son hipocres\u00eda social. El asistencialismo solo as\u00ed es enemigo de la democracia y del amor al pr\u00f3jimo\u00bb, sostuvo.<\/p>\n<p class=\"p_10\">Para enseguida preguntarse si lo que hay detr\u00e1s de esas pel\u00edculas no es un intento de \u00abalejarse de la realidad social\u00bb: \u00abLa indiferencia es un c\u00e1ncer de la democracia\u00bb, zanj\u00f3.<\/p>\n<p class=\"p_11\">Finalmente llam\u00f3 a los cat\u00f3licos a exhibir su fe -que no puede ser \u00abmarginal o privada\u00bb- y a tener la \u00abvalent\u00eda\u00bb de dar propuestas de justicia y paz en el debate p\u00fablico.<\/p>\n<p class=\"p_12\">\u00abTenemos algo que decir pero no para defender privilegios. Debemos ser la voz que denuncia y propone en una sociedad a menudo af\u00f3nica y donde muchos no tienen voz\u00bb, inst\u00f3. <strong>Fuente: Vistazo<\/strong><\/p>\n<\/div>\n","protected":false},"excerpt":{"rendered":"<p>El Papa apunt\u00f3 a \u00abheridas\u00bb que afectan a la democracia como la corrupci\u00f3n, la ilegalidad y \u00ablas distintas formas de exclusi\u00f3n social\u00bb. El papa Francisco lament\u00f3 este domingo que en el mundo actual la democracia \u00abno goza de buena salud\u00bb y critic\u00f3 el abstencionismo y los populismos, durante un acto de los cat\u00f3licos italianos en la ciudad de Trieste (norte). \u00abEs evidente que en el mundo de hoy la democracia, dig\u00e1monos la verdad, no goza de buena salud. Esto (el tema) nos interesa y preocupa porque est\u00e1 en juego el bien del hombre\u00bb, sostuvo el pont\u00edfice, que vol\u00f3 a Trieste para clausurar el foro de la 50\u00aa Semana Social de los Cat\u00f3licos de Italia, centrada en la situaci\u00f3n de la democracia. Para abordar el tema, el pont\u00edfice parti\u00f3 de la definici\u00f3n que el beato Giuseppe Toniolo dio en 1907 de este sistema: \u00abun ordenamiento civil en que todas las fuerzas sociales, jur\u00eddicas y econ\u00f3micas, en la plenitud de su desarrollo jer\u00e1rquico, cooperan proporcionalmente por el bien com\u00fan y en ventaja de las clases bajas\u00bb. En primer lugar, el Papa apunt\u00f3 a \u00abheridas\u00bb como la corrupci\u00f3n, la ilegalidad y \u00ablas distintas formas de exclusi\u00f3n social\u00bb. \u00abCada vez que alguien es marginado, todo el cuerpo social sufre. La cultura del descarte dise\u00f1a una ciudad en la que no hay lugar para los pobres, los que van a nacer, las personas fr\u00e1giles, los enfermos, ni\u00f1os, mujeres o j\u00f3venes\u00bb, denunci\u00f3. Por otro lado, Francisco expres\u00f3 su preocupaci\u00f3n por \u00abel n\u00famero reducido de la gente que va a votar\u00bb, pregunt\u00e1ndose \u00abqu\u00e9 significa eso\u00bb, y recet\u00f3 \u00abentrenar\u00bb al elector desde joven para que no caiga en el futuro en la \u00abtentaci\u00f3n\u00bb populista. \u00abLa misma palabra &#8216;democracia&#8217; no coincide simplemente con el voto del pueblo sino que exige que se creen las condiciones para que todos puedan expresarse y participar. Y la participaci\u00f3n no se improvisa, se aprende desde j\u00f3venes, debe ser &#8216;entrenada&#8217;, tambi\u00e9n con sentido cr\u00edtico frente a las tentaciones ideol\u00f3gicas y populistas\u00bb, sostuvo. Y apostill\u00f3: \u00abLas ideolog\u00edas son seductoras, hay quien las compara con el flautista de Hamel\u00edn\u00bb. El pont\u00edfice argentino, al analizar las sociedades democr\u00e1ticas, fue especialmente duro con ciertas formas de asistencialismo, las ayudas p\u00fablicas a ciudadanos que no pueden valerse del todo por s\u00ed solos. \u00abTodos deben sentirse parte un proyecto de comunidad, nadie debe sentirse in\u00fatil. Ciertas formas de asistencialismo que no reconocen la dignidad de las personas son hipocres\u00eda social. El asistencialismo solo as\u00ed es enemigo de la democracia y del amor al pr\u00f3jimo\u00bb, sostuvo. Para enseguida preguntarse si lo que hay detr\u00e1s de esas pel\u00edculas no es un intento de \u00abalejarse de la realidad social\u00bb: \u00abLa indiferencia es un c\u00e1ncer de la democracia\u00bb, zanj\u00f3. Finalmente llam\u00f3 a los cat\u00f3licos a exhibir su fe -que no puede ser \u00abmarginal o privada\u00bb- y a tener la \u00abvalent\u00eda\u00bb de dar propuestas de justicia y paz en el debate p\u00fablico. \u00abTenemos algo que decir pero no para defender privilegios. Debemos ser la voz que denuncia y propone en una sociedad a menudo af\u00f3nica y donde muchos no tienen voz\u00bb, inst\u00f3. Fuente: Vistazo<\/p>\n","protected":false},"author":1,"featured_media":17334,"comment_status":"open","ping_status":"open","sticky":false,"template":"","format":"standard","meta":{"footnotes":""},"categories":[5],"tags":[],"class_list":["post-17333","post","type-post","status-publish","format-standard","has-post-thumbnail","hentry","category-internacionales"],"_links":{"self":[{"href":"https:\/\/www.elamazonico.com\/portal\/wp-json\/wp\/v2\/posts\/17333","targetHints":{"allow":["GET"]}}],"collection":[{"href":"https:\/\/www.elamazonico.com\/portal\/wp-json\/wp\/v2\/posts"}],"about":[{"href":"https:\/\/www.elamazonico.com\/portal\/wp-json\/wp\/v2\/types\/post"}],"author":[{"embeddable":true,"href":"https:\/\/www.elamazonico.com\/portal\/wp-json\/wp\/v2\/users\/1"}],"replies":[{"embeddable":true,"href":"https:\/\/www.elamazonico.com\/portal\/wp-json\/wp\/v2\/comments?post=17333"}],"version-history":[{"count":1,"href":"https:\/\/www.elamazonico.com\/portal\/wp-json\/wp\/v2\/posts\/17333\/revisions"}],"predecessor-version":[{"id":17335,"href":"https:\/\/www.elamazonico.com\/portal\/wp-json\/wp\/v2\/posts\/17333\/revisions\/17335"}],"wp:featuredmedia":[{"embeddable":true,"href":"https:\/\/www.elamazonico.com\/portal\/wp-json\/wp\/v2\/media\/17334"}],"wp:attachment":[{"href":"https:\/\/www.elamazonico.com\/portal\/wp-json\/wp\/v2\/media?parent=17333"}],"wp:term":[{"taxonomy":"category","embeddable":true,"href":"https:\/\/www.elamazonico.com\/portal\/wp-json\/wp\/v2\/categories?post=17333"},{"taxonomy":"post_tag","embeddable":true,"href":"https:\/\/www.elamazonico.com\/portal\/wp-json\/wp\/v2\/tags?post=17333"}],"curies":[{"name":"wp","href":"https:\/\/api.w.org\/{rel}","templated":true}]}}