{"id":17294,"date":"2024-07-04T19:11:48","date_gmt":"2024-07-05T00:11:48","guid":{"rendered":"https:\/\/www.elamazonico.com\/portal\/?p=17294"},"modified":"2024-07-04T19:11:48","modified_gmt":"2024-07-05T00:11:48","slug":"karina-luzuriaga-es-la-nueva-vicepresidenta-del-consejo-de-proteccion-de-derechos","status":"publish","type":"post","link":"https:\/\/www.elamazonico.com\/portal\/karina-luzuriaga-es-la-nueva-vicepresidenta-del-consejo-de-proteccion-de-derechos\/","title":{"rendered":"Karina Luzuriaga es la nueva vicepresidenta del Consejo de Protecci\u00f3n de Derechos"},"content":{"rendered":"<p>En una elecci\u00f3n llevada a cabo el d\u00eda de hoy, Karina Luzuriaga ha sido designada como la nueva Vicepresidenta del Consejo Cantonal de Protecci\u00f3n de Derechos del cant\u00f3n Centinela del C\u00f3ndor. Este importante evento cont\u00f3 con la presencia del Ingeniero Segundo Sarango, quien asisti\u00f3 en calidad de Presidente del Consejo de Protecci\u00f3n de Derechos y alcalde del cant\u00f3n Centinela del C\u00f3ndor.<\/p>\n<p>El acto de elecci\u00f3n reuni\u00f3 a representantes de todo el consejo, quienes reafirmaron su compromiso con la coordinaci\u00f3n y evaluaci\u00f3n de pol\u00edticas p\u00fablicas a nivel cantonal. Estas pol\u00edticas est\u00e1n orientadas a asegurar el respeto y la promoci\u00f3n de los derechos humanos de todas las personas dentro de su jurisdicci\u00f3n.<\/p>\n<p>En sus primeras declaraciones como Vicepresidenta, Karina Luzuriaga enfatiz\u00f3 la importancia de la unidad y el trabajo conjunto para garantizar los derechos y la justicia social en el cant\u00f3n. \u00abEstamos seguros que en unidad velaremos por nuestros derechos y la justicia social\u00bb, afirm\u00f3 Luzuriaga, reafirmando su compromiso con la equidad y la protecci\u00f3n de derechos.<\/p>\n<p>El Ingeniero Segundo Sarango, en su calidad de Presidente del Consejo y alcalde del cant\u00f3n, expres\u00f3 su confianza en que el liderazgo de Karina Luzuriaga contribuir\u00e1 significativamente al fortalecimiento de las pol\u00edticas de protecci\u00f3n de derechos en Centinela del C\u00f3ndor. \u00abEste consejo continuar\u00e1 trabajando arduamente para asegurar un futuro justo y equitativo para todos los habitantes del cant\u00f3n\u00bb, concluy\u00f3 Sarango.<\/p>\n","protected":false},"excerpt":{"rendered":"<p>En una elecci\u00f3n llevada a cabo el d\u00eda de hoy, Karina Luzuriaga ha sido designada como la nueva Vicepresidenta del Consejo Cantonal de Protecci\u00f3n de Derechos del cant\u00f3n Centinela del C\u00f3ndor. Este importante evento cont\u00f3 con la presencia del Ingeniero Segundo Sarango, quien asisti\u00f3 en calidad de Presidente del Consejo de Protecci\u00f3n de Derechos y alcalde del cant\u00f3n Centinela del C\u00f3ndor. El acto de elecci\u00f3n reuni\u00f3 a representantes de todo el consejo, quienes reafirmaron su compromiso con la coordinaci\u00f3n y evaluaci\u00f3n de pol\u00edticas p\u00fablicas a nivel cantonal. Estas pol\u00edticas est\u00e1n orientadas a asegurar el respeto y la promoci\u00f3n de los derechos humanos de todas las personas dentro de su jurisdicci\u00f3n. En sus primeras declaraciones como Vicepresidenta, Karina Luzuriaga enfatiz\u00f3 la importancia de la unidad y el trabajo conjunto para garantizar los derechos y la justicia social en el cant\u00f3n. \u00abEstamos seguros que en unidad velaremos por nuestros derechos y la justicia social\u00bb, afirm\u00f3 Luzuriaga, reafirmando su compromiso con la equidad y la protecci\u00f3n de derechos. El Ingeniero Segundo Sarango, en su calidad de Presidente del Consejo y alcalde del cant\u00f3n, expres\u00f3 su confianza en que el liderazgo de Karina Luzuriaga contribuir\u00e1 significativamente al fortalecimiento de las pol\u00edticas de protecci\u00f3n de derechos en Centinela del C\u00f3ndor. \u00abEste consejo continuar\u00e1 trabajando arduamente para asegurar un futuro justo y equitativo para todos los habitantes del cant\u00f3n\u00bb, concluy\u00f3 Sarango.<\/p>\n","protected":false},"author":1,"featured_media":17295,"comment_status":"open","ping_status":"open","sticky":false,"template":"","format":"standard","meta":{"footnotes":""},"categories":[243],"tags":[],"class_list":["post-17294","post","type-post","status-publish","format-standard","has-post-thumbnail","hentry","category-noticias-zamora"],"_links":{"self":[{"href":"https:\/\/www.elamazonico.com\/portal\/wp-json\/wp\/v2\/posts\/17294","targetHints":{"allow":["GET"]}}],"collection":[{"href":"https:\/\/www.elamazonico.com\/portal\/wp-json\/wp\/v2\/posts"}],"about":[{"href":"https:\/\/www.elamazonico.com\/portal\/wp-json\/wp\/v2\/types\/post"}],"author":[{"embeddable":true,"href":"https:\/\/www.elamazonico.com\/portal\/wp-json\/wp\/v2\/users\/1"}],"replies":[{"embeddable":true,"href":"https:\/\/www.elamazonico.com\/portal\/wp-json\/wp\/v2\/comments?post=17294"}],"version-history":[{"count":1,"href":"https:\/\/www.elamazonico.com\/portal\/wp-json\/wp\/v2\/posts\/17294\/revisions"}],"predecessor-version":[{"id":17296,"href":"https:\/\/www.elamazonico.com\/portal\/wp-json\/wp\/v2\/posts\/17294\/revisions\/17296"}],"wp:featuredmedia":[{"embeddable":true,"href":"https:\/\/www.elamazonico.com\/portal\/wp-json\/wp\/v2\/media\/17295"}],"wp:attachment":[{"href":"https:\/\/www.elamazonico.com\/portal\/wp-json\/wp\/v2\/media?parent=17294"}],"wp:term":[{"taxonomy":"category","embeddable":true,"href":"https:\/\/www.elamazonico.com\/portal\/wp-json\/wp\/v2\/categories?post=17294"},{"taxonomy":"post_tag","embeddable":true,"href":"https:\/\/www.elamazonico.com\/portal\/wp-json\/wp\/v2\/tags?post=17294"}],"curies":[{"name":"wp","href":"https:\/\/api.w.org\/{rel}","templated":true}]}}