{"id":17279,"date":"2024-07-04T11:17:01","date_gmt":"2024-07-04T16:17:01","guid":{"rendered":"https:\/\/www.elamazonico.com\/portal\/?p=17279"},"modified":"2024-07-04T11:19:38","modified_gmt":"2024-07-04T16:19:38","slug":"el-gad-municipal-de-zamora-lanza-cursos-vacacionales-para-ninos-y-jovenes","status":"publish","type":"post","link":"https:\/\/www.elamazonico.com\/portal\/el-gad-municipal-de-zamora-lanza-cursos-vacacionales-para-ninos-y-jovenes\/","title":{"rendered":"El GAD municipal de Zamora lanza cursos vacacionales para ni\u00f1os y j\u00f3venes"},"content":{"rendered":"<p style=\"font-weight: 400;\">El Gobierno Aut\u00f3nomo Descentralizado (GAD) Municipal de Zamora, a trav\u00e9s de la Direcci\u00f3n de Gesti\u00f3n Social, invita a toda la comunidad a participar en los cursos vacacionales que se llevar\u00e1n a cabo del 8 de julio al 16 de agosto.<\/p>\n<p style=\"font-weight: 400;\">Este proyecto, que cuenta con una inversi\u00f3n de 15,061 d\u00f3lares americanos, que beneficiar\u00e1 alrededor de 600 ni\u00f1os, ni\u00f1as y adolescentes del cant\u00f3n Zamora, tanto en el sector urbano como en el rural. En total, 16 instructores (4 en el \u00e1rea urbana y 12 en la rural) impartir\u00e1n los cursos.<\/p>\n<p style=\"font-weight: 400;\">El principal objetivo de estos cursos es proporcionar un espacio de entretenimiento donde los participantes puedan desarrollar y fortalecer sus destrezas y habilidades en diversas \u00e1reas. Adem\u00e1s, se busca fomentar la cultura, el arte y el deporte, alejando a la juventud de los vicios y contribuyendo a su desarrollo integral.<\/p>\n<p style=\"font-weight: 400;\">Dayana Uchuari, t\u00e9cnica de Desarrollo Sociocultural, explic\u00f3 que los cursos vacacionales incluir\u00e1n disciplinas como canto, piano inicial, pintura, danza folkl\u00f3rica, manualidades y artesan\u00edas (changuinas). Los cursos est\u00e1n dirigidos tanto a ni\u00f1os como a j\u00f3venes de la zona urbana y rural, asimismo acot\u00f3 que son totalmente gratuitos.<\/p>\n<p style=\"font-weight: 400;\">Agreg\u00f3 que, en el \u00e1rea urbana, los interesados pueden inscribirse en las oficinas del Departamento de Desarrollo Socioecon\u00f3mico, ubicadas en el cuarto piso de la Torre II municipal, frente al redondel Naya la Chapetona y en las parroquias rurales, las inscripciones se receptar\u00e1n en las oficinas de cada GAD Parroquial.<\/p>\n<p style=\"font-weight: 400;\">Ximena Monta\u00f1o, concejal del cant\u00f3n Zamora, destac\u00f3 que estos talleres permitir\u00e1n a la ciudadan\u00eda conocer las destrezas y habilidades de los ni\u00f1os participantes y descubrir nuevas amistades.<\/p>\n<p style=\"font-weight: 400;\">Vidal Chalan, presidente del GAD Parroquial de Imbana, expres\u00f3 un agradecimiento al GAD Municipal de Zamora, al alcalde y concejales por su apoyo y predisposici\u00f3n para llevar a cabo estos cursos en la zona rural y formar a la ni\u00f1ez y adolescencia<\/p>\n<p style=\"font-weight: 400;\">Manuel Gonz\u00e1lez, alcalde del cant\u00f3n Zamora, subray\u00f3 que el lanzamiento de los cursos vacacionales se realiza anualmente con el prop\u00f3sito de que los ni\u00f1os, ni\u00f1as, adolescentes y personas con discapacidad aprovechen su tiempo libre de manera productiva, alej\u00e1ndose de influencias negativas y desarrollando un inter\u00e9s por la cultura, el arte y el deporte. Dijo finalmente que, al finalizar los talleres, la Municipalidad organizar\u00e1 un evento donde los participantes podr\u00e1n demostrar y exponer las habilidades y obras adquiridas durante los cursos.<\/p>\n<p style=\"font-weight: 400;\">\n","protected":false},"excerpt":{"rendered":"<p>El Gobierno Aut\u00f3nomo Descentralizado (GAD) Municipal de Zamora, a trav\u00e9s de la Direcci\u00f3n de Gesti\u00f3n Social, invita a toda la comunidad a participar en los cursos vacacionales que se llevar\u00e1n a cabo del 8 de julio al 16 de agosto. Este proyecto, que cuenta con una inversi\u00f3n de 15,061 d\u00f3lares americanos, que beneficiar\u00e1 alrededor de 600 ni\u00f1os, ni\u00f1as y adolescentes del cant\u00f3n Zamora, tanto en el sector urbano como en el rural. En total, 16 instructores (4 en el \u00e1rea urbana y 12 en la rural) impartir\u00e1n los cursos. El principal objetivo de estos cursos es proporcionar un espacio de entretenimiento donde los participantes puedan desarrollar y fortalecer sus destrezas y habilidades en diversas \u00e1reas. Adem\u00e1s, se busca fomentar la cultura, el arte y el deporte, alejando a la juventud de los vicios y contribuyendo a su desarrollo integral. Dayana Uchuari, t\u00e9cnica de Desarrollo Sociocultural, explic\u00f3 que los cursos vacacionales incluir\u00e1n disciplinas como canto, piano inicial, pintura, danza folkl\u00f3rica, manualidades y artesan\u00edas (changuinas). Los cursos est\u00e1n dirigidos tanto a ni\u00f1os como a j\u00f3venes de la zona urbana y rural, asimismo acot\u00f3 que son totalmente gratuitos. Agreg\u00f3 que, en el \u00e1rea urbana, los interesados pueden inscribirse en las oficinas del Departamento de Desarrollo Socioecon\u00f3mico, ubicadas en el cuarto piso de la Torre II municipal, frente al redondel Naya la Chapetona y en las parroquias rurales, las inscripciones se receptar\u00e1n en las oficinas de cada GAD Parroquial. Ximena Monta\u00f1o, concejal del cant\u00f3n Zamora, destac\u00f3 que estos talleres permitir\u00e1n a la ciudadan\u00eda conocer las destrezas y habilidades de los ni\u00f1os participantes y descubrir nuevas amistades. Vidal Chalan, presidente del GAD Parroquial de Imbana, expres\u00f3 un agradecimiento al GAD Municipal de Zamora, al alcalde y concejales por su apoyo y predisposici\u00f3n para llevar a cabo estos cursos en la zona rural y formar a la ni\u00f1ez y adolescencia Manuel Gonz\u00e1lez, alcalde del cant\u00f3n Zamora, subray\u00f3 que el lanzamiento de los cursos vacacionales se realiza anualmente con el prop\u00f3sito de que los ni\u00f1os, ni\u00f1as, adolescentes y personas con discapacidad aprovechen su tiempo libre de manera productiva, alej\u00e1ndose de influencias negativas y desarrollando un inter\u00e9s por la cultura, el arte y el deporte. Dijo finalmente que, al finalizar los talleres, la Municipalidad organizar\u00e1 un evento donde los participantes podr\u00e1n demostrar y exponer las habilidades y obras adquiridas durante los cursos.<\/p>\n","protected":false},"author":1,"featured_media":17283,"comment_status":"open","ping_status":"open","sticky":false,"template":"","format":"standard","meta":{"footnotes":""},"categories":[243],"tags":[],"class_list":["post-17279","post","type-post","status-publish","format-standard","has-post-thumbnail","hentry","category-noticias-zamora"],"_links":{"self":[{"href":"https:\/\/www.elamazonico.com\/portal\/wp-json\/wp\/v2\/posts\/17279","targetHints":{"allow":["GET"]}}],"collection":[{"href":"https:\/\/www.elamazonico.com\/portal\/wp-json\/wp\/v2\/posts"}],"about":[{"href":"https:\/\/www.elamazonico.com\/portal\/wp-json\/wp\/v2\/types\/post"}],"author":[{"embeddable":true,"href":"https:\/\/www.elamazonico.com\/portal\/wp-json\/wp\/v2\/users\/1"}],"replies":[{"embeddable":true,"href":"https:\/\/www.elamazonico.com\/portal\/wp-json\/wp\/v2\/comments?post=17279"}],"version-history":[{"count":1,"href":"https:\/\/www.elamazonico.com\/portal\/wp-json\/wp\/v2\/posts\/17279\/revisions"}],"predecessor-version":[{"id":17281,"href":"https:\/\/www.elamazonico.com\/portal\/wp-json\/wp\/v2\/posts\/17279\/revisions\/17281"}],"wp:featuredmedia":[{"embeddable":true,"href":"https:\/\/www.elamazonico.com\/portal\/wp-json\/wp\/v2\/media\/17283"}],"wp:attachment":[{"href":"https:\/\/www.elamazonico.com\/portal\/wp-json\/wp\/v2\/media?parent=17279"}],"wp:term":[{"taxonomy":"category","embeddable":true,"href":"https:\/\/www.elamazonico.com\/portal\/wp-json\/wp\/v2\/categories?post=17279"},{"taxonomy":"post_tag","embeddable":true,"href":"https:\/\/www.elamazonico.com\/portal\/wp-json\/wp\/v2\/tags?post=17279"}],"curies":[{"name":"wp","href":"https:\/\/api.w.org\/{rel}","templated":true}]}}