{"id":17271,"date":"2024-07-04T06:58:39","date_gmt":"2024-07-04T11:58:39","guid":{"rendered":"https:\/\/www.elamazonico.com\/portal\/?p=17271"},"modified":"2024-07-04T06:58:39","modified_gmt":"2024-07-04T11:58:39","slug":"los-mineros-de-zamora-chinchipe-se-unen-a-la-marcha-de-las-organizaciones-sociales-por-falta-de-respuestas-del-ejecutivo-a-sus-peticiones","status":"publish","type":"post","link":"https:\/\/www.elamazonico.com\/portal\/los-mineros-de-zamora-chinchipe-se-unen-a-la-marcha-de-las-organizaciones-sociales-por-falta-de-respuestas-del-ejecutivo-a-sus-peticiones\/","title":{"rendered":"Los mineros de Zamora Chinchipe se unen a la marcha de las organizaciones sociales por falta de respuestas del ejecutivo a sus peticiones"},"content":{"rendered":"<p>En una asamblea general convocada por la Unidad Provincial Minera de Zamora Chinchipe, los mineros de la provincia decidieron unirse a la marcha de las organizaciones sociales este jueves 4 de julio. La medida surge ante la falta de respuestas satisfactorias del Ejecutivo a sus demandas.<\/p>\n<p><strong>Respuestas Inadecuadas del Ejecutivo<\/strong><\/p>\n<p>Durante la asamblea, se revis\u00f3 una contestaci\u00f3n del Ejecutivo, a trav\u00e9s del viceministro de Gobernabilidad, la cual fue calificada como carente de respuestas a las necesidades de los peque\u00f1os mineros y mineros artesanales. Frente a esta indiferencia, el presidente de la organizaci\u00f3n de mineros, Juan Carlos Tapia, anunci\u00f3 tres resoluciones clave:<\/p>\n<p>Unirse a la medida de resistencia a nivel nacional el 4 de julio.<\/p>\n<p>Realizar asambleas con los sectores sociales en los 9 cantones de la provincia.<\/p>\n<p>Insistir en la legalizaci\u00f3n de los peque\u00f1os mineros y mineros artesanales.<\/p>\n<p><strong>Pronunciamiento del Distrito Minero Chinapintza<\/strong><\/p>\n<p>Pa\u00fal Pineda, presidente del Distrito Minero Chinapintza, expres\u00f3 su descontento con la respuesta del funcionario del Ejecutivo, la cual considera negativa para el sector minero organizado de Zamora Chinchipe. Pineda enfatiz\u00f3 que la medida de resistencia se toma debido a la falta de atenci\u00f3n gubernamental y a los intentos del gobierno de criminalizar su trabajo en lugar de proporcionar soluciones y seguridad, tal como lo establece la Constituci\u00f3n de la Rep\u00fablica del Ecuador.<\/p>\n<p>\u00abEl gobierno, en vez de darnos una soluci\u00f3n, est\u00e1 tratando de criminalizar nuestro trabajo sin darnos una seguridad, tal como lo establece la Constituci\u00f3n de la Rep\u00fablica, que garantiza nuestro derecho al trabajo y al buen vivir de los ecuatorianos\u00bb, concluy\u00f3 Pa\u00fal Pineda.<\/p>\n<p><strong>Llamado a la Acci\u00f3n<\/strong><\/p>\n<p>Los mineros de Zamora Chinchipe hacen un llamado a la comunidad y a los sectores sociales para que se unan a esta medida de resistencia, buscando el reconocimiento y la legalizaci\u00f3n de su trabajo, y asegurando el respeto a sus derechos fundamentales.<\/p>\n","protected":false},"excerpt":{"rendered":"<p>En una asamblea general convocada por la Unidad Provincial Minera de Zamora Chinchipe, los mineros de la provincia decidieron unirse a la marcha de las organizaciones sociales este jueves 4 de julio. La medida surge ante la falta de respuestas satisfactorias del Ejecutivo a sus demandas. Respuestas Inadecuadas del Ejecutivo Durante la asamblea, se revis\u00f3 una contestaci\u00f3n del Ejecutivo, a trav\u00e9s del viceministro de Gobernabilidad, la cual fue calificada como carente de respuestas a las necesidades de los peque\u00f1os mineros y mineros artesanales. Frente a esta indiferencia, el presidente de la organizaci\u00f3n de mineros, Juan Carlos Tapia, anunci\u00f3 tres resoluciones clave: Unirse a la medida de resistencia a nivel nacional el 4 de julio. Realizar asambleas con los sectores sociales en los 9 cantones de la provincia. Insistir en la legalizaci\u00f3n de los peque\u00f1os mineros y mineros artesanales. Pronunciamiento del Distrito Minero Chinapintza Pa\u00fal Pineda, presidente del Distrito Minero Chinapintza, expres\u00f3 su descontento con la respuesta del funcionario del Ejecutivo, la cual considera negativa para el sector minero organizado de Zamora Chinchipe. Pineda enfatiz\u00f3 que la medida de resistencia se toma debido a la falta de atenci\u00f3n gubernamental y a los intentos del gobierno de criminalizar su trabajo en lugar de proporcionar soluciones y seguridad, tal como lo establece la Constituci\u00f3n de la Rep\u00fablica del Ecuador. \u00abEl gobierno, en vez de darnos una soluci\u00f3n, est\u00e1 tratando de criminalizar nuestro trabajo sin darnos una seguridad, tal como lo establece la Constituci\u00f3n de la Rep\u00fablica, que garantiza nuestro derecho al trabajo y al buen vivir de los ecuatorianos\u00bb, concluy\u00f3 Pa\u00fal Pineda. Llamado a la Acci\u00f3n Los mineros de Zamora Chinchipe hacen un llamado a la comunidad y a los sectores sociales para que se unan a esta medida de resistencia, buscando el reconocimiento y la legalizaci\u00f3n de su trabajo, y asegurando el respeto a sus derechos fundamentales.<\/p>\n","protected":false},"author":1,"featured_media":17272,"comment_status":"open","ping_status":"open","sticky":false,"template":"","format":"standard","meta":{"footnotes":""},"categories":[268,243],"tags":[],"class_list":["post-17271","post","type-post","status-publish","format-standard","has-post-thumbnail","hentry","category-nacionales","category-noticias-zamora"],"_links":{"self":[{"href":"https:\/\/www.elamazonico.com\/portal\/wp-json\/wp\/v2\/posts\/17271","targetHints":{"allow":["GET"]}}],"collection":[{"href":"https:\/\/www.elamazonico.com\/portal\/wp-json\/wp\/v2\/posts"}],"about":[{"href":"https:\/\/www.elamazonico.com\/portal\/wp-json\/wp\/v2\/types\/post"}],"author":[{"embeddable":true,"href":"https:\/\/www.elamazonico.com\/portal\/wp-json\/wp\/v2\/users\/1"}],"replies":[{"embeddable":true,"href":"https:\/\/www.elamazonico.com\/portal\/wp-json\/wp\/v2\/comments?post=17271"}],"version-history":[{"count":1,"href":"https:\/\/www.elamazonico.com\/portal\/wp-json\/wp\/v2\/posts\/17271\/revisions"}],"predecessor-version":[{"id":17273,"href":"https:\/\/www.elamazonico.com\/portal\/wp-json\/wp\/v2\/posts\/17271\/revisions\/17273"}],"wp:featuredmedia":[{"embeddable":true,"href":"https:\/\/www.elamazonico.com\/portal\/wp-json\/wp\/v2\/media\/17272"}],"wp:attachment":[{"href":"https:\/\/www.elamazonico.com\/portal\/wp-json\/wp\/v2\/media?parent=17271"}],"wp:term":[{"taxonomy":"category","embeddable":true,"href":"https:\/\/www.elamazonico.com\/portal\/wp-json\/wp\/v2\/categories?post=17271"},{"taxonomy":"post_tag","embeddable":true,"href":"https:\/\/www.elamazonico.com\/portal\/wp-json\/wp\/v2\/tags?post=17271"}],"curies":[{"name":"wp","href":"https:\/\/api.w.org\/{rel}","templated":true}]}}