{"id":17255,"date":"2024-07-04T04:00:23","date_gmt":"2024-07-04T09:00:23","guid":{"rendered":"https:\/\/www.elamazonico.com\/portal\/?p=17255"},"modified":"2024-07-04T07:50:38","modified_gmt":"2024-07-04T12:50:38","slug":"17255-2","status":"publish","type":"post","link":"https:\/\/www.elamazonico.com\/portal\/17255-2\/","title":{"rendered":"Zamora Chinchipe \u00a1Nos vemos en el ring!"},"content":{"rendered":"<p>Diario El Amaz\u00f3nico dialog\u00f3 con Carlos Echeverr\u00eda y Luis Mesa acerca de la tan esperada cartelera box\u00edstica que se llevar\u00e1 a cabo este viernes 5 de julio. Este evento, que ha sido denominado \u00abAmateur y Profesional\u00bb, promete ser una velada inolvidable, celebrando tanto a exdeportistas como a la nueva generaci\u00f3n de boxeadores de la provincia de Zamora Chinchipe.<\/p>\n<p><strong>Un Evento para Recordar y Honrar<\/strong><\/p>\n<p>Desde la ma\u00f1ana, el escenario estar\u00e1 preparado para recibir a los deportistas en el Coliseo de deportes, donde se iniciar\u00e1 con el peso de todos los deportistas y a las 19:00 de la noche empieza la cartelera box\u00edstica. El costo de ingreso general ser\u00e1 de solo 2 d\u00f3lares, una oportunidad accesible para que todos puedan disfrutar de esta emocionante jornada deportiva.<\/p>\n<p>Carlos Echeverr\u00eda y Luis Mesa subrayaron la importancia de este evento no solo como una competencia, sino como un reconocimiento a aquellos que han sido pioneros en esta disciplina en nuestra provincia. Entre los homenajeados se encuentran figuras ic\u00f3nicas como Carlos Candela, Rub\u00e9n Cerda, Iv\u00e1n Soto, Eduardo Ochoa y Edgar Gonz\u00e1lez de Nangaritza, entre otros. Estos exdeportistas han dejado una huella imborrable en el boxeo de Zamora Chinchipe.<\/p>\n<p>Adem\u00e1s, se har\u00e1 un reconocimiento especial a los hermanos D\u00e1vila, quienes, aunque declinaron participar en el evento, han sido pilares fundamentales en la historia del boxeo local. Su legado es recordado y celebrado por todos los zamoranos chinchipenses.<\/p>\n<p><strong>La Vigencia del Boxeo en Centinela del C\u00f3ndor<\/strong><\/p>\n<p>Echeverr\u00eda destac\u00f3 que el cant\u00f3n Centinela del C\u00f3ndor mantiene su hegemon\u00eda en el boxeo gracias a una activa escuela de box. \u00abEl boxeo en este cant\u00f3n no morir\u00e1\u00bb, afirm\u00f3, \u00abpor el contrario, seguir\u00e1 aportando mucho a la provincia con talentosos boxeadores\u00bb. Este evento no solo est\u00e1 dedicado a quienes han subido al cuadril\u00e1tero, sino tambi\u00e9n a todos aquellos que han impulsado este deporte, porque sin su apoyo no habr\u00edamos visto surgir a grandes campeones.<\/p>\n<p><strong>Estructura del Evento y Reconocimientos Especiales<\/strong><\/p>\n<p>El programa de la noche incluye una emocionante cartelera con peleas de menores, prejuveniles y juveniles. Durante el evento, se realizar\u00e1 un homenaje al profesor Milquer Rivadeneira, quien fue un mentor crucial para muchos boxeadores destacados como Antony y Pepe Chamba, Pepe D\u00e1vila, Augusto D\u00e1vila, Pedro Canuza, Carlos Rodondi, Mario, Kl\u00e9ver, Iv\u00e1n, Isidro y Fausto Soto, C\u00e9sar Alba, Eduardo Ochoa, Carlos Espinosa y Rub\u00e9n Cerda. Estos atletas fueron los pilares fundamentales que impulsaron la carrera box\u00edstica en Zamora Chinchipe.<\/p>\n<p>Echeverr\u00eda record\u00f3 con emoci\u00f3n la influencia del profesor Rivadeneira en su vida: \u00abPara m\u00ed, el profesor Milquer fue como un padre. Siempre estuvo a mi lado en las buenas y en las malas, sin desfallecer en su deseo de vernos triunfar\u00bb. Destac\u00f3 c\u00f3mo el entrenador sal\u00eda a las 3 de la ma\u00f1ana para entrenar junto a \u00e9l y, c\u00f3mo esto cambi\u00f3 su vida y la de muchos otros boxeadores, llev\u00e1ndolos incluso a representar a la provincia en las olimpiadas, como Jos\u00e9 Luis Mesa en Beijing 2008 y Carlos S\u00e1nchez en Londres 2012.<\/p>\n<p><strong>Un Llamado a la Comunidad<\/strong><\/p>\n<p>Luis Mesa se sum\u00f3 a la invitaci\u00f3n y destac\u00f3 la importancia de la presencia del p\u00fablico para disfrutar de esta cartelera boxistica. Agradeci\u00f3 a la Federaci\u00f3n Deportiva y a los auspiciantes, tanto empresas privadas como instituciones p\u00fablicas, por su apoyo. Hizo un llamado a los padres de familia para que inculquen en sus hijos la pr\u00e1ctica del deporte, destacando los beneficios para la salud mental y f\u00edsica y la formaci\u00f3n de j\u00f3venes disciplinados.<\/p>\n<p>Mesa reflexion\u00f3 sobre la diferencia entre los j\u00f3venes de hoy y los de antes, se\u00f1alando que anteriormente hab\u00eda m\u00e1s recursos y dedicaci\u00f3n por parte de los padres, mientras que hoy en d\u00eda los j\u00f3venes pasan m\u00e1s tiempo en sus tel\u00e9fonos y no reciben el mismo seguimiento. En cuanto a recursos, \u00abAntes llegaban 1.300.000 d\u00f3lares, ahora un poco m\u00e1s de 600.000 d\u00f3lares. En vez de mejorar, todo se ha ido al declive\u00bb, concluy\u00f3.<\/p>\n<p><strong>Un Legado de Disciplina y Triunfo<\/strong><\/p>\n<p>Echeverr\u00eda comparti\u00f3 una de sus tantas an\u00e9cdotas y recuerda que fue la ex Quinta Rosita, donde era terrible reconoci\u00f3. Pero vuelve a recalcar a su Milquer Rivadeneira donde le ense\u00f1\u00f3 la importancia de la disciplina. \u00abSi no eres disciplinado, no sirves para ser deportista\u00bb, afirm\u00f3. Este evento es una oportunidad para recordar y honrar el legado de aquellos que han hecho posible que el boxeo en Zamora Chinchipe siga vivo y floreciendo. Desde esta tierra, saludo al cielo al profe y que descanse en paz y agradeci\u00f3.<\/p>\n<p>Finalmente, invit\u00f3 a toda la comunidad a asistir a este evento hist\u00f3rico y a apoyar a nuestros deportistas. Juntos, podemos continuar construyendo el legado del boxeo en la provincia y celebrar a quienes han dedicado su vida a este noble deporte.<\/p>\n<p>Diario El Amaz\u00f3nico les espera para una noche de emociones, historia y reconocimiento. <strong>\u00a1Nos vemos en el ring!<\/strong><\/p>\n","protected":false},"excerpt":{"rendered":"<p>Diario El Amaz\u00f3nico dialog\u00f3 con Carlos Echeverr\u00eda y Luis Mesa acerca de la tan esperada cartelera box\u00edstica que se llevar\u00e1 a cabo este viernes 5 de julio. Este evento, que ha sido denominado \u00abAmateur y Profesional\u00bb, promete ser una velada inolvidable, celebrando tanto a exdeportistas como a la nueva generaci\u00f3n de boxeadores de la provincia de Zamora Chinchipe. Un Evento para Recordar y Honrar Desde la ma\u00f1ana, el escenario estar\u00e1 preparado para recibir a los deportistas en el Coliseo de deportes, donde se iniciar\u00e1 con el peso de todos los deportistas y a las 19:00 de la noche empieza la cartelera box\u00edstica. El costo de ingreso general ser\u00e1 de solo 2 d\u00f3lares, una oportunidad accesible para que todos puedan disfrutar de esta emocionante jornada deportiva. Carlos Echeverr\u00eda y Luis Mesa subrayaron la importancia de este evento no solo como una competencia, sino como un reconocimiento a aquellos que han sido pioneros en esta disciplina en nuestra provincia. Entre los homenajeados se encuentran figuras ic\u00f3nicas como Carlos Candela, Rub\u00e9n Cerda, Iv\u00e1n Soto, Eduardo Ochoa y Edgar Gonz\u00e1lez de Nangaritza, entre otros. Estos exdeportistas han dejado una huella imborrable en el boxeo de Zamora Chinchipe. Adem\u00e1s, se har\u00e1 un reconocimiento especial a los hermanos D\u00e1vila, quienes, aunque declinaron participar en el evento, han sido pilares fundamentales en la historia del boxeo local. Su legado es recordado y celebrado por todos los zamoranos chinchipenses. La Vigencia del Boxeo en Centinela del C\u00f3ndor Echeverr\u00eda destac\u00f3 que el cant\u00f3n Centinela del C\u00f3ndor mantiene su hegemon\u00eda en el boxeo gracias a una activa escuela de box. \u00abEl boxeo en este cant\u00f3n no morir\u00e1\u00bb, afirm\u00f3, \u00abpor el contrario, seguir\u00e1 aportando mucho a la provincia con talentosos boxeadores\u00bb. Este evento no solo est\u00e1 dedicado a quienes han subido al cuadril\u00e1tero, sino tambi\u00e9n a todos aquellos que han impulsado este deporte, porque sin su apoyo no habr\u00edamos visto surgir a grandes campeones. Estructura del Evento y Reconocimientos Especiales El programa de la noche incluye una emocionante cartelera con peleas de menores, prejuveniles y juveniles. Durante el evento, se realizar\u00e1 un homenaje al profesor Milquer Rivadeneira, quien fue un mentor crucial para muchos boxeadores destacados como Antony y Pepe Chamba, Pepe D\u00e1vila, Augusto D\u00e1vila, Pedro Canuza, Carlos Rodondi, Mario, Kl\u00e9ver, Iv\u00e1n, Isidro y Fausto Soto, C\u00e9sar Alba, Eduardo Ochoa, Carlos Espinosa y Rub\u00e9n Cerda. Estos atletas fueron los pilares fundamentales que impulsaron la carrera box\u00edstica en Zamora Chinchipe. Echeverr\u00eda record\u00f3 con emoci\u00f3n la influencia del profesor Rivadeneira en su vida: \u00abPara m\u00ed, el profesor Milquer fue como un padre. Siempre estuvo a mi lado en las buenas y en las malas, sin desfallecer en su deseo de vernos triunfar\u00bb. Destac\u00f3 c\u00f3mo el entrenador sal\u00eda a las 3 de la ma\u00f1ana para entrenar junto a \u00e9l y, c\u00f3mo esto cambi\u00f3 su vida y la de muchos otros boxeadores, llev\u00e1ndolos incluso a representar a la provincia en las olimpiadas, como Jos\u00e9 Luis Mesa en Beijing 2008 y Carlos S\u00e1nchez en Londres 2012. Un Llamado a la Comunidad Luis Mesa se sum\u00f3 a la invitaci\u00f3n y destac\u00f3 la importancia de la presencia del p\u00fablico para disfrutar de esta cartelera boxistica. Agradeci\u00f3 a la Federaci\u00f3n Deportiva y a los auspiciantes, tanto empresas privadas como instituciones p\u00fablicas, por su apoyo. Hizo un llamado a los padres de familia para que inculquen en sus hijos la pr\u00e1ctica del deporte, destacando los beneficios para la salud mental y f\u00edsica y la formaci\u00f3n de j\u00f3venes disciplinados. Mesa reflexion\u00f3 sobre la diferencia entre los j\u00f3venes de hoy y los de antes, se\u00f1alando que anteriormente hab\u00eda m\u00e1s recursos y dedicaci\u00f3n por parte de los padres, mientras que hoy en d\u00eda los j\u00f3venes pasan m\u00e1s tiempo en sus tel\u00e9fonos y no reciben el mismo seguimiento. En cuanto a recursos, \u00abAntes llegaban 1.300.000 d\u00f3lares, ahora un poco m\u00e1s de 600.000 d\u00f3lares. En vez de mejorar, todo se ha ido al declive\u00bb, concluy\u00f3. Un Legado de Disciplina y Triunfo Echeverr\u00eda comparti\u00f3 una de sus tantas an\u00e9cdotas y recuerda que fue la ex Quinta Rosita, donde era terrible reconoci\u00f3. Pero vuelve a recalcar a su Milquer Rivadeneira donde le ense\u00f1\u00f3 la importancia de la disciplina. \u00abSi no eres disciplinado, no sirves para ser deportista\u00bb, afirm\u00f3. Este evento es una oportunidad para recordar y honrar el legado de aquellos que han hecho posible que el boxeo en Zamora Chinchipe siga vivo y floreciendo. Desde esta tierra, saludo al cielo al profe y que descanse en paz y agradeci\u00f3. Finalmente, invit\u00f3 a toda la comunidad a asistir a este evento hist\u00f3rico y a apoyar a nuestros deportistas. Juntos, podemos continuar construyendo el legado del boxeo en la provincia y celebrar a quienes han dedicado su vida a este noble deporte. Diario El Amaz\u00f3nico les espera para una noche de emociones, historia y reconocimiento. \u00a1Nos vemos en el ring!<\/p>\n","protected":false},"author":1,"featured_media":17263,"comment_status":"open","ping_status":"open","sticky":false,"template":"","format":"standard","meta":{"footnotes":""},"categories":[6,243],"tags":[],"class_list":["post-17255","post","type-post","status-publish","format-standard","has-post-thumbnail","hentry","category-deportes","category-noticias-zamora"],"_links":{"self":[{"href":"https:\/\/www.elamazonico.com\/portal\/wp-json\/wp\/v2\/posts\/17255","targetHints":{"allow":["GET"]}}],"collection":[{"href":"https:\/\/www.elamazonico.com\/portal\/wp-json\/wp\/v2\/posts"}],"about":[{"href":"https:\/\/www.elamazonico.com\/portal\/wp-json\/wp\/v2\/types\/post"}],"author":[{"embeddable":true,"href":"https:\/\/www.elamazonico.com\/portal\/wp-json\/wp\/v2\/users\/1"}],"replies":[{"embeddable":true,"href":"https:\/\/www.elamazonico.com\/portal\/wp-json\/wp\/v2\/comments?post=17255"}],"version-history":[{"count":3,"href":"https:\/\/www.elamazonico.com\/portal\/wp-json\/wp\/v2\/posts\/17255\/revisions"}],"predecessor-version":[{"id":17275,"href":"https:\/\/www.elamazonico.com\/portal\/wp-json\/wp\/v2\/posts\/17255\/revisions\/17275"}],"wp:featuredmedia":[{"embeddable":true,"href":"https:\/\/www.elamazonico.com\/portal\/wp-json\/wp\/v2\/media\/17263"}],"wp:attachment":[{"href":"https:\/\/www.elamazonico.com\/portal\/wp-json\/wp\/v2\/media?parent=17255"}],"wp:term":[{"taxonomy":"category","embeddable":true,"href":"https:\/\/www.elamazonico.com\/portal\/wp-json\/wp\/v2\/categories?post=17255"},{"taxonomy":"post_tag","embeddable":true,"href":"https:\/\/www.elamazonico.com\/portal\/wp-json\/wp\/v2\/tags?post=17255"}],"curies":[{"name":"wp","href":"https:\/\/api.w.org\/{rel}","templated":true}]}}