{"id":17238,"date":"2024-07-03T06:19:41","date_gmt":"2024-07-03T11:19:41","guid":{"rendered":"https:\/\/www.elamazonico.com\/portal\/?p=17238"},"modified":"2024-07-03T06:19:41","modified_gmt":"2024-07-03T11:19:41","slug":"asamblea-aprueba-inicio-de-juicio-politico-a-canciller-gabriela-sommerfeld-por-crisis-diplomatica-con-mexico","status":"publish","type":"post","link":"https:\/\/www.elamazonico.com\/portal\/asamblea-aprueba-inicio-de-juicio-politico-a-canciller-gabriela-sommerfeld-por-crisis-diplomatica-con-mexico\/","title":{"rendered":"Asamblea aprueba inicio de juicio pol\u00edtico a canciller Gabriela Sommerfeld por crisis diplom\u00e1tica con M\u00e9xico"},"content":{"rendered":"<div class=\"paragraph texto\">\n<p class=\"p_0\"><b>La Comisi\u00f3n de Fiscalizaci\u00f3n de la Asamblea Nacional calific\u00f3 este martes el inicio del proceso de juicio pol\u00edtico contra la ministra de Relaciones Exteriores y Movilidad Humana,\u00a0<a href=\"https:\/\/www.vistazo.com\/cronologia\/-\/meta\/gabriela-sommerfeld\">Gabriela Sommerfeld<\/a>, acusada de incumplimiento de funciones en torno a la crisis diplom\u00e1tica con M\u00e9xico.<\/b><\/p>\n<p class=\"p_1\">Con el\u00a0<b>voto afirmativo de cinco legisladores<\/b>, tres abstenciones y uno en contra, dicha comisi\u00f3n dio paso al inicio del proceso de sustanciaci\u00f3n del\u00a0<b>juicio pol\u00edtico de censura contra la canciller.<\/b><\/p>\n<\/div>\n<div class=\"paragraph texto\">\n<p class=\"p_2\">Sommerfeld ha sido acusada de\u00a0<b>incumplimiento de funciones\u00a0<\/b>en torno a la crisis diplom\u00e1tica con M\u00e9xico, derivada tras la irrupci\u00f3n violenta de la Polic\u00eda a la embajada mexicana en Quito, el pasado 5 de abril, para<b>\u00a0detener a Jorge Glas<\/b>, un exvicepresidente del Gobierno de Rafael Correa, sobre el que hab\u00eda una\u00a0<b>orden judicial de detenci\u00f3n.<\/b><\/p>\n<div class=\"paragraph texto\">\n<p class=\"p_3\">Antes de que un juez ordenase su captura,\u00a0<b>Glas se hab\u00eda refugiado en la sede mexicana\u00a0<\/b>y al momento de su detenci\u00f3n\u00a0<b>gozaba ya del asilo diplom\u00e1tico concedido\u00a0<\/b>por el Gobierno del presidente Manuel Andr\u00e9s L\u00f3pez Obrador, y esperaba la extensi\u00f3n de un salvoconducto que le permitiera abandonar el pa\u00eds.<\/p>\n<p class=\"p_4\"><b>Lea tambi\u00e9n |\u00a0<a href=\"https:\/\/www.vistazo.com\/politica\/nacional\/defensa-de-jorge-glas-pidio-habeas-corpus-para-evitar-un-nuevo-intento-de-suicidio-LH7584287\">Defensa de Jorge Glas pidi\u00f3 habeas corpus para evitar un nuevo intento de suicidio<\/a><\/b><\/p>\n<\/div>\n<div class=\"paragraph texto\">\n<p class=\"p_5\"><b>El exvicepresidente actualmente guarda prisi\u00f3n en La Roca<\/b>, la c\u00e1rcel de m\u00e1xima seguridad de Ecuador, situada en la ciudad de Guayaquil, mientras los gobiernos de Ecuador y M\u00e9xico mantienen un\u00a0<b>litigio en la Corte Internacional de Justicia<\/b>\u00a0(CIJ).<\/p>\n<p class=\"p_6\">La presidenta de la Comisi\u00f3n de Fiscalizaci\u00f3n de la Asamblea,\u00a0<b><a href=\"https:\/\/www.vistazo.com\/cronologia\/-\/meta\/pamela-aguirre\">Pamela Aguirre<\/a><\/b>, dej\u00f3 claro que la\u00a0<b>calificaci\u00f3n del tr\u00e1mite del juicio pol\u00edtico<\/b>\u00a0contra\u00a0<b>Sommerfeld<\/b>\u00a0responde a un procedimiento establecido en la normativa legislativa, que observa el cumplimiento de los requisitos en la solicitud del proceso de censura.<\/p>\n<p class=\"p_7\">La asamble\u00edsta\u00a0<b>Jhajaira Urresta<\/b>, del movimiento\u00a0<b>Revoluci\u00f3n Ciudadana<\/b>, present\u00f3 el pasado 25 de abril la\u00a0<b>solicitud para el juicio pol\u00edtico<\/b>, que ya fue aceptado por el Consejo de Administraci\u00f3n Legislativa de la Asamblea, organismo que traslad\u00f3 el expediente a la Comisi\u00f3n de Fiscalizaci\u00f3n.<\/p>\n<p class=\"p_8\"><b>Lea tambi\u00e9n |\u00a0<a href=\"https:\/\/www.vistazo.com\/politica\/nacional\/daniel-noboa-advierte-de-maniobras-en-la-asamblea-para-censurar-a-gabriela-sommerfeld-DF7575948\">Daniel Noboa advierte de maniobras en la Asamblea para censurar a Gabriela Sommerfeld<\/a><\/b><\/p>\n<p class=\"p_9\">El procedimiento parlamentario implica un tr\u00e1mite de notificaci\u00f3n del juicio pol\u00edtico a la canciller, quien tendr\u00e1 la oportunidad de\u00a0<b>demostrar si ha cumplido o no sus funciones<\/b>, coment\u00f3 la asamble\u00edsta Aguirre, que tambi\u00e9n es parte de la Revoluci\u00f3n Ciudadana.<\/p>\n<div class=\"paragraph texto\">\n<p class=\"p_10\">El pasado 12 de abril, el Gobierno de M\u00e9xico denunci\u00f3 ante el secretario general de la\u00a0<b>Organizaci\u00f3n de Naciones Unidas<\/b>\u00a0(ONU), Ant\u00f3nio Guterres, el<b>\u00a0asalto de su embajada en Quito<\/b>, llevado a cabo por fuerzas de seguridad de Ecuador.<\/p>\n<\/div>\n<div class=\"paragraph texto\">\n<p class=\"p_11\">Asimismo, el Gobierno mexicano solicit\u00f3 a la Corte Internacional de Justicia el inicio de procedimientos para que\u00a0<b>se declare a Ecuador responsable<\/b>, proceso que ya se ventila en ese tribunal.<\/p>\n<p class=\"p_12\">Mientras M\u00e9xico acusa a Ecuador de<b>\u00a0romper la inviolabilidad de sus sedes diplom\u00e1ticas<\/b>, el Gobierno ecuatoriano sostiene que el Ejecutivo mexicano transgredi\u00f3 el derecho internacional al\u00a0<b>interferir en asuntos internos<\/b>, abusar de la inmunidad diplom\u00e1tica y violar las normas de asilo que<b>\u00a0impiden dar ese beneficio a personas condenadas<\/b> por tribunales ordinarios y procesadas por delitos comunes.<\/p>\n<\/div>\n<\/div>\n<\/div>\n","protected":false},"excerpt":{"rendered":"<p>La Comisi\u00f3n de Fiscalizaci\u00f3n de la Asamblea Nacional calific\u00f3 este martes el inicio del proceso de juicio pol\u00edtico contra la ministra de Relaciones Exteriores y Movilidad Humana,\u00a0Gabriela Sommerfeld, acusada de incumplimiento de funciones en torno a la crisis diplom\u00e1tica con M\u00e9xico. Con el\u00a0voto afirmativo de cinco legisladores, tres abstenciones y uno en contra, dicha comisi\u00f3n dio paso al inicio del proceso de sustanciaci\u00f3n del\u00a0juicio pol\u00edtico de censura contra la canciller. Sommerfeld ha sido acusada de\u00a0incumplimiento de funciones\u00a0en torno a la crisis diplom\u00e1tica con M\u00e9xico, derivada tras la irrupci\u00f3n violenta de la Polic\u00eda a la embajada mexicana en Quito, el pasado 5 de abril, para\u00a0detener a Jorge Glas, un exvicepresidente del Gobierno de Rafael Correa, sobre el que hab\u00eda una\u00a0orden judicial de detenci\u00f3n. Antes de que un juez ordenase su captura,\u00a0Glas se hab\u00eda refugiado en la sede mexicana\u00a0y al momento de su detenci\u00f3n\u00a0gozaba ya del asilo diplom\u00e1tico concedido\u00a0por el Gobierno del presidente Manuel Andr\u00e9s L\u00f3pez Obrador, y esperaba la extensi\u00f3n de un salvoconducto que le permitiera abandonar el pa\u00eds. Lea tambi\u00e9n |\u00a0Defensa de Jorge Glas pidi\u00f3 habeas corpus para evitar un nuevo intento de suicidio El exvicepresidente actualmente guarda prisi\u00f3n en La Roca, la c\u00e1rcel de m\u00e1xima seguridad de Ecuador, situada en la ciudad de Guayaquil, mientras los gobiernos de Ecuador y M\u00e9xico mantienen un\u00a0litigio en la Corte Internacional de Justicia\u00a0(CIJ). La presidenta de la Comisi\u00f3n de Fiscalizaci\u00f3n de la Asamblea,\u00a0Pamela Aguirre, dej\u00f3 claro que la\u00a0calificaci\u00f3n del tr\u00e1mite del juicio pol\u00edtico\u00a0contra\u00a0Sommerfeld\u00a0responde a un procedimiento establecido en la normativa legislativa, que observa el cumplimiento de los requisitos en la solicitud del proceso de censura. La asamble\u00edsta\u00a0Jhajaira Urresta, del movimiento\u00a0Revoluci\u00f3n Ciudadana, present\u00f3 el pasado 25 de abril la\u00a0solicitud para el juicio pol\u00edtico, que ya fue aceptado por el Consejo de Administraci\u00f3n Legislativa de la Asamblea, organismo que traslad\u00f3 el expediente a la Comisi\u00f3n de Fiscalizaci\u00f3n. Lea tambi\u00e9n |\u00a0Daniel Noboa advierte de maniobras en la Asamblea para censurar a Gabriela Sommerfeld El procedimiento parlamentario implica un tr\u00e1mite de notificaci\u00f3n del juicio pol\u00edtico a la canciller, quien tendr\u00e1 la oportunidad de\u00a0demostrar si ha cumplido o no sus funciones, coment\u00f3 la asamble\u00edsta Aguirre, que tambi\u00e9n es parte de la Revoluci\u00f3n Ciudadana. El pasado 12 de abril, el Gobierno de M\u00e9xico denunci\u00f3 ante el secretario general de la\u00a0Organizaci\u00f3n de Naciones Unidas\u00a0(ONU), Ant\u00f3nio Guterres, el\u00a0asalto de su embajada en Quito, llevado a cabo por fuerzas de seguridad de Ecuador. Asimismo, el Gobierno mexicano solicit\u00f3 a la Corte Internacional de Justicia el inicio de procedimientos para que\u00a0se declare a Ecuador responsable, proceso que ya se ventila en ese tribunal. Mientras M\u00e9xico acusa a Ecuador de\u00a0romper la inviolabilidad de sus sedes diplom\u00e1ticas, el Gobierno ecuatoriano sostiene que el Ejecutivo mexicano transgredi\u00f3 el derecho internacional al\u00a0interferir en asuntos internos, abusar de la inmunidad diplom\u00e1tica y violar las normas de asilo que\u00a0impiden dar ese beneficio a personas condenadas por tribunales ordinarios y procesadas por delitos comunes.<\/p>\n","protected":false},"author":1,"featured_media":17239,"comment_status":"open","ping_status":"open","sticky":false,"template":"","format":"standard","meta":{"footnotes":""},"categories":[268],"tags":[],"class_list":["post-17238","post","type-post","status-publish","format-standard","has-post-thumbnail","hentry","category-nacionales"],"_links":{"self":[{"href":"https:\/\/www.elamazonico.com\/portal\/wp-json\/wp\/v2\/posts\/17238","targetHints":{"allow":["GET"]}}],"collection":[{"href":"https:\/\/www.elamazonico.com\/portal\/wp-json\/wp\/v2\/posts"}],"about":[{"href":"https:\/\/www.elamazonico.com\/portal\/wp-json\/wp\/v2\/types\/post"}],"author":[{"embeddable":true,"href":"https:\/\/www.elamazonico.com\/portal\/wp-json\/wp\/v2\/users\/1"}],"replies":[{"embeddable":true,"href":"https:\/\/www.elamazonico.com\/portal\/wp-json\/wp\/v2\/comments?post=17238"}],"version-history":[{"count":1,"href":"https:\/\/www.elamazonico.com\/portal\/wp-json\/wp\/v2\/posts\/17238\/revisions"}],"predecessor-version":[{"id":17240,"href":"https:\/\/www.elamazonico.com\/portal\/wp-json\/wp\/v2\/posts\/17238\/revisions\/17240"}],"wp:featuredmedia":[{"embeddable":true,"href":"https:\/\/www.elamazonico.com\/portal\/wp-json\/wp\/v2\/media\/17239"}],"wp:attachment":[{"href":"https:\/\/www.elamazonico.com\/portal\/wp-json\/wp\/v2\/media?parent=17238"}],"wp:term":[{"taxonomy":"category","embeddable":true,"href":"https:\/\/www.elamazonico.com\/portal\/wp-json\/wp\/v2\/categories?post=17238"},{"taxonomy":"post_tag","embeddable":true,"href":"https:\/\/www.elamazonico.com\/portal\/wp-json\/wp\/v2\/tags?post=17238"}],"curies":[{"name":"wp","href":"https:\/\/api.w.org\/{rel}","templated":true}]}}