{"id":17226,"date":"2024-07-02T16:34:06","date_gmt":"2024-07-02T21:34:06","guid":{"rendered":"https:\/\/www.elamazonico.com\/portal\/?p=17226"},"modified":"2024-07-02T16:34:06","modified_gmt":"2024-07-02T21:34:06","slug":"daniel-noboa-ordena-que-banecuador-perdone-creditos-en-coactiva-de-hasta-5-mil-dolares-quienes-pueden-aplicar","status":"publish","type":"post","link":"https:\/\/www.elamazonico.com\/portal\/daniel-noboa-ordena-que-banecuador-perdone-creditos-en-coactiva-de-hasta-5-mil-dolares-quienes-pueden-aplicar\/","title":{"rendered":"Daniel Noboa ordena que BanEcuador perdone cr\u00e9ditos en coactiva de hasta 5 mil d\u00f3lares: \u00bfQui\u00e9nes pueden aplicar?"},"content":{"rendered":"<p class=\"p_0\">El presidente\u00a0<b><a href=\"https:\/\/www.vistazo.com\/actualidad\/nacional\/daniel-noboa-ordena-que-mas-de-100-millones-de-dolares-para-pagos-y-atencion-salud-JA7570193\">Daniel Noboa\u00a0<\/a><\/b>dispuso a\u00a0<b>BanEcuador\u00a0<\/b>que\u00a0<b>perdone todos los cr\u00e9ditos coactivos de hasta 5.000 d\u00f3lares<\/b>, otorgados desde el 2016 hasta la fecha de expedici\u00f3n del Decreto Ejecutivo 317.<\/p>\n<p class=\"p_1\"><b>\u201cHe dado la disposici\u00f3n a BanEcuador que no te cobren m\u00e1s\u201d<\/b>, dijo el mandatario en un video publicado en redes sociales. Agreg\u00f3 que esta acci\u00f3n dar\u00e1 tranquilidad, alivio financiero y ayudar\u00e1 a la construcci\u00f3n de mejores d\u00edas.<\/p>\n<p class=\"p_2\">Se condonar\u00e1 cr\u00e9ditos coactivados\u00a0<b>en fase de apremio y calificados con riesgo \u2018E\u2019<\/b>. Adem\u00e1s, deben estar totalmente provisionados, y sin garant\u00edas reales para su ejecuci\u00f3n con montos de hasta cinco mil d\u00f3lares de saldo de capital, m\u00e1s sus intereses, otros costos, comisiones; y, que sean considerados irrecuperables.<\/p>\n<p>El decreto recalca que la implementaci\u00f3n e instrumentaci\u00f3n de esta medida\u00a0<b>ser\u00e1 aplicada a las operaciones registradas hasta la fecha de expedici\u00f3n del documento emitido<\/b>\u00a0por Daniel Noboa.<\/p>\n<p class=\"p_5\">La Gerencia General de BanEcuador tendr\u00e1 la responsabilidad de verificar documentalmente las condiciones espec\u00edficas exigidas para determinar que un cr\u00e9dito sea irrecuperable.<\/p>\n<p class=\"p_6\">Con esta acci\u00f3n,\u00a0<b>el Gobierno pretende beneficiar por lo menos a unos 7.000 deudores<\/b>.<\/p>\n<p class=\"p_7\">Por el momento, no se ha especificado cu\u00e1les son los pasos para que los interesados accedan a este beneficio.<\/p>\n<p class=\"p_8\"><b>No es la primera vez que BanEcador perdona deudas<\/b>. Tras el paro nacional de junio del 2022, ocurri\u00f3 algo parecido para personas que ten\u00edan saldos pendientes de hasta 3.000 d\u00f3lares del 1 de enero de 2020 y el 30 de junio de 2022. <strong>Fuente: Vistazo<\/strong><\/p>\n<p>https:\/\/twitter.com\/Presidencia_Ec\/status\/1808165746746229081<\/p>\n<p>&nbsp;<\/p>\n","protected":false},"excerpt":{"rendered":"<p>El presidente\u00a0Daniel Noboa\u00a0dispuso a\u00a0BanEcuador\u00a0que\u00a0perdone todos los cr\u00e9ditos coactivos de hasta 5.000 d\u00f3lares, otorgados desde el 2016 hasta la fecha de expedici\u00f3n del Decreto Ejecutivo 317. \u201cHe dado la disposici\u00f3n a BanEcuador que no te cobren m\u00e1s\u201d, dijo el mandatario en un video publicado en redes sociales. Agreg\u00f3 que esta acci\u00f3n dar\u00e1 tranquilidad, alivio financiero y ayudar\u00e1 a la construcci\u00f3n de mejores d\u00edas. Se condonar\u00e1 cr\u00e9ditos coactivados\u00a0en fase de apremio y calificados con riesgo \u2018E\u2019. Adem\u00e1s, deben estar totalmente provisionados, y sin garant\u00edas reales para su ejecuci\u00f3n con montos de hasta cinco mil d\u00f3lares de saldo de capital, m\u00e1s sus intereses, otros costos, comisiones; y, que sean considerados irrecuperables. El decreto recalca que la implementaci\u00f3n e instrumentaci\u00f3n de esta medida\u00a0ser\u00e1 aplicada a las operaciones registradas hasta la fecha de expedici\u00f3n del documento emitido\u00a0por Daniel Noboa. La Gerencia General de BanEcuador tendr\u00e1 la responsabilidad de verificar documentalmente las condiciones espec\u00edficas exigidas para determinar que un cr\u00e9dito sea irrecuperable. Con esta acci\u00f3n,\u00a0el Gobierno pretende beneficiar por lo menos a unos 7.000 deudores. Por el momento, no se ha especificado cu\u00e1les son los pasos para que los interesados accedan a este beneficio. No es la primera vez que BanEcador perdona deudas. Tras el paro nacional de junio del 2022, ocurri\u00f3 algo parecido para personas que ten\u00edan saldos pendientes de hasta 3.000 d\u00f3lares del 1 de enero de 2020 y el 30 de junio de 2022. Fuente: Vistazo https:\/\/twitter.com\/Presidencia_Ec\/status\/1808165746746229081 &nbsp;<\/p>\n","protected":false},"author":1,"featured_media":17227,"comment_status":"open","ping_status":"open","sticky":false,"template":"","format":"standard","meta":{"footnotes":""},"categories":[268],"tags":[],"class_list":["post-17226","post","type-post","status-publish","format-standard","has-post-thumbnail","hentry","category-nacionales"],"_links":{"self":[{"href":"https:\/\/www.elamazonico.com\/portal\/wp-json\/wp\/v2\/posts\/17226","targetHints":{"allow":["GET"]}}],"collection":[{"href":"https:\/\/www.elamazonico.com\/portal\/wp-json\/wp\/v2\/posts"}],"about":[{"href":"https:\/\/www.elamazonico.com\/portal\/wp-json\/wp\/v2\/types\/post"}],"author":[{"embeddable":true,"href":"https:\/\/www.elamazonico.com\/portal\/wp-json\/wp\/v2\/users\/1"}],"replies":[{"embeddable":true,"href":"https:\/\/www.elamazonico.com\/portal\/wp-json\/wp\/v2\/comments?post=17226"}],"version-history":[{"count":1,"href":"https:\/\/www.elamazonico.com\/portal\/wp-json\/wp\/v2\/posts\/17226\/revisions"}],"predecessor-version":[{"id":17228,"href":"https:\/\/www.elamazonico.com\/portal\/wp-json\/wp\/v2\/posts\/17226\/revisions\/17228"}],"wp:featuredmedia":[{"embeddable":true,"href":"https:\/\/www.elamazonico.com\/portal\/wp-json\/wp\/v2\/media\/17227"}],"wp:attachment":[{"href":"https:\/\/www.elamazonico.com\/portal\/wp-json\/wp\/v2\/media?parent=17226"}],"wp:term":[{"taxonomy":"category","embeddable":true,"href":"https:\/\/www.elamazonico.com\/portal\/wp-json\/wp\/v2\/categories?post=17226"},{"taxonomy":"post_tag","embeddable":true,"href":"https:\/\/www.elamazonico.com\/portal\/wp-json\/wp\/v2\/tags?post=17226"}],"curies":[{"name":"wp","href":"https:\/\/api.w.org\/{rel}","templated":true}]}}