{"id":17215,"date":"2024-07-02T16:31:33","date_gmt":"2024-07-02T21:31:33","guid":{"rendered":"https:\/\/www.elamazonico.com\/portal\/?p=17215"},"modified":"2024-07-02T16:31:44","modified_gmt":"2024-07-02T21:31:44","slug":"daniel-noboa-dispone-nuevo-estado-de-excepcion-para-seis-provincias-y-un-canton","status":"publish","type":"post","link":"https:\/\/www.elamazonico.com\/portal\/daniel-noboa-dispone-nuevo-estado-de-excepcion-para-seis-provincias-y-un-canton\/","title":{"rendered":"Daniel Noboa dispone nuevo estado de excepci\u00f3n para seis provincias y un cant\u00f3n"},"content":{"rendered":"<p class=\"p_0\">El presidente\u00a0<b><a href=\"https:\/\/www.vistazo.com\/actualidad\/nacional\/daniel-noboa-ordena-que-banecuador-perdone-creditos-en-coactiva-de-hasta-5-mil-dolares-quienes-pueden-aplicar-FJ7586171\">Daniel Noboa\u00a0<\/a><\/b>dispuso un nuevo\u00a0<b>estado de excepci\u00f3n focalizado\u00a0<\/b>en seis provincias y un cant\u00f3n de Azuay con el objetivo de seguir en la lucha contra el terrorismo.<\/p>\n<p class=\"p_1\">Las provincias que deber\u00e1n cumplir la medida son:\u00a0<b>Guayas, Los R\u00edos, Manab\u00ed, Orellana, Santa Elena y El Oro<\/b>. As\u00ed mismo, en el cant\u00f3n\u00a0<b>Camilo Ponce Enr\u00edquez<\/b>\u00a0de la provincia de Azuay.<\/p>\n<p class=\"p_2\">El mandatario<b>\u00a0argument\u00f3 grave conmoci\u00f3n interna y conflicto armado interno\u00a0<\/b>en el Decreto Ejecutivo N.\u00b0 318. Estar\u00e1 en vigencia durante 60 d\u00edas.<\/p>\n<p class=\"p_3\">La decisi\u00f3n llega luego de que el\u00a0<a href=\"https:\/\/www.vistazo.com\/politica\/nacional\/decreto-de-estado-de-excepcion-focalizado-es-declarado-inconstitucional-DC7488036\">pasado 14 de junio<\/a>, la Corte Constitucional declarara que el Decreto Ejecutivo 275, con el que Daniel Noboa pretend\u00eda iniciar\u00a0<b>\u201cla segunda fase de la guerra\u201d,\u00a0<\/b>fue\u00a0<b>declarado inconstitucional<\/b>\u00a0porque no cumpl\u00eda los par\u00e1metros establecidos.<\/p>\n<p class=\"p_5\">Los magistrados mencionaron que los hechos descritos en aquel documento\u00a0<b>no configuran espec\u00edficamente la causal\u00a0<\/b>de conflicto armado interno.<\/p>\n<p class=\"p_6\">Sin embargo, para esta tercera ocasi\u00f3n que se invoca el estado de excepci\u00f3n, Noboa cont\u00f3 con el respaldo de la<b>\u00a0Asociaci\u00f3n Mundial de Juristas (WJA, por sus siglas en ingl\u00e9s)<\/b>, instituci\u00f3n que -en su calidad de observadora jur\u00eddica- elabor\u00f3 un informe que concluy\u00f3 que el documento se ajusta al marco constitucional.<\/p>\n<p class=\"p_7\">\u201cCon esta decisi\u00f3n, el presidente Noboa fortalecer\u00e1 las estrategias de lucha contra el crimen organizado y el terrorismo, precautelando el bienestar y la seguridad ciudadana de todo el pa\u00eds, especialmente en estos sectores\u201d, reza un comunicado de la Presidencia. <strong>Fuente: Vistazo<\/strong><\/p>\n<p>https:\/\/twitter.com\/Presidencia_Ec\/status\/1808224585290027504<\/p>\n<p>&nbsp;<\/p>\n","protected":false},"excerpt":{"rendered":"<p>El presidente\u00a0Daniel Noboa\u00a0dispuso un nuevo\u00a0estado de excepci\u00f3n focalizado\u00a0en seis provincias y un cant\u00f3n de Azuay con el objetivo de seguir en la lucha contra el terrorismo. Las provincias que deber\u00e1n cumplir la medida son:\u00a0Guayas, Los R\u00edos, Manab\u00ed, Orellana, Santa Elena y El Oro. As\u00ed mismo, en el cant\u00f3n\u00a0Camilo Ponce Enr\u00edquez\u00a0de la provincia de Azuay. El mandatario\u00a0argument\u00f3 grave conmoci\u00f3n interna y conflicto armado interno\u00a0en el Decreto Ejecutivo N.\u00b0 318. Estar\u00e1 en vigencia durante 60 d\u00edas. La decisi\u00f3n llega luego de que el\u00a0pasado 14 de junio, la Corte Constitucional declarara que el Decreto Ejecutivo 275, con el que Daniel Noboa pretend\u00eda iniciar\u00a0\u201cla segunda fase de la guerra\u201d,\u00a0fue\u00a0declarado inconstitucional\u00a0porque no cumpl\u00eda los par\u00e1metros establecidos. Los magistrados mencionaron que los hechos descritos en aquel documento\u00a0no configuran espec\u00edficamente la causal\u00a0de conflicto armado interno. Sin embargo, para esta tercera ocasi\u00f3n que se invoca el estado de excepci\u00f3n, Noboa cont\u00f3 con el respaldo de la\u00a0Asociaci\u00f3n Mundial de Juristas (WJA, por sus siglas en ingl\u00e9s), instituci\u00f3n que -en su calidad de observadora jur\u00eddica- elabor\u00f3 un informe que concluy\u00f3 que el documento se ajusta al marco constitucional. \u201cCon esta decisi\u00f3n, el presidente Noboa fortalecer\u00e1 las estrategias de lucha contra el crimen organizado y el terrorismo, precautelando el bienestar y la seguridad ciudadana de todo el pa\u00eds, especialmente en estos sectores\u201d, reza un comunicado de la Presidencia. Fuente: Vistazo https:\/\/twitter.com\/Presidencia_Ec\/status\/1808224585290027504 &nbsp;<\/p>\n","protected":false},"author":1,"featured_media":17224,"comment_status":"open","ping_status":"open","sticky":false,"template":"","format":"standard","meta":{"footnotes":""},"categories":[268],"tags":[],"class_list":["post-17215","post","type-post","status-publish","format-standard","has-post-thumbnail","hentry","category-nacionales"],"_links":{"self":[{"href":"https:\/\/www.elamazonico.com\/portal\/wp-json\/wp\/v2\/posts\/17215","targetHints":{"allow":["GET"]}}],"collection":[{"href":"https:\/\/www.elamazonico.com\/portal\/wp-json\/wp\/v2\/posts"}],"about":[{"href":"https:\/\/www.elamazonico.com\/portal\/wp-json\/wp\/v2\/types\/post"}],"author":[{"embeddable":true,"href":"https:\/\/www.elamazonico.com\/portal\/wp-json\/wp\/v2\/users\/1"}],"replies":[{"embeddable":true,"href":"https:\/\/www.elamazonico.com\/portal\/wp-json\/wp\/v2\/comments?post=17215"}],"version-history":[{"count":1,"href":"https:\/\/www.elamazonico.com\/portal\/wp-json\/wp\/v2\/posts\/17215\/revisions"}],"predecessor-version":[{"id":17225,"href":"https:\/\/www.elamazonico.com\/portal\/wp-json\/wp\/v2\/posts\/17215\/revisions\/17225"}],"wp:featuredmedia":[{"embeddable":true,"href":"https:\/\/www.elamazonico.com\/portal\/wp-json\/wp\/v2\/media\/17224"}],"wp:attachment":[{"href":"https:\/\/www.elamazonico.com\/portal\/wp-json\/wp\/v2\/media?parent=17215"}],"wp:term":[{"taxonomy":"category","embeddable":true,"href":"https:\/\/www.elamazonico.com\/portal\/wp-json\/wp\/v2\/categories?post=17215"},{"taxonomy":"post_tag","embeddable":true,"href":"https:\/\/www.elamazonico.com\/portal\/wp-json\/wp\/v2\/tags?post=17215"}],"curies":[{"name":"wp","href":"https:\/\/api.w.org\/{rel}","templated":true}]}}