{"id":17197,"date":"2024-06-28T12:28:33","date_gmt":"2024-06-28T17:28:33","guid":{"rendered":"https:\/\/www.elamazonico.com\/portal\/?p=17197"},"modified":"2024-06-28T12:28:33","modified_gmt":"2024-06-28T17:28:33","slug":"ana-galarza-acusa-a-adn-y-correismo-de-encubrir-autores-intelectuales-del-asesinato-de-villavicencio","status":"publish","type":"post","link":"https:\/\/www.elamazonico.com\/portal\/ana-galarza-acusa-a-adn-y-correismo-de-encubrir-autores-intelectuales-del-asesinato-de-villavicencio\/","title":{"rendered":"Ana Galarza acusa a ADN y corre\u00edsmo de encubrir autores intelectuales del asesinato de Villavicencio"},"content":{"rendered":"<p>La asamble\u00edsta de Construye, Ana Galarza, afirm\u00f3 que ADN y el corre\u00edsmo se han unido para encubrir a los autores intelectuales del asesinato del candidato presidencial Fernando Villavicencio. Durante una entrevista en Teleamazonas el viernes 28 de junio de 2024, Galarza asegur\u00f3 que \u00abera una motivaci\u00f3n pol\u00edtica porque Fernando hab\u00eda denunciado a la narcopol\u00edtica\u00bb.<\/p>\n<p>Galarza explic\u00f3 que el informe de minor\u00eda de la Comisi\u00f3n Ocasional que investiga el caso determin\u00f3 que el crimen ten\u00eda motivaciones pol\u00edticas. Sin embargo, se present\u00f3 y vot\u00f3 un informe de mayor\u00eda que calificaba la muerte de Villavicencio como un hecho de delincuencia com\u00fan.<\/p>\n<p>La asamble\u00edsta insisti\u00f3 en que hay una alianza entre ADN y el corre\u00edsmo para encubrir el crimen, similar a lo ocurrido en el pasado con Gabela, quien denunci\u00f3 la compra irregular de helic\u00f3pteros Dhruv. \u00abYo no entiendo por qu\u00e9 ADN se une al corre\u00edsmo y quiere causar una injusticia en el caso de Fernando\u00bb, se\u00f1al\u00f3 Galarza.<\/p>\n<p>Adelant\u00f3 que es probable que se apruebe el informe de mayor\u00eda para desviar la atenci\u00f3n de las denuncias que Villavicencio realiz\u00f3 y presentar su muerte como un caso de delincuencia com\u00fan. Galarza enfatiz\u00f3 que su bancada votar\u00e1 por el informe de minor\u00eda, que considera revela la verdad sobre el asesinato. Adem\u00e1s, pidi\u00f3 a ADN reconsiderar su posici\u00f3n y no encubrir a los responsables intelectuales del crimen.<\/p>\n<p>En cuanto a declaraciones del viceministro de Gobierno, Esteban Torres, y la legisladora oficialista Valentina Centeno, Galarza las desestim\u00f3 como especulaciones. Torres hab\u00eda afirmado que la Asamblea planeaba declarar \u2018loco\u2019 al presidente Daniel Noboa, lo cual Galarza calific\u00f3 de \u00abdelirio\u00bb. \u00abEl pa\u00eds no tiene tiempo para estar perdiendo aclarando lo que est\u00e1 imagin\u00e1ndose el Viceministro o la Asamble\u00edsta\u00bb, concluy\u00f3.<\/p>\n","protected":false},"excerpt":{"rendered":"<p>La asamble\u00edsta de Construye, Ana Galarza, afirm\u00f3 que ADN y el corre\u00edsmo se han unido para encubrir a los autores intelectuales del asesinato del candidato presidencial Fernando Villavicencio. Durante una entrevista en Teleamazonas el viernes 28 de junio de 2024, Galarza asegur\u00f3 que \u00abera una motivaci\u00f3n pol\u00edtica porque Fernando hab\u00eda denunciado a la narcopol\u00edtica\u00bb. Galarza explic\u00f3 que el informe de minor\u00eda de la Comisi\u00f3n Ocasional que investiga el caso determin\u00f3 que el crimen ten\u00eda motivaciones pol\u00edticas. Sin embargo, se present\u00f3 y vot\u00f3 un informe de mayor\u00eda que calificaba la muerte de Villavicencio como un hecho de delincuencia com\u00fan. La asamble\u00edsta insisti\u00f3 en que hay una alianza entre ADN y el corre\u00edsmo para encubrir el crimen, similar a lo ocurrido en el pasado con Gabela, quien denunci\u00f3 la compra irregular de helic\u00f3pteros Dhruv. \u00abYo no entiendo por qu\u00e9 ADN se une al corre\u00edsmo y quiere causar una injusticia en el caso de Fernando\u00bb, se\u00f1al\u00f3 Galarza. Adelant\u00f3 que es probable que se apruebe el informe de mayor\u00eda para desviar la atenci\u00f3n de las denuncias que Villavicencio realiz\u00f3 y presentar su muerte como un caso de delincuencia com\u00fan. Galarza enfatiz\u00f3 que su bancada votar\u00e1 por el informe de minor\u00eda, que considera revela la verdad sobre el asesinato. Adem\u00e1s, pidi\u00f3 a ADN reconsiderar su posici\u00f3n y no encubrir a los responsables intelectuales del crimen. En cuanto a declaraciones del viceministro de Gobierno, Esteban Torres, y la legisladora oficialista Valentina Centeno, Galarza las desestim\u00f3 como especulaciones. Torres hab\u00eda afirmado que la Asamblea planeaba declarar \u2018loco\u2019 al presidente Daniel Noboa, lo cual Galarza calific\u00f3 de \u00abdelirio\u00bb. \u00abEl pa\u00eds no tiene tiempo para estar perdiendo aclarando lo que est\u00e1 imagin\u00e1ndose el Viceministro o la Asamble\u00edsta\u00bb, concluy\u00f3.<\/p>\n","protected":false},"author":1,"featured_media":17198,"comment_status":"open","ping_status":"open","sticky":false,"template":"","format":"standard","meta":{"footnotes":""},"categories":[268],"tags":[],"class_list":["post-17197","post","type-post","status-publish","format-standard","has-post-thumbnail","hentry","category-nacionales"],"_links":{"self":[{"href":"https:\/\/www.elamazonico.com\/portal\/wp-json\/wp\/v2\/posts\/17197","targetHints":{"allow":["GET"]}}],"collection":[{"href":"https:\/\/www.elamazonico.com\/portal\/wp-json\/wp\/v2\/posts"}],"about":[{"href":"https:\/\/www.elamazonico.com\/portal\/wp-json\/wp\/v2\/types\/post"}],"author":[{"embeddable":true,"href":"https:\/\/www.elamazonico.com\/portal\/wp-json\/wp\/v2\/users\/1"}],"replies":[{"embeddable":true,"href":"https:\/\/www.elamazonico.com\/portal\/wp-json\/wp\/v2\/comments?post=17197"}],"version-history":[{"count":1,"href":"https:\/\/www.elamazonico.com\/portal\/wp-json\/wp\/v2\/posts\/17197\/revisions"}],"predecessor-version":[{"id":17199,"href":"https:\/\/www.elamazonico.com\/portal\/wp-json\/wp\/v2\/posts\/17197\/revisions\/17199"}],"wp:featuredmedia":[{"embeddable":true,"href":"https:\/\/www.elamazonico.com\/portal\/wp-json\/wp\/v2\/media\/17198"}],"wp:attachment":[{"href":"https:\/\/www.elamazonico.com\/portal\/wp-json\/wp\/v2\/media?parent=17197"}],"wp:term":[{"taxonomy":"category","embeddable":true,"href":"https:\/\/www.elamazonico.com\/portal\/wp-json\/wp\/v2\/categories?post=17197"},{"taxonomy":"post_tag","embeddable":true,"href":"https:\/\/www.elamazonico.com\/portal\/wp-json\/wp\/v2\/tags?post=17197"}],"curies":[{"name":"wp","href":"https:\/\/api.w.org\/{rel}","templated":true}]}}