{"id":17194,"date":"2024-06-28T12:05:09","date_gmt":"2024-06-28T17:05:09","guid":{"rendered":"https:\/\/www.elamazonico.com\/portal\/?p=17194"},"modified":"2024-06-28T12:05:09","modified_gmt":"2024-06-28T17:05:09","slug":"no-me-voy-deportada-alondra-santiago-sale-del-ecuador","status":"publish","type":"post","link":"https:\/\/www.elamazonico.com\/portal\/no-me-voy-deportada-alondra-santiago-sale-del-ecuador\/","title":{"rendered":"\u2018No me voy deportada\u2019: Alondra Santiago sale del Ecuador"},"content":{"rendered":"<p>La periodista Alondra Santiago ha salido del Ecuador luego de que la Canciller\u00eda le revocara la visa de amparo, el 25 de junio. As\u00ed lo anunci\u00f3 en un video compartido por su abogado en su cuenta de X, la ma\u00f1ana de este 28 de junio de 2024.<\/p>\n<p>Junto a sus abogados ha interpuesto una acci\u00f3n de protecci\u00f3n para intentar frenar la extradici\u00f3n, cuyo plazo vence este s\u00e1bado. Sin embargo, la periodista cubana insisti\u00f3 en que \u00abno me voy deportada, me voy antes, de forma legal\u00ab.<\/p>\n<p>\u00abMe quieren silenciar. Mi integridad f\u00edsica, emocional y mental est\u00e1n comprometidas. Hoy mi vida corre peligro por un abusivo del poder\u00bb, dijo en un clip de 02:06 minutos.<\/p>\n<p>Seg\u00fan Santiago, personas allegadas al Gobierno le han recomendado \u00abponerse a buen recaudo\u00bb porque \u00abno parar\u00e1n hasta terminar con mi voz\u00bb.<\/p>\n<p>Por ahora conf\u00eda en que la justicia falle a su favor en la acci\u00f3n de protecci\u00f3n presentada junto a sus abogados. Pero tambi\u00e9n insisti\u00f3 en que no conf\u00eda en \u00abun Gobierno que es capaz de manipular informaci\u00f3n e inventarla para alejarme de la vida que he construido en Ecuador desde hace 19 a\u00f1os\u00bb.<\/p>\n<p>En redes sociales se ha difundido un video de Santiago en el aeropuerto de Quito. Se trata de un clip de 11 segundos donde se la ve vestida con pantal\u00f3n rosado a punto de entregar su equipaje para viajar.<\/p>\n<p>La periodista cubana advirti\u00f3 que la revocatoria de su visa y orden de deportaci\u00f3n es \u00abporque una mujer periodista le dijo las verdades (a Daniel Noboa), porque una canci\u00f3n le molest\u00f3, porque evidenci\u00e9 sus incompetencias, violencias y arbitrariedades\u00bb.<\/p>\n<p>Santiago ha sido criticada en los \u00faltimos d\u00edas por difundir en su programa digital una canci\u00f3n de cr\u00edtica al Gobierno utilizando un fragmento del Himno Nacional.En su segmento la canci\u00f3n de la semana present\u00f3 \u00ab\u00a1Salve, oh patria!\u00bb que inicia precisamente de esa manera. Aunque luego sigue con \u00abeste es nuestro Himno, pero el Presidente no puede ni cantarlo y ni siquiera se lo aprende, solo le interesa lucir m\u00e1s alto, pero para gobernar no le alcanzan los zapatos\u00ab.<\/p>\n<p>Luego hace referencia a la creciente ola de inseguridad y a la pol\u00e9mica de Lavinia Valbonesi y el proyecto inmobiliario en Ol\u00f3n. Tambi\u00e9n menciona a la vicepresidenta, Ver\u00f3nica Abad, quien \u00abno existe para este Gobierno nefasto\u00ab.<\/p>\n<p>Su abogado Carlos Soria confirm\u00f3, en una entrevista en el programa Primera Plana, que la periodista cubana ha abandonado el pa\u00eds en las \u00faltimas horas. Sin embargo, seg\u00fan Soria, se trata de un viaje a un foro internacional.<\/p>\n<p>\u00abEs mejor que ella se ponga a buen recaudo, porque no solo est\u00e1 en juego su estatus migratorio, est\u00e1 en juego su seguridad propia y la de su familia\u00bb, dijo Soria. E insisti\u00f3 en que a\u00fan esperan que la jueza conozca la medida cautelar presentada \u00aby ponga un freno\u00bb a la revocatoria de la visa de Santiago.<\/p>\n<p>Santiago es una periodista y actriz de 33 a\u00f1os. Naci\u00f3 en Cuba y lleg\u00f3 a Ecuador cuando ten\u00eda 13 a\u00f1os. En 2016 le otorgaron la visa de amparo porque su madre es ecuatoriana.<\/p>\n","protected":false},"excerpt":{"rendered":"<p>La periodista Alondra Santiago ha salido del Ecuador luego de que la Canciller\u00eda le revocara la visa de amparo, el 25 de junio. As\u00ed lo anunci\u00f3 en un video compartido por su abogado en su cuenta de X, la ma\u00f1ana de este 28 de junio de 2024. Junto a sus abogados ha interpuesto una acci\u00f3n de protecci\u00f3n para intentar frenar la extradici\u00f3n, cuyo plazo vence este s\u00e1bado. Sin embargo, la periodista cubana insisti\u00f3 en que \u00abno me voy deportada, me voy antes, de forma legal\u00ab. \u00abMe quieren silenciar. Mi integridad f\u00edsica, emocional y mental est\u00e1n comprometidas. Hoy mi vida corre peligro por un abusivo del poder\u00bb, dijo en un clip de 02:06 minutos. Seg\u00fan Santiago, personas allegadas al Gobierno le han recomendado \u00abponerse a buen recaudo\u00bb porque \u00abno parar\u00e1n hasta terminar con mi voz\u00bb. Por ahora conf\u00eda en que la justicia falle a su favor en la acci\u00f3n de protecci\u00f3n presentada junto a sus abogados. Pero tambi\u00e9n insisti\u00f3 en que no conf\u00eda en \u00abun Gobierno que es capaz de manipular informaci\u00f3n e inventarla para alejarme de la vida que he construido en Ecuador desde hace 19 a\u00f1os\u00bb. En redes sociales se ha difundido un video de Santiago en el aeropuerto de Quito. Se trata de un clip de 11 segundos donde se la ve vestida con pantal\u00f3n rosado a punto de entregar su equipaje para viajar. La periodista cubana advirti\u00f3 que la revocatoria de su visa y orden de deportaci\u00f3n es \u00abporque una mujer periodista le dijo las verdades (a Daniel Noboa), porque una canci\u00f3n le molest\u00f3, porque evidenci\u00e9 sus incompetencias, violencias y arbitrariedades\u00bb. Santiago ha sido criticada en los \u00faltimos d\u00edas por difundir en su programa digital una canci\u00f3n de cr\u00edtica al Gobierno utilizando un fragmento del Himno Nacional.En su segmento la canci\u00f3n de la semana present\u00f3 \u00ab\u00a1Salve, oh patria!\u00bb que inicia precisamente de esa manera. Aunque luego sigue con \u00abeste es nuestro Himno, pero el Presidente no puede ni cantarlo y ni siquiera se lo aprende, solo le interesa lucir m\u00e1s alto, pero para gobernar no le alcanzan los zapatos\u00ab. Luego hace referencia a la creciente ola de inseguridad y a la pol\u00e9mica de Lavinia Valbonesi y el proyecto inmobiliario en Ol\u00f3n. Tambi\u00e9n menciona a la vicepresidenta, Ver\u00f3nica Abad, quien \u00abno existe para este Gobierno nefasto\u00ab. Su abogado Carlos Soria confirm\u00f3, en una entrevista en el programa Primera Plana, que la periodista cubana ha abandonado el pa\u00eds en las \u00faltimas horas. Sin embargo, seg\u00fan Soria, se trata de un viaje a un foro internacional. \u00abEs mejor que ella se ponga a buen recaudo, porque no solo est\u00e1 en juego su estatus migratorio, est\u00e1 en juego su seguridad propia y la de su familia\u00bb, dijo Soria. E insisti\u00f3 en que a\u00fan esperan que la jueza conozca la medida cautelar presentada \u00aby ponga un freno\u00bb a la revocatoria de la visa de Santiago. Santiago es una periodista y actriz de 33 a\u00f1os. Naci\u00f3 en Cuba y lleg\u00f3 a Ecuador cuando ten\u00eda 13 a\u00f1os. En 2016 le otorgaron la visa de amparo porque su madre es ecuatoriana.<\/p>\n","protected":false},"author":1,"featured_media":17195,"comment_status":"open","ping_status":"open","sticky":false,"template":"","format":"standard","meta":{"footnotes":""},"categories":[268],"tags":[],"class_list":["post-17194","post","type-post","status-publish","format-standard","has-post-thumbnail","hentry","category-nacionales"],"_links":{"self":[{"href":"https:\/\/www.elamazonico.com\/portal\/wp-json\/wp\/v2\/posts\/17194","targetHints":{"allow":["GET"]}}],"collection":[{"href":"https:\/\/www.elamazonico.com\/portal\/wp-json\/wp\/v2\/posts"}],"about":[{"href":"https:\/\/www.elamazonico.com\/portal\/wp-json\/wp\/v2\/types\/post"}],"author":[{"embeddable":true,"href":"https:\/\/www.elamazonico.com\/portal\/wp-json\/wp\/v2\/users\/1"}],"replies":[{"embeddable":true,"href":"https:\/\/www.elamazonico.com\/portal\/wp-json\/wp\/v2\/comments?post=17194"}],"version-history":[{"count":1,"href":"https:\/\/www.elamazonico.com\/portal\/wp-json\/wp\/v2\/posts\/17194\/revisions"}],"predecessor-version":[{"id":17196,"href":"https:\/\/www.elamazonico.com\/portal\/wp-json\/wp\/v2\/posts\/17194\/revisions\/17196"}],"wp:featuredmedia":[{"embeddable":true,"href":"https:\/\/www.elamazonico.com\/portal\/wp-json\/wp\/v2\/media\/17195"}],"wp:attachment":[{"href":"https:\/\/www.elamazonico.com\/portal\/wp-json\/wp\/v2\/media?parent=17194"}],"wp:term":[{"taxonomy":"category","embeddable":true,"href":"https:\/\/www.elamazonico.com\/portal\/wp-json\/wp\/v2\/categories?post=17194"},{"taxonomy":"post_tag","embeddable":true,"href":"https:\/\/www.elamazonico.com\/portal\/wp-json\/wp\/v2\/tags?post=17194"}],"curies":[{"name":"wp","href":"https:\/\/api.w.org\/{rel}","templated":true}]}}