{"id":17191,"date":"2024-06-28T12:04:06","date_gmt":"2024-06-28T17:04:06","guid":{"rendered":"https:\/\/www.elamazonico.com\/portal\/?p=17191"},"modified":"2024-06-28T12:04:06","modified_gmt":"2024-06-28T17:04:06","slug":"tce-archiva-nuevamente-denuncia-en-contra-de-daniel-noboa","status":"publish","type":"post","link":"https:\/\/www.elamazonico.com\/portal\/tce-archiva-nuevamente-denuncia-en-contra-de-daniel-noboa\/","title":{"rendered":"TCE archiva nuevamente denuncia en contra de Daniel Noboa"},"content":{"rendered":"<h5 class=\"wp-block-heading\">Esta denuncia no super\u00f3 la fase de admisibilidad y fue archivada por el juez electoral \u00c1ngel Torres.<\/h5>\n<p><a href=\"https:\/\/www.radiopichincha.com\/juez-angel-torres-asegura-que-no-ha-conversado-ni-recibido-presiones-de-daniel-noboa\/\" target=\"_blank\" rel=\"noreferrer noopener\">\u00c1ngel Torres Maldonado, juez del Tribunal Contencioso Electoral (TCE),<\/a>\u00a0archiv\u00f3 nuevamente la denuncia presentada en contra del Presidente de la Rep\u00fablica, Daniel Noboa, por una supuesta infracci\u00f3n electoral.<\/p>\n<p>Para el magistrado, esta denuncia no super\u00f3 la fase de admisibilidad, al no cumplir con los requisitos necesarios, los cuales no son susceptibles de subsanaci\u00f3n.<\/p>\n<blockquote class=\"wp-block-quote is-layout-flow wp-block-quote-is-layout-flow\"><p>Adem\u00e1s, asever\u00f3 que \u201cla denuncia permaneci\u00f3 oscura y ambigua al no haberse precisado cu\u00e1l es la infracci\u00f3n que, a criterio del denunciante, habr\u00eda cometido el denunciado\u201d.<\/p><\/blockquote>\n<figure id=\"attachment_395145\" class=\"wp-block-image\"><img decoding=\"async\" class=\"wp-image-395145\" src=\"https:\/\/www.radiopichincha.com\/wp-content\/uploads\/2024\/06\/CAPTURA-DOCUMENTO-ARCHIVO-DE-DEMANDA-CONTRA-NOBOA-EN-EL-TCE-300x262.png\" alt=\"\" \/><\/figure>\n","protected":false},"excerpt":{"rendered":"<p>Esta denuncia no super\u00f3 la fase de admisibilidad y fue archivada por el juez electoral \u00c1ngel Torres. \u00c1ngel Torres Maldonado, juez del Tribunal Contencioso Electoral (TCE),\u00a0archiv\u00f3 nuevamente la denuncia presentada en contra del Presidente de la Rep\u00fablica, Daniel Noboa, por una supuesta infracci\u00f3n electoral. Para el magistrado, esta denuncia no super\u00f3 la fase de admisibilidad, al no cumplir con los requisitos necesarios, los cuales no son susceptibles de subsanaci\u00f3n. Adem\u00e1s, asever\u00f3 que \u201cla denuncia permaneci\u00f3 oscura y ambigua al no haberse precisado cu\u00e1l es la infracci\u00f3n que, a criterio del denunciante, habr\u00eda cometido el denunciado\u201d.<\/p>\n","protected":false},"author":1,"featured_media":17192,"comment_status":"open","ping_status":"open","sticky":false,"template":"","format":"standard","meta":{"footnotes":""},"categories":[268],"tags":[],"class_list":["post-17191","post","type-post","status-publish","format-standard","has-post-thumbnail","hentry","category-nacionales"],"_links":{"self":[{"href":"https:\/\/www.elamazonico.com\/portal\/wp-json\/wp\/v2\/posts\/17191","targetHints":{"allow":["GET"]}}],"collection":[{"href":"https:\/\/www.elamazonico.com\/portal\/wp-json\/wp\/v2\/posts"}],"about":[{"href":"https:\/\/www.elamazonico.com\/portal\/wp-json\/wp\/v2\/types\/post"}],"author":[{"embeddable":true,"href":"https:\/\/www.elamazonico.com\/portal\/wp-json\/wp\/v2\/users\/1"}],"replies":[{"embeddable":true,"href":"https:\/\/www.elamazonico.com\/portal\/wp-json\/wp\/v2\/comments?post=17191"}],"version-history":[{"count":1,"href":"https:\/\/www.elamazonico.com\/portal\/wp-json\/wp\/v2\/posts\/17191\/revisions"}],"predecessor-version":[{"id":17193,"href":"https:\/\/www.elamazonico.com\/portal\/wp-json\/wp\/v2\/posts\/17191\/revisions\/17193"}],"wp:featuredmedia":[{"embeddable":true,"href":"https:\/\/www.elamazonico.com\/portal\/wp-json\/wp\/v2\/media\/17192"}],"wp:attachment":[{"href":"https:\/\/www.elamazonico.com\/portal\/wp-json\/wp\/v2\/media?parent=17191"}],"wp:term":[{"taxonomy":"category","embeddable":true,"href":"https:\/\/www.elamazonico.com\/portal\/wp-json\/wp\/v2\/categories?post=17191"},{"taxonomy":"post_tag","embeddable":true,"href":"https:\/\/www.elamazonico.com\/portal\/wp-json\/wp\/v2\/tags?post=17191"}],"curies":[{"name":"wp","href":"https:\/\/api.w.org\/{rel}","templated":true}]}}