{"id":17166,"date":"2024-06-27T12:01:14","date_gmt":"2024-06-27T17:01:14","guid":{"rendered":"https:\/\/www.elamazonico.com\/portal\/?p=17166"},"modified":"2024-06-27T12:01:14","modified_gmt":"2024-06-27T17:01:14","slug":"ricardo-morales-vela-es-el-nuevo-defensor-publico","status":"publish","type":"post","link":"https:\/\/www.elamazonico.com\/portal\/ricardo-morales-vela-es-el-nuevo-defensor-publico\/","title":{"rendered":"Ricardo Morales Vela es el nuevo Defensor P\u00fablico"},"content":{"rendered":"<p>El Pleno del Consejo de Participaci\u00f3n Ciudadana y Control Social (CPCCS) resolvi\u00f3 designar a Ricardo Morales como el nuevo Defensor P\u00fablico.<\/p>\n<p><img decoding=\"async\" src=\"https:\/\/www.eltelegrafo.com.ec\/images\/Fotos_ElTelegrafo\/captura_de_pantalla_2024-06-27_a_las_10.07.55.png?ver=1719501124690\" alt=\"\" \/>Ricardo Wladimir Morales Vela\u00a0<strong>fue designado como el nuevo titular de la Defensor\u00eda P\u00fablica<\/strong>. Morales fue el postulante\u00a0<strong>mejor puntuado,<\/strong>\u00a0detalla el comunicado emitido por el Consejo de Participaci\u00f3n Ciudadana y Control Social (Cpccs) la noche del mi\u00e9rcoles, 26 de junio de 2024.<\/p>\n<div class=\"google-auto-placed ap_container\"><ins class=\"adsbygoogle adsbygoogle-noablate\" data-ad-format=\"auto\" data-ad-client=\"ca-pub-4257119852434871\" data-adsbygoogle-status=\"done\" data-ad-status=\"unfilled\"><\/p>\n<div id=\"aswift_2_host\"><iframe id=\"aswift_2\" tabindex=\"0\" title=\"Advertisement\" src=\"https:\/\/googleads.g.doubleclick.net\/pagead\/ads?gdpr=0&amp;client=ca-pub-4257119852434871&amp;output=html&amp;h=280&amp;adk=3483699563&amp;adf=2921504113&amp;w=736&amp;abgtt=6&amp;fwrn=4&amp;fwrnh=100&amp;lmt=1719507105&amp;num_ads=1&amp;rafmt=1&amp;armr=3&amp;sem=mc&amp;pwprc=2102549152&amp;ad_type=text_image&amp;format=736x280&amp;url=https%3A%2F%2Fwww.eltelegrafo.com.ec%2Fnoticias%2Fnacionales%2F44%2Fricardo-morales-vela-es-el-nuevo-defensor-publico&amp;fwr=0&amp;pra=3&amp;rh=184&amp;rw=736&amp;rpe=1&amp;resp_fmts=3&amp;wgl=1&amp;fa=27&amp;uach=WyJXaW5kb3dzIiwiMTAuMC4wIiwieDg2IiwiIiwiMTI2LjAuNjQ3OC4xMjciLG51bGwsMCxudWxsLCI2NCIsW1siTm90L0EpQnJhbmQiLCI4LjAuMC4wIl0sWyJDaHJvbWl1bSIsIjEyNi4wLjY0NzguMTI3Il0sWyJHb29nbGUgQ2hyb21lIiwiMTI2LjAuNjQ3OC4xMjciXV0sMF0.&amp;dt=1719507105205&amp;bpp=1&amp;bdt=1534&amp;idt=-M&amp;shv=r20240618&amp;mjsv=m202406240101&amp;ptt=9&amp;saldr=aa&amp;abxe=1&amp;cookie=ID%3Dc675d65f6010cfd6%3AT%3D1704198640%3ART%3D1719507092%3AS%3DALNI_MaFrIPuhRVihFLFNIoqCCF0nhWK5g&amp;gpic=UID%3D000009facd65c44e%3AT%3D1692271407%3ART%3D1719507092%3AS%3DALNI_MZ0pGfKCAQPlBvqqUB4blQH1-CLbg&amp;eo_id_str=ID%3D1826b25d1a4d499f%3AT%3D1708446896%3ART%3D1719507092%3AS%3DAA-Afja20nFLkOr5wUUO7l9ILtK_&amp;prev_fmts=0x0%2C356x280&amp;nras=3&amp;correlator=4351469999159&amp;frm=20&amp;pv=1&amp;ga_vid=1155168741.1634674297&amp;ga_sid=1719507105&amp;ga_hid=1948736951&amp;ga_fc=1&amp;u_tz=-300&amp;u_his=3&amp;u_h=768&amp;u_w=1366&amp;u_ah=728&amp;u_aw=1366&amp;u_cd=24&amp;u_sd=1&amp;dmc=8&amp;adx=129&amp;ady=1637&amp;biw=1349&amp;bih=607&amp;scr_x=0&amp;scr_y=296&amp;eid=44759837%2C31084788%2C44795921%2C95330001%2C95334509%2C95334528%2C95334564%2C95334572%2C95335896%2C95335291%2C31078663%2C31078665%2C31078668%2C31078670&amp;oid=2&amp;pvsid=1937384789644677&amp;tmod=536254687&amp;uas=0&amp;nvt=1&amp;ref=https%3A%2F%2Fwww.eltelegrafo.com.ec%2F&amp;fc=1408&amp;brdim=0%2C0%2C0%2C0%2C1366%2C0%2C1366%2C728%2C1366%2C607&amp;vis=1&amp;rsz=%7C%7Cs%7C&amp;abl=NS&amp;fu=128&amp;bc=31&amp;bz=1&amp;td=1&amp;tdf=0&amp;psd=W251bGwsbnVsbCwibGFiZWxfb25seV81IiwxXQ..&amp;nt=1&amp;ifi=3&amp;uci=a!3&amp;btvi=2&amp;fsb=1&amp;dtd=292\" name=\"aswift_2\" width=\"736\" height=\"0\" frameborder=\"0\" marginwidth=\"0\" marginheight=\"0\" scrolling=\"no\" sandbox=\"allow-forms allow-popups allow-popups-to-escape-sandbox allow-same-origin allow-scripts allow-top-navigation-by-user-activation\" data-google-container-id=\"a!3\" aria-label=\"Advertisement\" data-google-query-id=\"COHosJGf_IYDFSi90QQdoioKPQ\" data-load-complete=\"true\" data-mce-fragment=\"1\"><\/iframe><\/div>\n<p><\/ins><\/div>\n<p>El\u00a0<strong>documento detalla que<\/strong>\u00a0\u00absuper\u00f3 todas las etapas del concurso p\u00fablico de oposici\u00f3n y m\u00e9ritos, con veedur\u00eda e impugnaci\u00f3n ciudadana\u00bb.<\/p>\n<p>El Pleno tambi\u00e9n se\u00f1al\u00f3 que\u00a0<strong>se design\u00f3 a Morales basado en las calificaciones obtenidas<\/strong>\u00a0por los postulantes en el concurso y en la resoluci\u00f3n del Cpccs. La etapa de apelaciones e impugnaciones dentro del concurso\u00a0<strong>se cerr\u00f3 el 5 de junio de 2024.<\/strong><\/p>\n<div class=\"twitter-tweet twitter-tweet-rendered\"><iframe id=\"twitter-widget-1\" class=\"\" title=\"X Post\" src=\"https:\/\/platform.twitter.com\/embed\/Tweet.html?creatorScreenName=el_telegrafo&amp;dnt=false&amp;embedId=twitter-widget-1&amp;features=eyJ0ZndfdGltZWxpbmVfbGlzdCI6eyJidWNrZXQiOltdLCJ2ZXJzaW9uIjpudWxsfSwidGZ3X2ZvbGxvd2VyX2NvdW50X3N1bnNldCI6eyJidWNrZXQiOnRydWUsInZlcnNpb24iOm51bGx9LCJ0ZndfdHdlZXRfZWRpdF9iYWNrZW5kIjp7ImJ1Y2tldCI6Im9uIiwidmVyc2lvbiI6bnVsbH0sInRmd19yZWZzcmNfc2Vzc2lvbiI6eyJidWNrZXQiOiJvbiIsInZlcnNpb24iOm51bGx9LCJ0ZndfZm9zbnJfc29mdF9pbnRlcnZlbnRpb25zX2VuYWJsZWQiOnsiYnVja2V0Ijoib24iLCJ2ZXJzaW9uIjpudWxsfSwidGZ3X21peGVkX21lZGlhXzE1ODk3Ijp7ImJ1Y2tldCI6InRyZWF0bWVudCIsInZlcnNpb24iOm51bGx9LCJ0ZndfZXhwZXJpbWVudHNfY29va2llX2V4cGlyYXRpb24iOnsiYnVja2V0IjoxMjA5NjAwLCJ2ZXJzaW9uIjpudWxsfSwidGZ3X3Nob3dfYmlyZHdhdGNoX3Bpdm90c19lbmFibGVkIjp7ImJ1Y2tldCI6Im9uIiwidmVyc2lvbiI6bnVsbH0sInRmd19kdXBsaWNhdGVfc2NyaWJlc190b19zZXR0aW5ncyI6eyJidWNrZXQiOiJvbiIsInZlcnNpb24iOm51bGx9LCJ0ZndfdXNlX3Byb2ZpbGVfaW1hZ2Vfc2hhcGVfZW5hYmxlZCI6eyJidWNrZXQiOiJvbiIsInZlcnNpb24iOm51bGx9LCJ0ZndfdmlkZW9faGxzX2R5bmFtaWNfbWFuaWZlc3RzXzE1MDgyIjp7ImJ1Y2tldCI6InRydWVfYml0cmF0ZSIsInZlcnNpb24iOm51bGx9LCJ0ZndfbGVnYWN5X3RpbWVsaW5lX3N1bnNldCI6eyJidWNrZXQiOnRydWUsInZlcnNpb24iOm51bGx9LCJ0ZndfdHdlZXRfZWRpdF9mcm9udGVuZCI6eyJidWNrZXQiOiJvbiIsInZlcnNpb24iOm51bGx9fQ%3D%3D&amp;frame=false&amp;hideCard=false&amp;hideThread=false&amp;id=1806157572078010462&amp;lang=es&amp;origin=https%3A%2F%2Fwww.eltelegrafo.com.ec%2Fnacionales%2Fnacionales%2F44%2Fricardo-morales-vela-es-el-nuevo-defensor-publico&amp;sessionId=d1c8d649cf8c12e92f558482023dcb4b71447fdc&amp;siteScreenName=el_telegrafo&amp;theme=light&amp;widgetsVersion=2615f7e52b7e0%3A1702314776716&amp;width=550px\" frameborder=\"0\" scrolling=\"no\" allowfullscreen=\"allowfullscreen\" data-tweet-id=\"1806157572078010462\" data-mce-fragment=\"1\"><\/iframe><\/div>\n<p>Dicha resoluci\u00f3n\u00a0<strong>fue aprobada<\/strong>\u00a0con los votos del presidente Andr\u00e9s Fantoni, la vicepresidenta Mishelle Calvache y los consejeros Johanna Verdezoto y Juan Esteban Guarderas. El consejero Gonzalo Alb\u00e1n (que reemplaza a Augusto Verduga)\u00a0<strong>se abstuvo<\/strong>\u00a0de votar.\u00a0<strong>Hubo dos ausencias:<\/strong>\u00a0las consejeras Nicole Bonifaz y Yadira Saltos.<\/p>\n<p>El informe jur\u00eddico se\u00f1ala que Morales Vela alcanz\u00f3 el puntaje de\u00a0<strong>76,66\/100.<\/strong>\u00a0El nuevo defensor\u00a0<strong>no tiene impedimento<\/strong>\u00a0para ocupar el cargo.<\/p>\n<div class=\"google-auto-placed ap_container\"><ins class=\"adsbygoogle adsbygoogle-noablate\" data-ad-format=\"auto\" data-ad-client=\"ca-pub-4257119852434871\" data-adsbygoogle-status=\"done\" data-ad-status=\"unfilled\"><\/p>\n<div id=\"aswift_4_host\"><iframe id=\"aswift_4\" tabindex=\"0\" title=\"Advertisement\" src=\"https:\/\/googleads.g.doubleclick.net\/pagead\/ads?gdpr=0&amp;client=ca-pub-4257119852434871&amp;output=html&amp;h=280&amp;adk=3483699563&amp;adf=2619578093&amp;w=736&amp;abgtt=6&amp;fwrn=4&amp;fwrnh=100&amp;lmt=1719507105&amp;num_ads=1&amp;rafmt=1&amp;armr=3&amp;sem=mc&amp;pwprc=2102549152&amp;ad_type=text_image&amp;format=736x280&amp;url=https%3A%2F%2Fwww.eltelegrafo.com.ec%2Fnoticias%2Fnacionales%2F44%2Fricardo-morales-vela-es-el-nuevo-defensor-publico&amp;fwr=0&amp;pra=3&amp;rh=184&amp;rw=736&amp;rpe=1&amp;resp_fmts=3&amp;wgl=1&amp;fa=27&amp;uach=WyJXaW5kb3dzIiwiMTAuMC4wIiwieDg2IiwiIiwiMTI2LjAuNjQ3OC4xMjciLG51bGwsMCxudWxsLCI2NCIsW1siTm90L0EpQnJhbmQiLCI4LjAuMC4wIl0sWyJDaHJvbWl1bSIsIjEyNi4wLjY0NzguMTI3Il0sWyJHb29nbGUgQ2hyb21lIiwiMTI2LjAuNjQ3OC4xMjciXV0sMF0.&amp;dt=1719507105205&amp;bpp=3&amp;bdt=1534&amp;idt=3&amp;shv=r20240618&amp;mjsv=m202406240101&amp;ptt=9&amp;saldr=aa&amp;abxe=1&amp;cookie=ID%3Dc675d65f6010cfd6%3AT%3D1704198640%3ART%3D1719507092%3AS%3DALNI_MaFrIPuhRVihFLFNIoqCCF0nhWK5g&amp;gpic=UID%3D000009facd65c44e%3AT%3D1692271407%3ART%3D1719507092%3AS%3DALNI_MZ0pGfKCAQPlBvqqUB4blQH1-CLbg&amp;eo_id_str=ID%3D1826b25d1a4d499f%3AT%3D1708446896%3ART%3D1719507092%3AS%3DAA-Afja20nFLkOr5wUUO7l9ILtK_&amp;prev_fmts=0x0%2C356x280%2C736x280%2C356x280&amp;nras=5&amp;correlator=4351469999159&amp;frm=20&amp;pv=1&amp;ga_vid=1155168741.1634674297&amp;ga_sid=1719507105&amp;ga_hid=1948736951&amp;ga_fc=1&amp;u_tz=-300&amp;u_his=3&amp;u_h=768&amp;u_w=1366&amp;u_ah=728&amp;u_aw=1366&amp;u_cd=24&amp;u_sd=1&amp;dmc=8&amp;adx=129&amp;ady=2481&amp;biw=1349&amp;bih=607&amp;scr_x=0&amp;scr_y=296&amp;eid=44759837%2C31084788%2C44795921%2C95330001%2C95334509%2C95334528%2C95334564%2C95334572%2C95335896%2C95335291%2C31078663%2C31078665%2C31078668%2C31078670&amp;oid=2&amp;pvsid=1937384789644677&amp;tmod=536254687&amp;uas=0&amp;nvt=1&amp;ref=https%3A%2F%2Fwww.eltelegrafo.com.ec%2F&amp;fc=1408&amp;brdim=0%2C0%2C0%2C0%2C1366%2C0%2C1366%2C728%2C1366%2C607&amp;vis=1&amp;rsz=%7C%7Cs%7C&amp;abl=NS&amp;fu=128&amp;bc=31&amp;bz=1&amp;td=1&amp;tdf=0&amp;psd=W251bGwsbnVsbCwibGFiZWxfb25seV81IiwxXQ..&amp;nt=1&amp;ifi=5&amp;uci=a!5&amp;btvi=4&amp;fsb=1&amp;dtd=313\" name=\"aswift_4\" width=\"736\" height=\"0\" frameborder=\"0\" marginwidth=\"0\" marginheight=\"0\" scrolling=\"no\" sandbox=\"allow-forms allow-popups allow-popups-to-escape-sandbox allow-same-origin allow-scripts allow-top-navigation-by-user-activation\" data-google-container-id=\"a!5\" aria-label=\"Advertisement\" data-google-query-id=\"CMvKsZGf_IYDFe4DTwgdvH8Bog\" data-load-complete=\"true\" data-mce-fragment=\"1\"><\/iframe><\/div>\n<p><\/ins><\/div>\n<p>El cuadro de calificaciones dentro del concurso para designar al Defensor P\u00fablico qued\u00f3 as\u00ed:<\/p>\n<p><img fetchpriority=\"high\" decoding=\"async\" src=\"https:\/\/www.eltelegrafo.com.ec\/images\/Fotos_ElTelegrafo\/captura_de_pantalla_2024-06-27_a_las_10.07.55_1.png?ver=1719501166480\" alt=\"\" width=\"627\" height=\"244\" \/><\/p>\n<p>Ricardo Morales\u00a0<strong>reemplazar\u00e1<\/strong>\u00a0en el cargo a \u00c1ngel Torres Machuca, que est\u00e1 en el cargo desde 2018. El funcionario<strong>\u00a0fue subsecretario<\/strong>\u00a0del Ministerio de Justicia de Rafael Correa y<strong>\u00a0excomisionado de pacificaci\u00f3n de c\u00e1rceles<\/strong>\u00a0durante el gobierno de Guillermo Lasso.<\/p>\n<p><strong>Lea tambi\u00e9n:\u00a0<\/strong><\/p>\n<div class=\"twitter-tweet twitter-tweet-rendered\"><iframe id=\"twitter-widget-2\" class=\"\" title=\"X Post\" src=\"https:\/\/platform.twitter.com\/embed\/Tweet.html?creatorScreenName=el_telegrafo&amp;dnt=false&amp;embedId=twitter-widget-2&amp;features=eyJ0ZndfdGltZWxpbmVfbGlzdCI6eyJidWNrZXQiOltdLCJ2ZXJzaW9uIjpudWxsfSwidGZ3X2ZvbGxvd2VyX2NvdW50X3N1bnNldCI6eyJidWNrZXQiOnRydWUsInZlcnNpb24iOm51bGx9LCJ0ZndfdHdlZXRfZWRpdF9iYWNrZW5kIjp7ImJ1Y2tldCI6Im9uIiwidmVyc2lvbiI6bnVsbH0sInRmd19yZWZzcmNfc2Vzc2lvbiI6eyJidWNrZXQiOiJvbiIsInZlcnNpb24iOm51bGx9LCJ0ZndfZm9zbnJfc29mdF9pbnRlcnZlbnRpb25zX2VuYWJsZWQiOnsiYnVja2V0Ijoib24iLCJ2ZXJzaW9uIjpudWxsfSwidGZ3X21peGVkX21lZGlhXzE1ODk3Ijp7ImJ1Y2tldCI6InRyZWF0bWVudCIsInZlcnNpb24iOm51bGx9LCJ0ZndfZXhwZXJpbWVudHNfY29va2llX2V4cGlyYXRpb24iOnsiYnVja2V0IjoxMjA5NjAwLCJ2ZXJzaW9uIjpudWxsfSwidGZ3X3Nob3dfYmlyZHdhdGNoX3Bpdm90c19lbmFibGVkIjp7ImJ1Y2tldCI6Im9uIiwidmVyc2lvbiI6bnVsbH0sInRmd19kdXBsaWNhdGVfc2NyaWJlc190b19zZXR0aW5ncyI6eyJidWNrZXQiOiJvbiIsInZlcnNpb24iOm51bGx9LCJ0ZndfdXNlX3Byb2ZpbGVfaW1hZ2Vfc2hhcGVfZW5hYmxlZCI6eyJidWNrZXQiOiJvbiIsInZlcnNpb24iOm51bGx9LCJ0ZndfdmlkZW9faGxzX2R5bmFtaWNfbWFuaWZlc3RzXzE1MDgyIjp7ImJ1Y2tldCI6InRydWVfYml0cmF0ZSIsInZlcnNpb24iOm51bGx9LCJ0ZndfbGVnYWN5X3RpbWVsaW5lX3N1bnNldCI6eyJidWNrZXQiOnRydWUsInZlcnNpb24iOm51bGx9LCJ0ZndfdHdlZXRfZWRpdF9mcm9udGVuZCI6eyJidWNrZXQiOiJvbiIsInZlcnNpb24iOm51bGx9fQ%3D%3D&amp;frame=false&amp;hideCard=false&amp;hideThread=false&amp;id=1806032178465415607&amp;lang=es&amp;origin=https%3A%2F%2Fwww.eltelegrafo.com.ec%2Fnacionales%2Fnacionales%2F44%2Fricardo-morales-vela-es-el-nuevo-defensor-publico&amp;sessionId=d1c8d649cf8c12e92f558482023dcb4b71447fdc&amp;siteScreenName=el_telegrafo&amp;theme=light&amp;widgetsVersion=2615f7e52b7e0%3A1702314776716&amp;width=550px\" frameborder=\"0\" scrolling=\"no\" allowfullscreen=\"allowfullscreen\" data-tweet-id=\"1806032178465415607\" data-mce-fragment=\"1\"><\/iframe><\/div>\n<div><strong>Fuente: El Tel\u00e9grafo.<\/strong><\/div>\n","protected":false},"excerpt":{"rendered":"<p>El Pleno del Consejo de Participaci\u00f3n Ciudadana y Control Social (CPCCS) resolvi\u00f3 designar a Ricardo Morales como el nuevo Defensor P\u00fablico. Ricardo Wladimir Morales Vela\u00a0fue designado como el nuevo titular de la Defensor\u00eda P\u00fablica. Morales fue el postulante\u00a0mejor puntuado,\u00a0detalla el comunicado emitido por el Consejo de Participaci\u00f3n Ciudadana y Control Social (Cpccs) la noche del mi\u00e9rcoles, 26 de junio de 2024. El\u00a0documento detalla que\u00a0\u00absuper\u00f3 todas las etapas del concurso p\u00fablico de oposici\u00f3n y m\u00e9ritos, con veedur\u00eda e impugnaci\u00f3n ciudadana\u00bb. El Pleno tambi\u00e9n se\u00f1al\u00f3 que\u00a0se design\u00f3 a Morales basado en las calificaciones obtenidas\u00a0por los postulantes en el concurso y en la resoluci\u00f3n del Cpccs. La etapa de apelaciones e impugnaciones dentro del concurso\u00a0se cerr\u00f3 el 5 de junio de 2024. Dicha resoluci\u00f3n\u00a0fue aprobada\u00a0con los votos del presidente Andr\u00e9s Fantoni, la vicepresidenta Mishelle Calvache y los consejeros Johanna Verdezoto y Juan Esteban Guarderas. El consejero Gonzalo Alb\u00e1n (que reemplaza a Augusto Verduga)\u00a0se abstuvo\u00a0de votar.\u00a0Hubo dos ausencias:\u00a0las consejeras Nicole Bonifaz y Yadira Saltos. El informe jur\u00eddico se\u00f1ala que Morales Vela alcanz\u00f3 el puntaje de\u00a076,66\/100.\u00a0El nuevo defensor\u00a0no tiene impedimento\u00a0para ocupar el cargo. El cuadro de calificaciones dentro del concurso para designar al Defensor P\u00fablico qued\u00f3 as\u00ed: Ricardo Morales\u00a0reemplazar\u00e1\u00a0en el cargo a \u00c1ngel Torres Machuca, que est\u00e1 en el cargo desde 2018. El funcionario\u00a0fue subsecretario\u00a0del Ministerio de Justicia de Rafael Correa y\u00a0excomisionado de pacificaci\u00f3n de c\u00e1rceles\u00a0durante el gobierno de Guillermo Lasso. Lea tambi\u00e9n:\u00a0 Fuente: El Tel\u00e9grafo.<\/p>\n","protected":false},"author":1,"featured_media":17167,"comment_status":"open","ping_status":"open","sticky":false,"template":"","format":"standard","meta":{"footnotes":""},"categories":[268],"tags":[],"class_list":["post-17166","post","type-post","status-publish","format-standard","has-post-thumbnail","hentry","category-nacionales"],"_links":{"self":[{"href":"https:\/\/www.elamazonico.com\/portal\/wp-json\/wp\/v2\/posts\/17166","targetHints":{"allow":["GET"]}}],"collection":[{"href":"https:\/\/www.elamazonico.com\/portal\/wp-json\/wp\/v2\/posts"}],"about":[{"href":"https:\/\/www.elamazonico.com\/portal\/wp-json\/wp\/v2\/types\/post"}],"author":[{"embeddable":true,"href":"https:\/\/www.elamazonico.com\/portal\/wp-json\/wp\/v2\/users\/1"}],"replies":[{"embeddable":true,"href":"https:\/\/www.elamazonico.com\/portal\/wp-json\/wp\/v2\/comments?post=17166"}],"version-history":[{"count":1,"href":"https:\/\/www.elamazonico.com\/portal\/wp-json\/wp\/v2\/posts\/17166\/revisions"}],"predecessor-version":[{"id":17168,"href":"https:\/\/www.elamazonico.com\/portal\/wp-json\/wp\/v2\/posts\/17166\/revisions\/17168"}],"wp:featuredmedia":[{"embeddable":true,"href":"https:\/\/www.elamazonico.com\/portal\/wp-json\/wp\/v2\/media\/17167"}],"wp:attachment":[{"href":"https:\/\/www.elamazonico.com\/portal\/wp-json\/wp\/v2\/media?parent=17166"}],"wp:term":[{"taxonomy":"category","embeddable":true,"href":"https:\/\/www.elamazonico.com\/portal\/wp-json\/wp\/v2\/categories?post=17166"},{"taxonomy":"post_tag","embeddable":true,"href":"https:\/\/www.elamazonico.com\/portal\/wp-json\/wp\/v2\/tags?post=17166"}],"curies":[{"name":"wp","href":"https:\/\/api.w.org\/{rel}","templated":true}]}}