{"id":17163,"date":"2024-06-27T11:41:57","date_gmt":"2024-06-27T16:41:57","guid":{"rendered":"https:\/\/www.elamazonico.com\/portal\/?p=17163"},"modified":"2024-06-27T11:41:57","modified_gmt":"2024-06-27T16:41:57","slug":"comision-ocasional-que-investigo-el-caso-de-fernando-villavicencio-fue-un-saludo-a-la-bandera","status":"publish","type":"post","link":"https:\/\/www.elamazonico.com\/portal\/comision-ocasional-que-investigo-el-caso-de-fernando-villavicencio-fue-un-saludo-a-la-bandera\/","title":{"rendered":"Comisi\u00f3n Ocasional que investig\u00f3 el caso de Fernando Villavicencio fue \u2018un saludo a la bandera\u2019"},"content":{"rendered":"<p>El asamble\u00edsta de ADN, Ramiro Vela, expres\u00f3 cr\u00edticas hacia la creaci\u00f3n de la Comisi\u00f3n Ocasional para investigar el asesinato del excandidato presidencial Fernando Villavicencio, se\u00f1alando que no aportar\u00e1 m\u00e1s que lo que ya han determinado la Fiscal\u00eda, el FBI o la Judicatura.<\/p>\n<p>A su criterio, la comisi\u00f3n \u00abfue un saludo a la bandera\u00bb. Mientras que manifest\u00f3 que el caso de Villavicencio debi\u00f3 ser tratado en la Comisi\u00f3n de Fiscalizaci\u00f3n, aunque admiti\u00f3 que la composici\u00f3n pol\u00edtica de las mesas legislativas complic\u00f3 la situaci\u00f3n y deriv\u00f3 en la creaci\u00f3n de esta comisi\u00f3n adicional.<\/p>\n<p>Se\u00f1al\u00f3 que el Legislativo no est\u00e1 en posici\u00f3n de esclarecer qui\u00e9n mat\u00f3 a Fernando Villavicencio, sino que deber\u00eda enfocarse en fiscalizar el trabajo de las instituciones responsables y en investigar a los actores directos del crimen.<\/p>\n<hr class=\"wp-block-separator has-alpha-channel-opacity\" \/>\n<p class=\"has-text-align-center has-vivid-cyan-blue-color has-text-color has-link-color has-medium-font-size wp-elements-45d664ef87d3ac6ae058744d6692aa9f\"><a href=\"https:\/\/ecuadorenvivo.com\/las-claves-del-juicio-a-los-5-acusados-por-el-asesinato-de-fernando-villavicencio\/\">Las claves del juicio a los 5 acusados por el asesinato de Fernando Villavicencio<\/a><\/p>\n<hr class=\"wp-block-separator has-alpha-channel-opacity\" \/>\n<p>Adem\u00e1s, critic\u00f3 la proliferaci\u00f3n de nuevas comisiones que, seg\u00fan \u00e9l, distraen de las verdaderas preocupaciones y obligaciones legislativas, mencionando espec\u00edficamente las propuestas para analizar el acuerdo con el Fondo Monetario Internacional (FMI) y la revocatoria de visa a la periodista Alondra Santiago.<\/p>\n<p>Concluy\u00f3 sus declaraciones refiri\u00e9ndose a la pugna entre la Asamblea y el Gobierno, afirmando que existe una mayor\u00eda legislativa que act\u00faa en contra del presidente Daniel Noboa y que esto se manifiesta en la conformaci\u00f3n de nuevas mayor\u00edas y acciones que percibe como una revancha pol\u00edtica.<\/p>\n<p>\u00abEl rol de la Asamblea est\u00e1 equivocado\u00bb, agreg\u00f3, criticando el enfoque del \u00f3rgano legislativo en medio del proceso electoral.<\/p>\n<p>&nbsp;<\/p>\n<figure class=\"wp-block-embed is-type-video is-provider-vimeo wp-block-embed-vimeo wp-embed-aspect-16-9 wp-has-aspect-ratio\">\n<div class=\"wp-block-embed__wrapper\">\n<div class=\"fluid-width-video-wrapper\"><iframe title=\"TA - RAMIRO VELA\" src=\"https:\/\/player.vimeo.com\/video\/969860960?dnt=1&amp;app_id=122963\" name=\"fitvid0\" frameborder=\"0\" data-mce-fragment=\"1\"><\/iframe><\/div>\n<div><strong>Fuente: Ecuadorenvivo.<\/strong><\/div>\n<\/div>\n<\/figure>\n","protected":false},"excerpt":{"rendered":"<p>El asamble\u00edsta de ADN, Ramiro Vela, expres\u00f3 cr\u00edticas hacia la creaci\u00f3n de la Comisi\u00f3n Ocasional para investigar el asesinato del excandidato presidencial Fernando Villavicencio, se\u00f1alando que no aportar\u00e1 m\u00e1s que lo que ya han determinado la Fiscal\u00eda, el FBI o la Judicatura. A su criterio, la comisi\u00f3n \u00abfue un saludo a la bandera\u00bb. Mientras que manifest\u00f3 que el caso de Villavicencio debi\u00f3 ser tratado en la Comisi\u00f3n de Fiscalizaci\u00f3n, aunque admiti\u00f3 que la composici\u00f3n pol\u00edtica de las mesas legislativas complic\u00f3 la situaci\u00f3n y deriv\u00f3 en la creaci\u00f3n de esta comisi\u00f3n adicional. Se\u00f1al\u00f3 que el Legislativo no est\u00e1 en posici\u00f3n de esclarecer qui\u00e9n mat\u00f3 a Fernando Villavicencio, sino que deber\u00eda enfocarse en fiscalizar el trabajo de las instituciones responsables y en investigar a los actores directos del crimen. Las claves del juicio a los 5 acusados por el asesinato de Fernando Villavicencio Adem\u00e1s, critic\u00f3 la proliferaci\u00f3n de nuevas comisiones que, seg\u00fan \u00e9l, distraen de las verdaderas preocupaciones y obligaciones legislativas, mencionando espec\u00edficamente las propuestas para analizar el acuerdo con el Fondo Monetario Internacional (FMI) y la revocatoria de visa a la periodista Alondra Santiago. Concluy\u00f3 sus declaraciones refiri\u00e9ndose a la pugna entre la Asamblea y el Gobierno, afirmando que existe una mayor\u00eda legislativa que act\u00faa en contra del presidente Daniel Noboa y que esto se manifiesta en la conformaci\u00f3n de nuevas mayor\u00edas y acciones que percibe como una revancha pol\u00edtica. \u00abEl rol de la Asamblea est\u00e1 equivocado\u00bb, agreg\u00f3, criticando el enfoque del \u00f3rgano legislativo en medio del proceso electoral. &nbsp; Fuente: Ecuadorenvivo.<\/p>\n","protected":false},"author":1,"featured_media":17164,"comment_status":"open","ping_status":"open","sticky":false,"template":"","format":"standard","meta":{"footnotes":""},"categories":[268],"tags":[],"class_list":["post-17163","post","type-post","status-publish","format-standard","has-post-thumbnail","hentry","category-nacionales"],"_links":{"self":[{"href":"https:\/\/www.elamazonico.com\/portal\/wp-json\/wp\/v2\/posts\/17163","targetHints":{"allow":["GET"]}}],"collection":[{"href":"https:\/\/www.elamazonico.com\/portal\/wp-json\/wp\/v2\/posts"}],"about":[{"href":"https:\/\/www.elamazonico.com\/portal\/wp-json\/wp\/v2\/types\/post"}],"author":[{"embeddable":true,"href":"https:\/\/www.elamazonico.com\/portal\/wp-json\/wp\/v2\/users\/1"}],"replies":[{"embeddable":true,"href":"https:\/\/www.elamazonico.com\/portal\/wp-json\/wp\/v2\/comments?post=17163"}],"version-history":[{"count":1,"href":"https:\/\/www.elamazonico.com\/portal\/wp-json\/wp\/v2\/posts\/17163\/revisions"}],"predecessor-version":[{"id":17165,"href":"https:\/\/www.elamazonico.com\/portal\/wp-json\/wp\/v2\/posts\/17163\/revisions\/17165"}],"wp:featuredmedia":[{"embeddable":true,"href":"https:\/\/www.elamazonico.com\/portal\/wp-json\/wp\/v2\/media\/17164"}],"wp:attachment":[{"href":"https:\/\/www.elamazonico.com\/portal\/wp-json\/wp\/v2\/media?parent=17163"}],"wp:term":[{"taxonomy":"category","embeddable":true,"href":"https:\/\/www.elamazonico.com\/portal\/wp-json\/wp\/v2\/categories?post=17163"},{"taxonomy":"post_tag","embeddable":true,"href":"https:\/\/www.elamazonico.com\/portal\/wp-json\/wp\/v2\/tags?post=17163"}],"curies":[{"name":"wp","href":"https:\/\/api.w.org\/{rel}","templated":true}]}}