{"id":17160,"date":"2024-06-27T11:21:05","date_gmt":"2024-06-27T16:21:05","guid":{"rendered":"https:\/\/www.elamazonico.com\/portal\/?p=17160"},"modified":"2024-06-27T11:21:05","modified_gmt":"2024-06-27T16:21:05","slug":"representantes-de-pueblos-y-nacionalidades-cuestionan-resultados-del-censo-nacional","status":"publish","type":"post","link":"https:\/\/www.elamazonico.com\/portal\/representantes-de-pueblos-y-nacionalidades-cuestionan-resultados-del-censo-nacional\/","title":{"rendered":"Representantes de pueblos y nacionalidades cuestionan resultados del censo nacional"},"content":{"rendered":"<p>En el marco del seguimiento a la fiscalizaci\u00f3n del VIII Censo Nacional de Poblaci\u00f3n, VII de Vivienda y I de Comunidades, la Comisi\u00f3n de Garant\u00edas Constitucionales, Derechos Humanos, Derechos Colectivos y la Interculturalidad recibi\u00f3 a representantes de diversos pueblos y nacionalidades, quienes manifestaron su inconformidad con los resultados del censo.<\/p>\n<p>Danny Ch\u00f3ez Marcillo, vicepresidente nacional del Pueblo Montubio del Ecuador, expres\u00f3 su preocupaci\u00f3n por la falta de precisi\u00f3n en el censo. \u201cNos sentimos lastimados, porque cuando los servidores p\u00fablicos llegaban a las comunidades no te preguntaban c\u00f3mo te identificas, solo anotaban. Ejercer nuestro derecho como pueblos y nacionalidades requiere datos exactos. Estamos consternados por la reducci\u00f3n de casi un mill\u00f3n de personas del presupuesto estatal destinado a estos sectores, seg\u00fan el censo\u201d, se\u00f1al\u00f3.<\/p>\n<p>Martha Cecilia Burgos, de la Coordinadora Nacional del Pueblo Montubio, advirti\u00f3 la disparidad en los datos censales. \u201cSomos 2 millones 245 mil montubios autodefinidos en el pa\u00eds, pero el censo refleja 970 mil. Esta inconsistencia afecta a la asignaci\u00f3n de recursos\u201d, subray\u00f3.<\/p>\n<p>David Qui\u00f1\u00f3nez, vocero nacional del Consejo Ejecutivo del CUPA III y Secretario Nacional de la UPAAyov\u00ed se\u00f1al\u00f3 las deficiencias del censo para el pueblo afroecuatoriano. \u201cEl censo fallido nos llen\u00f3 de contradicciones que no se basan en la realidad. Identificamos debilidades t\u00e9cnicas como la desinstitucionalizaci\u00f3n y exclusi\u00f3n en la planificaci\u00f3n y ejecuci\u00f3n. Solicitamos profundizar la fiscalizaci\u00f3n de este censo y que los responsables respondan por este etnocidio estad\u00edstico\u201d, asever\u00f3.<\/p>\n<p>Elvis Su\u00e1rez, presidente de la Federaci\u00f3n de Comunas de la Provincia de Santa Elena, dijo que \u201cconsideraron a la poblaci\u00f3n de Santa Elena como mestizos, omitiendo nuestra identidad cultural\u201d, mientras que Wilmer Dom\u00ednguez, s\u00edndico de la Federaci\u00f3n de Comunas expres\u00f3: \u201cme defin\u00ed orgullosamente como huancavilca, pero me registraron como mestizo. Fue un censo antit\u00e9cnico\u201d.<\/p>\n<p>\u201cSomos 14 nacionalidades, dos pueblos afros y el pueblo montubio. Los datos censales no responden a la realidad de estos pueblos\u201d, manifest\u00f3 el legislador Jos\u00e9 Maldonado, mientras que la presidenta de la comisi\u00f3n, Paola Cabezas resalt\u00f3 que, \u201cme resist\u00eda a creer que hab\u00eda fines pol\u00edticos para disminuir la representaci\u00f3n del pueblo afrodescendiente\u201d.<\/p>\n<p>La Comisi\u00f3n de Garant\u00edas Constitucionales, se comprometi\u00f3 a continuar la fiscalizaci\u00f3n del VIII Censo Nacional de Poblaci\u00f3n, VII de Vivienda y I de Comunidades, y a garantizar que se respeten los derechos y la identidad de todos los pueblos y nacionalidades del Ecuador.<\/p>\n<p><b>\u00a0Fuente: Ecuadorenvivo.<\/b><\/p>\n","protected":false},"excerpt":{"rendered":"<p>En el marco del seguimiento a la fiscalizaci\u00f3n del VIII Censo Nacional de Poblaci\u00f3n, VII de Vivienda y I de Comunidades, la Comisi\u00f3n de Garant\u00edas Constitucionales, Derechos Humanos, Derechos Colectivos y la Interculturalidad recibi\u00f3 a representantes de diversos pueblos y nacionalidades, quienes manifestaron su inconformidad con los resultados del censo. Danny Ch\u00f3ez Marcillo, vicepresidente nacional del Pueblo Montubio del Ecuador, expres\u00f3 su preocupaci\u00f3n por la falta de precisi\u00f3n en el censo. \u201cNos sentimos lastimados, porque cuando los servidores p\u00fablicos llegaban a las comunidades no te preguntaban c\u00f3mo te identificas, solo anotaban. Ejercer nuestro derecho como pueblos y nacionalidades requiere datos exactos. Estamos consternados por la reducci\u00f3n de casi un mill\u00f3n de personas del presupuesto estatal destinado a estos sectores, seg\u00fan el censo\u201d, se\u00f1al\u00f3. Martha Cecilia Burgos, de la Coordinadora Nacional del Pueblo Montubio, advirti\u00f3 la disparidad en los datos censales. \u201cSomos 2 millones 245 mil montubios autodefinidos en el pa\u00eds, pero el censo refleja 970 mil. Esta inconsistencia afecta a la asignaci\u00f3n de recursos\u201d, subray\u00f3. David Qui\u00f1\u00f3nez, vocero nacional del Consejo Ejecutivo del CUPA III y Secretario Nacional de la UPAAyov\u00ed se\u00f1al\u00f3 las deficiencias del censo para el pueblo afroecuatoriano. \u201cEl censo fallido nos llen\u00f3 de contradicciones que no se basan en la realidad. Identificamos debilidades t\u00e9cnicas como la desinstitucionalizaci\u00f3n y exclusi\u00f3n en la planificaci\u00f3n y ejecuci\u00f3n. Solicitamos profundizar la fiscalizaci\u00f3n de este censo y que los responsables respondan por este etnocidio estad\u00edstico\u201d, asever\u00f3. Elvis Su\u00e1rez, presidente de la Federaci\u00f3n de Comunas de la Provincia de Santa Elena, dijo que \u201cconsideraron a la poblaci\u00f3n de Santa Elena como mestizos, omitiendo nuestra identidad cultural\u201d, mientras que Wilmer Dom\u00ednguez, s\u00edndico de la Federaci\u00f3n de Comunas expres\u00f3: \u201cme defin\u00ed orgullosamente como huancavilca, pero me registraron como mestizo. Fue un censo antit\u00e9cnico\u201d. \u201cSomos 14 nacionalidades, dos pueblos afros y el pueblo montubio. Los datos censales no responden a la realidad de estos pueblos\u201d, manifest\u00f3 el legislador Jos\u00e9 Maldonado, mientras que la presidenta de la comisi\u00f3n, Paola Cabezas resalt\u00f3 que, \u201cme resist\u00eda a creer que hab\u00eda fines pol\u00edticos para disminuir la representaci\u00f3n del pueblo afrodescendiente\u201d. La Comisi\u00f3n de Garant\u00edas Constitucionales, se comprometi\u00f3 a continuar la fiscalizaci\u00f3n del VIII Censo Nacional de Poblaci\u00f3n, VII de Vivienda y I de Comunidades, y a garantizar que se respeten los derechos y la identidad de todos los pueblos y nacionalidades del Ecuador. \u00a0Fuente: Ecuadorenvivo.<\/p>\n","protected":false},"author":1,"featured_media":17161,"comment_status":"open","ping_status":"open","sticky":false,"template":"","format":"standard","meta":{"footnotes":""},"categories":[268],"tags":[],"class_list":["post-17160","post","type-post","status-publish","format-standard","has-post-thumbnail","hentry","category-nacionales"],"_links":{"self":[{"href":"https:\/\/www.elamazonico.com\/portal\/wp-json\/wp\/v2\/posts\/17160","targetHints":{"allow":["GET"]}}],"collection":[{"href":"https:\/\/www.elamazonico.com\/portal\/wp-json\/wp\/v2\/posts"}],"about":[{"href":"https:\/\/www.elamazonico.com\/portal\/wp-json\/wp\/v2\/types\/post"}],"author":[{"embeddable":true,"href":"https:\/\/www.elamazonico.com\/portal\/wp-json\/wp\/v2\/users\/1"}],"replies":[{"embeddable":true,"href":"https:\/\/www.elamazonico.com\/portal\/wp-json\/wp\/v2\/comments?post=17160"}],"version-history":[{"count":1,"href":"https:\/\/www.elamazonico.com\/portal\/wp-json\/wp\/v2\/posts\/17160\/revisions"}],"predecessor-version":[{"id":17162,"href":"https:\/\/www.elamazonico.com\/portal\/wp-json\/wp\/v2\/posts\/17160\/revisions\/17162"}],"wp:featuredmedia":[{"embeddable":true,"href":"https:\/\/www.elamazonico.com\/portal\/wp-json\/wp\/v2\/media\/17161"}],"wp:attachment":[{"href":"https:\/\/www.elamazonico.com\/portal\/wp-json\/wp\/v2\/media?parent=17160"}],"wp:term":[{"taxonomy":"category","embeddable":true,"href":"https:\/\/www.elamazonico.com\/portal\/wp-json\/wp\/v2\/categories?post=17160"},{"taxonomy":"post_tag","embeddable":true,"href":"https:\/\/www.elamazonico.com\/portal\/wp-json\/wp\/v2\/tags?post=17160"}],"curies":[{"name":"wp","href":"https:\/\/api.w.org\/{rel}","templated":true}]}}