{"id":17150,"date":"2024-06-27T10:41:16","date_gmt":"2024-06-27T15:41:16","guid":{"rendered":"https:\/\/www.elamazonico.com\/portal\/?p=17150"},"modified":"2024-06-27T10:41:16","modified_gmt":"2024-06-27T15:41:16","slug":"hija-de-villavicencio-fue-amenazada-durante-audiencia-por-presunto-autor-del-crimen","status":"publish","type":"post","link":"https:\/\/www.elamazonico.com\/portal\/hija-de-villavicencio-fue-amenazada-durante-audiencia-por-presunto-autor-del-crimen\/","title":{"rendered":"Hija de Villavicencio fue amenazada durante audiencia por presunto autor del crimen"},"content":{"rendered":"<p>Durante el segundo d\u00eda de la audiencia de juicio por el asesinato del candidato presidencial Fernando Villavicencio, se denunci\u00f3 una amenaza dirigida a una de sus hijas por el principal sospechoso de ordenar el crimen.<\/p>\n<p>Nathalia Salazar, representante legal de la familia Villavicencio, inform\u00f3 este mi\u00e9rcoles 26 de junio de 2024 sobre el incidente.<\/p>\n<p>Seg\u00fan cont\u00f3, alias \u2018Invisible\u2019 -presunto autor del asesinato- emiti\u00f3 mensajes amenazantes en contra de una de las hijas de Fernando Villavicencio a trav\u00e9s del chat de Zoom de la audiencia.<\/p>\n<p>La abogada Salazar precis\u00f3 que el sospechoso escribi\u00f3: \u00abTamia te quiero o te queremos tener\u00bb, refiri\u00e9ndose a una de las hijas del fallecido candidato presidencial.<\/p>\n<hr class=\"wp-block-separator has-alpha-channel-opacity\" \/>\n<p class=\"has-text-align-center has-vivid-cyan-blue-color has-text-color has-link-color has-medium-font-size wp-elements-f1191c928623c1ef0d7100b22fbedc3b\"><a href=\"https:\/\/ecuadorenvivo.com\/las-claves-del-juicio-a-los-5-acusados-por-el-asesinato-de-fernando-villavicencio\/\"><strong>Las claves del juicio a los 5 acusados por el asesinato de Fernando Villavicencio<\/strong><\/a><\/p>\n<hr class=\"wp-block-separator has-alpha-channel-opacity\" \/>\n<p>Tamia y Amanda Villavicencio, hijas del candidato asesinado, se sienten amenazadas e intimidadas por los comentarios del procesado, seg\u00fan la abogada Salazar.<\/p>\n<p>La preocupaci\u00f3n aument\u00f3 cuando, en la plataforma virtual utilizada para seguir la audiencia, apareci\u00f3 brevemente el nombre de \u2018Gerencia CJN\u2019, que supuestamente hace referencia al C\u00e1rtel Jalisco Nueva Generaci\u00f3n, antes de que el usuario se desconectara.<\/p>\n<p>El asesinato de Fernando Villavicencio ocurri\u00f3 el 9 de agosto de 2023, cuando fue atacado al salir de un mit\u00edn pol\u00edtico. Durante la primera jornada del juicio, la Fiscal\u00eda identific\u00f3 a alias \u2018Invisible\u2019 como la persona que orden\u00f3 el asesinato desde prisi\u00f3n utilizando un celular.<\/p>\n<p>Actualmente, alias \u2018Invisible\u2019 est\u00e1 recluido en la c\u00e1rcel de m\u00e1xima seguridad La Roca, en Guayaquil.<\/p>\n<p><strong>Fuente: Ecuadorenvivo.\u00a0<\/strong><\/p>\n","protected":false},"excerpt":{"rendered":"<p>Durante el segundo d\u00eda de la audiencia de juicio por el asesinato del candidato presidencial Fernando Villavicencio, se denunci\u00f3 una amenaza dirigida a una de sus hijas por el principal sospechoso de ordenar el crimen. Nathalia Salazar, representante legal de la familia Villavicencio, inform\u00f3 este mi\u00e9rcoles 26 de junio de 2024 sobre el incidente. Seg\u00fan cont\u00f3, alias \u2018Invisible\u2019 -presunto autor del asesinato- emiti\u00f3 mensajes amenazantes en contra de una de las hijas de Fernando Villavicencio a trav\u00e9s del chat de Zoom de la audiencia. La abogada Salazar precis\u00f3 que el sospechoso escribi\u00f3: \u00abTamia te quiero o te queremos tener\u00bb, refiri\u00e9ndose a una de las hijas del fallecido candidato presidencial. Las claves del juicio a los 5 acusados por el asesinato de Fernando Villavicencio Tamia y Amanda Villavicencio, hijas del candidato asesinado, se sienten amenazadas e intimidadas por los comentarios del procesado, seg\u00fan la abogada Salazar. La preocupaci\u00f3n aument\u00f3 cuando, en la plataforma virtual utilizada para seguir la audiencia, apareci\u00f3 brevemente el nombre de \u2018Gerencia CJN\u2019, que supuestamente hace referencia al C\u00e1rtel Jalisco Nueva Generaci\u00f3n, antes de que el usuario se desconectara. El asesinato de Fernando Villavicencio ocurri\u00f3 el 9 de agosto de 2023, cuando fue atacado al salir de un mit\u00edn pol\u00edtico. Durante la primera jornada del juicio, la Fiscal\u00eda identific\u00f3 a alias \u2018Invisible\u2019 como la persona que orden\u00f3 el asesinato desde prisi\u00f3n utilizando un celular. Actualmente, alias \u2018Invisible\u2019 est\u00e1 recluido en la c\u00e1rcel de m\u00e1xima seguridad La Roca, en Guayaquil. Fuente: Ecuadorenvivo.\u00a0<\/p>\n","protected":false},"author":1,"featured_media":17151,"comment_status":"open","ping_status":"open","sticky":false,"template":"","format":"standard","meta":{"footnotes":""},"categories":[268],"tags":[],"class_list":["post-17150","post","type-post","status-publish","format-standard","has-post-thumbnail","hentry","category-nacionales"],"_links":{"self":[{"href":"https:\/\/www.elamazonico.com\/portal\/wp-json\/wp\/v2\/posts\/17150","targetHints":{"allow":["GET"]}}],"collection":[{"href":"https:\/\/www.elamazonico.com\/portal\/wp-json\/wp\/v2\/posts"}],"about":[{"href":"https:\/\/www.elamazonico.com\/portal\/wp-json\/wp\/v2\/types\/post"}],"author":[{"embeddable":true,"href":"https:\/\/www.elamazonico.com\/portal\/wp-json\/wp\/v2\/users\/1"}],"replies":[{"embeddable":true,"href":"https:\/\/www.elamazonico.com\/portal\/wp-json\/wp\/v2\/comments?post=17150"}],"version-history":[{"count":1,"href":"https:\/\/www.elamazonico.com\/portal\/wp-json\/wp\/v2\/posts\/17150\/revisions"}],"predecessor-version":[{"id":17152,"href":"https:\/\/www.elamazonico.com\/portal\/wp-json\/wp\/v2\/posts\/17150\/revisions\/17152"}],"wp:featuredmedia":[{"embeddable":true,"href":"https:\/\/www.elamazonico.com\/portal\/wp-json\/wp\/v2\/media\/17151"}],"wp:attachment":[{"href":"https:\/\/www.elamazonico.com\/portal\/wp-json\/wp\/v2\/media?parent=17150"}],"wp:term":[{"taxonomy":"category","embeddable":true,"href":"https:\/\/www.elamazonico.com\/portal\/wp-json\/wp\/v2\/categories?post=17150"},{"taxonomy":"post_tag","embeddable":true,"href":"https:\/\/www.elamazonico.com\/portal\/wp-json\/wp\/v2\/tags?post=17150"}],"curies":[{"name":"wp","href":"https:\/\/api.w.org\/{rel}","templated":true}]}}