{"id":17142,"date":"2024-06-27T09:45:00","date_gmt":"2024-06-27T14:45:00","guid":{"rendered":"https:\/\/www.elamazonico.com\/portal\/?p=17142"},"modified":"2024-06-27T09:45:00","modified_gmt":"2024-06-27T14:45:00","slug":"atencion-altas-temperaturas-se-registraran-en-ecuador-durante-este-jueves-27-de-junio","status":"publish","type":"post","link":"https:\/\/www.elamazonico.com\/portal\/atencion-altas-temperaturas-se-registraran-en-ecuador-durante-este-jueves-27-de-junio\/","title":{"rendered":"\u00a1Atenci\u00f3n! Altas temperaturas se registrar\u00e1n en Ecuador durante este jueves, 27 de junio"},"content":{"rendered":"<p>Los \u00edndices de radiaci\u00f3n solar en Ecuador\u00a0<strong>ser\u00e1n altos d<\/strong>urante este\u00a0<strong>jueves<\/strong>, 27 de junio de 2024. La alerta fue emitida por el Instituto Nacional de Meteorolog\u00eda e Hidrolog\u00eda (INAMHI).\u00a0<strong>La intensidad de los rayos solares ser\u00e1 moderada (5), alta (6-7) y muy alta (8-10).<\/strong><\/p>\n<div class=\"google-auto-placed ap_container\"><ins class=\"adsbygoogle adsbygoogle-noablate\" data-ad-format=\"auto\" data-ad-client=\"ca-pub-4257119852434871\" data-adsbygoogle-status=\"done\" data-ad-status=\"unfilled\"><\/p>\n<div id=\"aswift_4_host\"><iframe id=\"aswift_4\" tabindex=\"0\" title=\"Advertisement\" src=\"https:\/\/googleads.g.doubleclick.net\/pagead\/ads?gdpr=0&amp;client=ca-pub-4257119852434871&amp;output=html&amp;h=280&amp;adk=701826108&amp;adf=2921504113&amp;w=856&amp;abgtt=6&amp;fwrn=4&amp;fwrnh=100&amp;lmt=1719498455&amp;num_ads=1&amp;rafmt=1&amp;armr=3&amp;sem=mc&amp;pwprc=2102549152&amp;ad_type=text_image&amp;format=856x280&amp;url=https%3A%2F%2Fwww.eltelegrafo.com.ec%2Fnoticias%2Fnacionales%2F44%2Fatencion-altas-temperaturas-se-registraran-en-ecuador-durante-este-jueves-27-de-junio&amp;fwr=0&amp;pra=3&amp;rh=200&amp;rw=855&amp;rpe=1&amp;resp_fmts=3&amp;wgl=1&amp;fa=27&amp;uach=WyJXaW5kb3dzIiwiMTAuMC4wIiwieDg2IiwiIiwiMTI2LjAuNjQ3OC4xMjciLG51bGwsMCxudWxsLCI2NCIsW1siTm90L0EpQnJhbmQiLCI4LjAuMC4wIl0sWyJDaHJvbWl1bSIsIjEyNi4wLjY0NzguMTI3Il0sWyJHb29nbGUgQ2hyb21lIiwiMTI2LjAuNjQ3OC4xMjciXV0sMF0.&amp;dt=1719498455100&amp;bpp=2&amp;bdt=1560&amp;idt=-M&amp;shv=r20240618&amp;mjsv=m202406250101&amp;ptt=9&amp;saldr=aa&amp;abxe=1&amp;cookie=ID%3D465c2541baf687a4%3AT%3D1699840113%3ART%3D1719498265%3AS%3DALNI_Ma8J3-ISjkQWbkwF4QK33swfyNVlA&amp;gpic=UID%3D00000da17ea21195%3AT%3D1699840113%3ART%3D1719498265%3AS%3DALNI_MbOBheOVo1yYc5GwEp6KpuqxEH-ZQ&amp;eo_id_str=ID%3Df6c0999a13c08c53%3AT%3D1705610660%3ART%3D1719498265%3AS%3DAA-AfjYoR4_Puu7LHamHTPYWFYxJ&amp;prev_fmts=0x0%2C200x600%2C728x90%2C416x280&amp;nras=5&amp;correlator=373830082804&amp;frm=20&amp;pv=1&amp;ga_vid=180629986.1699840112&amp;ga_sid=1719498454&amp;ga_hid=409421343&amp;ga_fc=1&amp;u_tz=-300&amp;u_his=3&amp;u_h=768&amp;u_w=1366&amp;u_ah=728&amp;u_aw=1366&amp;u_cd=24&amp;u_sd=0.667&amp;dmc=8&amp;adx=376&amp;ady=1506&amp;biw=2023&amp;bih=961&amp;scr_x=0&amp;scr_y=0&amp;eid=44759876%2C44759927%2C44759842%2C44798934%2C95331832%2C95332923%2C95333410%2C95334510%2C95334528%2C95334570%2C95334578%2C95335887%2C95335897%2C31084858%2C31084870%2C95335290%2C21065724%2C31078663%2C31078665%2C31078668%2C31078670&amp;oid=2&amp;psts=AOrYGslryp0yRRpv4fZIukp5zDI4kwDwof1VN8tTkYFU3W7Cf4wNRVZa0g3oytvZz4OR9XrFcBt2gNBCuFrnpQdsU4k28-2plXgchS_CMfeIQYgSsE3Mmg&amp;pvsid=30637463256827&amp;tmod=1854255171&amp;uas=0&amp;nvt=1&amp;ref=https%3A%2F%2Fwww.eltelegrafo.com.ec%2F&amp;fc=1408&amp;brdim=0%2C0%2C0%2C0%2C1366%2C0%2C1366%2C728%2C2049%2C961&amp;vis=1&amp;rsz=%7C%7Cs%7C&amp;abl=NS&amp;fu=128&amp;bc=31&amp;bz=0.67&amp;td=1&amp;tdf=2&amp;psd=W251bGwsbnVsbCxudWxsLDNd&amp;nt=1&amp;ifi=5&amp;uci=a!5&amp;btvi=4&amp;fsb=1&amp;dtd=291\" name=\"aswift_4\" width=\"856\" height=\"0\" frameborder=\"0\" marginwidth=\"0\" marginheight=\"0\" scrolling=\"no\" sandbox=\"allow-forms allow-popups allow-popups-to-escape-sandbox allow-same-origin allow-scripts allow-top-navigation-by-user-activation\" data-google-container-id=\"a!5\" aria-label=\"Advertisement\" data-google-query-id=\"CMC2g_X--4YDFSfe4wcdNOUHcg\" data-load-complete=\"true\" data-mce-fragment=\"1\"><\/iframe><\/div>\n<p><\/ins><\/div>\n<p>Seg\u00fan el Inamhi,\u00a0<strong>los \u00edndices muy altos<\/strong>\u00a0se registrar\u00e1n en el sur del pa\u00eds. Zamora Chinchipe, Loja, Morona Santiago, Azuay, Tungurahua, El Oro, Guayas, Santa Elena, Los R\u00edos y en el Sur de Manab\u00ed.<\/p>\n<p>En el caso de Ca\u00f1ar, Pastaza, Napo, Pichincha, Cotopaxi, Bol\u00edvar, Chimborazo, Santo Domingo, Esmeraldas, el norte de Manab\u00ed,\u00a0<strong>las temperaturas ser\u00e1n altas.<\/strong><\/p>\n<div class=\"twitter-tweet twitter-tweet-rendered\"><iframe id=\"twitter-widget-1\" class=\"\" title=\"X Post\" src=\"https:\/\/platform.twitter.com\/embed\/Tweet.html?creatorScreenName=el_telegrafo&amp;dnt=false&amp;embedId=twitter-widget-1&amp;features=eyJ0ZndfdGltZWxpbmVfbGlzdCI6eyJidWNrZXQiOltdLCJ2ZXJzaW9uIjpudWxsfSwidGZ3X2ZvbGxvd2VyX2NvdW50X3N1bnNldCI6eyJidWNrZXQiOnRydWUsInZlcnNpb24iOm51bGx9LCJ0ZndfdHdlZXRfZWRpdF9iYWNrZW5kIjp7ImJ1Y2tldCI6Im9uIiwidmVyc2lvbiI6bnVsbH0sInRmd19yZWZzcmNfc2Vzc2lvbiI6eyJidWNrZXQiOiJvbiIsInZlcnNpb24iOm51bGx9LCJ0ZndfZm9zbnJfc29mdF9pbnRlcnZlbnRpb25zX2VuYWJsZWQiOnsiYnVja2V0Ijoib24iLCJ2ZXJzaW9uIjpudWxsfSwidGZ3X21peGVkX21lZGlhXzE1ODk3Ijp7ImJ1Y2tldCI6InRyZWF0bWVudCIsInZlcnNpb24iOm51bGx9LCJ0ZndfZXhwZXJpbWVudHNfY29va2llX2V4cGlyYXRpb24iOnsiYnVja2V0IjoxMjA5NjAwLCJ2ZXJzaW9uIjpudWxsfSwidGZ3X3Nob3dfYmlyZHdhdGNoX3Bpdm90c19lbmFibGVkIjp7ImJ1Y2tldCI6Im9uIiwidmVyc2lvbiI6bnVsbH0sInRmd19kdXBsaWNhdGVfc2NyaWJlc190b19zZXR0aW5ncyI6eyJidWNrZXQiOiJvbiIsInZlcnNpb24iOm51bGx9LCJ0ZndfdXNlX3Byb2ZpbGVfaW1hZ2Vfc2hhcGVfZW5hYmxlZCI6eyJidWNrZXQiOiJvbiIsInZlcnNpb24iOm51bGx9LCJ0ZndfdmlkZW9faGxzX2R5bmFtaWNfbWFuaWZlc3RzXzE1MDgyIjp7ImJ1Y2tldCI6InRydWVfYml0cmF0ZSIsInZlcnNpb24iOm51bGx9LCJ0ZndfbGVnYWN5X3RpbWVsaW5lX3N1bnNldCI6eyJidWNrZXQiOnRydWUsInZlcnNpb24iOm51bGx9LCJ0ZndfdHdlZXRfZWRpdF9mcm9udGVuZCI6eyJidWNrZXQiOiJvbiIsInZlcnNpb24iOm51bGx9fQ%3D%3D&amp;frame=false&amp;hideCard=false&amp;hideThread=false&amp;id=1806136133203513494&amp;lang=es&amp;origin=https%3A%2F%2Fwww.eltelegrafo.com.ec%2Fnacionales%2Fnacionales%2F44%2Fatencion-altas-temperaturas-se-registraran-en-ecuador-durante-este-jueves-27-de-junio&amp;sessionId=70feae42168d2ef69a36fe31a0ce2060a99f4d9b&amp;siteScreenName=el_telegrafo&amp;theme=light&amp;widgetsVersion=2615f7e52b7e0%3A1702314776716&amp;width=550px\" frameborder=\"0\" scrolling=\"no\" allowfullscreen=\"allowfullscreen\" data-tweet-id=\"1806136133203513494\" data-mce-fragment=\"1\"><\/iframe><\/div>\n<p>Solo en el l\u00edmite de Carchi y Esmeraldas habr\u00e1\u00a0<strong>radiaci\u00f3n moderada.<\/strong><\/p>\n<p>Se recomienda a la ciudadan\u00eda\u00a0<strong>evitar la exposici\u00f3n al sol.<\/strong>\u00a0En caso de no hacerlo, utilizar protector solar, gafas, gorras, sombrillas u otros elementos y beber mucha agua.<\/p>\n<p><strong>Lea tambi\u00e9n:<\/strong><\/p>\n<div class=\"twitter-tweet twitter-tweet-rendered\"><iframe id=\"twitter-widget-2\" class=\"\" title=\"X Post\" src=\"https:\/\/platform.twitter.com\/embed\/Tweet.html?creatorScreenName=el_telegrafo&amp;dnt=false&amp;embedId=twitter-widget-2&amp;features=eyJ0ZndfdGltZWxpbmVfbGlzdCI6eyJidWNrZXQiOltdLCJ2ZXJzaW9uIjpudWxsfSwidGZ3X2ZvbGxvd2VyX2NvdW50X3N1bnNldCI6eyJidWNrZXQiOnRydWUsInZlcnNpb24iOm51bGx9LCJ0ZndfdHdlZXRfZWRpdF9iYWNrZW5kIjp7ImJ1Y2tldCI6Im9uIiwidmVyc2lvbiI6bnVsbH0sInRmd19yZWZzcmNfc2Vzc2lvbiI6eyJidWNrZXQiOiJvbiIsInZlcnNpb24iOm51bGx9LCJ0ZndfZm9zbnJfc29mdF9pbnRlcnZlbnRpb25zX2VuYWJsZWQiOnsiYnVja2V0Ijoib24iLCJ2ZXJzaW9uIjpudWxsfSwidGZ3X21peGVkX21lZGlhXzE1ODk3Ijp7ImJ1Y2tldCI6InRyZWF0bWVudCIsInZlcnNpb24iOm51bGx9LCJ0ZndfZXhwZXJpbWVudHNfY29va2llX2V4cGlyYXRpb24iOnsiYnVja2V0IjoxMjA5NjAwLCJ2ZXJzaW9uIjpudWxsfSwidGZ3X3Nob3dfYmlyZHdhdGNoX3Bpdm90c19lbmFibGVkIjp7ImJ1Y2tldCI6Im9uIiwidmVyc2lvbiI6bnVsbH0sInRmd19kdXBsaWNhdGVfc2NyaWJlc190b19zZXR0aW5ncyI6eyJidWNrZXQiOiJvbiIsInZlcnNpb24iOm51bGx9LCJ0ZndfdXNlX3Byb2ZpbGVfaW1hZ2Vfc2hhcGVfZW5hYmxlZCI6eyJidWNrZXQiOiJvbiIsInZlcnNpb24iOm51bGx9LCJ0ZndfdmlkZW9faGxzX2R5bmFtaWNfbWFuaWZlc3RzXzE1MDgyIjp7ImJ1Y2tldCI6InRydWVfYml0cmF0ZSIsInZlcnNpb24iOm51bGx9LCJ0ZndfbGVnYWN5X3RpbWVsaW5lX3N1bnNldCI6eyJidWNrZXQiOnRydWUsInZlcnNpb24iOm51bGx9LCJ0ZndfdHdlZXRfZWRpdF9mcm9udGVuZCI6eyJidWNrZXQiOiJvbiIsInZlcnNpb24iOm51bGx9fQ%3D%3D&amp;frame=false&amp;hideCard=false&amp;hideThread=false&amp;id=1806077475895615636&amp;lang=es&amp;origin=https%3A%2F%2Fwww.eltelegrafo.com.ec%2Fnacionales%2Fnacionales%2F44%2Fatencion-altas-temperaturas-se-registraran-en-ecuador-durante-este-jueves-27-de-junio&amp;sessionId=70feae42168d2ef69a36fe31a0ce2060a99f4d9b&amp;siteScreenName=el_telegrafo&amp;theme=light&amp;widgetsVersion=2615f7e52b7e0%3A1702314776716&amp;width=550px\" frameborder=\"0\" scrolling=\"no\" allowfullscreen=\"allowfullscreen\" data-tweet-id=\"1806077475895615636\" data-mce-fragment=\"1\"><\/iframe><\/div>\n<div><strong>Fuente: El Tel\u00e9grafo.<\/strong><\/div>\n","protected":false},"excerpt":{"rendered":"<p>Los \u00edndices de radiaci\u00f3n solar en Ecuador\u00a0ser\u00e1n altos durante este\u00a0jueves, 27 de junio de 2024. La alerta fue emitida por el Instituto Nacional de Meteorolog\u00eda e Hidrolog\u00eda (INAMHI).\u00a0La intensidad de los rayos solares ser\u00e1 moderada (5), alta (6-7) y muy alta (8-10). Seg\u00fan el Inamhi,\u00a0los \u00edndices muy altos\u00a0se registrar\u00e1n en el sur del pa\u00eds. Zamora Chinchipe, Loja, Morona Santiago, Azuay, Tungurahua, El Oro, Guayas, Santa Elena, Los R\u00edos y en el Sur de Manab\u00ed. En el caso de Ca\u00f1ar, Pastaza, Napo, Pichincha, Cotopaxi, Bol\u00edvar, Chimborazo, Santo Domingo, Esmeraldas, el norte de Manab\u00ed,\u00a0las temperaturas ser\u00e1n altas. Solo en el l\u00edmite de Carchi y Esmeraldas habr\u00e1\u00a0radiaci\u00f3n moderada. Se recomienda a la ciudadan\u00eda\u00a0evitar la exposici\u00f3n al sol.\u00a0En caso de no hacerlo, utilizar protector solar, gafas, gorras, sombrillas u otros elementos y beber mucha agua. Lea tambi\u00e9n: Fuente: El Tel\u00e9grafo.<\/p>\n","protected":false},"author":1,"featured_media":17143,"comment_status":"open","ping_status":"open","sticky":false,"template":"","format":"standard","meta":{"footnotes":""},"categories":[268],"tags":[],"class_list":["post-17142","post","type-post","status-publish","format-standard","has-post-thumbnail","hentry","category-nacionales"],"_links":{"self":[{"href":"https:\/\/www.elamazonico.com\/portal\/wp-json\/wp\/v2\/posts\/17142","targetHints":{"allow":["GET"]}}],"collection":[{"href":"https:\/\/www.elamazonico.com\/portal\/wp-json\/wp\/v2\/posts"}],"about":[{"href":"https:\/\/www.elamazonico.com\/portal\/wp-json\/wp\/v2\/types\/post"}],"author":[{"embeddable":true,"href":"https:\/\/www.elamazonico.com\/portal\/wp-json\/wp\/v2\/users\/1"}],"replies":[{"embeddable":true,"href":"https:\/\/www.elamazonico.com\/portal\/wp-json\/wp\/v2\/comments?post=17142"}],"version-history":[{"count":1,"href":"https:\/\/www.elamazonico.com\/portal\/wp-json\/wp\/v2\/posts\/17142\/revisions"}],"predecessor-version":[{"id":17144,"href":"https:\/\/www.elamazonico.com\/portal\/wp-json\/wp\/v2\/posts\/17142\/revisions\/17144"}],"wp:featuredmedia":[{"embeddable":true,"href":"https:\/\/www.elamazonico.com\/portal\/wp-json\/wp\/v2\/media\/17143"}],"wp:attachment":[{"href":"https:\/\/www.elamazonico.com\/portal\/wp-json\/wp\/v2\/media?parent=17142"}],"wp:term":[{"taxonomy":"category","embeddable":true,"href":"https:\/\/www.elamazonico.com\/portal\/wp-json\/wp\/v2\/categories?post=17142"},{"taxonomy":"post_tag","embeddable":true,"href":"https:\/\/www.elamazonico.com\/portal\/wp-json\/wp\/v2\/tags?post=17142"}],"curies":[{"name":"wp","href":"https:\/\/api.w.org\/{rel}","templated":true}]}}