{"id":17136,"date":"2024-06-27T12:59:17","date_gmt":"2024-06-27T17:59:17","guid":{"rendered":"https:\/\/www.elamazonico.com\/portal\/?p=17136"},"modified":"2024-06-27T12:59:17","modified_gmt":"2024-06-27T17:59:17","slug":"capturan-lancha-con-casi-una-tonelada-de-cocaina-cerca-de-salinas-asi-fue-el-operativo-de-la-armada","status":"publish","type":"post","link":"https:\/\/www.elamazonico.com\/portal\/capturan-lancha-con-casi-una-tonelada-de-cocaina-cerca-de-salinas-asi-fue-el-operativo-de-la-armada\/","title":{"rendered":"Capturan lancha con casi una tonelada de coca\u00edna cerca de Salinas: as\u00ed fue el operativo de la Armada"},"content":{"rendered":"<p class=\"p_0\">En una operaci\u00f3n conjunta de la<b>\u00a0Armada\u00a0<\/b>del Ecuador y la Polic\u00eda Nacional, se captur\u00f3 una lancha cargada con cerca de una\u00a0<b>tonelada<\/b>\u00a0de\u00a0<b>coca\u00edna<\/b>\u00a0en aguas jurisdiccionales de Ecuador. La embarcaci\u00f3n, presuntamente destinada a transportar la mercanc\u00eda ilegal hacia Centroam\u00e9rica y Norteam\u00e9rica, fue interceptada a 178 millas n\u00e1uticas del cant\u00f3n\u00a0<b>Salinas<\/b>, provincia de Santa Elena.<\/p>\n<p class=\"p_1\">Seg\u00fan el comunicado emitido este jueves por la Polic\u00eda Nacional, dos personas fueron\u00a0<b>aprehendidas<\/b>\u00a0durante el operativo. La Fiscal\u00eda ha procesado a los detenidos por el delito de tr\u00e1fico de sustancias sujetas a fiscalizaci\u00f3n.<\/p>\n<p class=\"p_2\">La lancha tipo panga transportaba 947 kilos de clorhidrato de coca\u00edna, distribuidos en veinti\u00fan bultos que conten\u00edan 800 bloques tipo ladrillo.<\/p>\n<p class=\"p_5\">La captura se llev\u00f3 a cabo gracias a la intervenci\u00f3n de la lancha guardacostas \u00abIsla San Crist\u00f3bal\u00bb de la\u00a0<b>Armada<\/b>\u00a0del Ecuador, que detect\u00f3 la embarcaci\u00f3n sospechosa.<\/p>\n<p class=\"p_6\">Adem\u00e1s de la droga, se incautaron dos dispositivos GPS, treinta y nueve canecas de combustible y documentos de identificaci\u00f3n de los tripulantes. Los detenidos se acogieron al derecho al\u00a0<b>silencio<\/b>.<\/p>\n<p class=\"p_7\">Los\u00a0<b>aprehendidos<\/b>,\u00a0<b>identificados<\/b>\u00a0como Orlyn Stalin M. S. y Pablo Ram\u00f3n S. Ch., fueron trasladados junto con la droga y otras evidencias a la zona Naval del cant\u00f3n Salinas. Posteriormente, fueron entregados al personal de la Fiscal\u00eda y de la Unidad Antinarc\u00f3ticos para los procedimientos legales correspondientes.<\/p>\n<p class=\"p_9\">En la audiencia de\u00a0<b>flagrancia<\/b>\u00a0desarrollada en la Unidad Judicial Multicompetente del cant\u00f3n La Libertad, la Fiscal\u00eda present\u00f3 varios\u00a0<b>elementos de convicci\u00f3n<\/b>, incluyendo el parte informativo de la Armada, el parte de aprehensi\u00f3n de la Polic\u00eda Antinarc\u00f3ticos, la prueba de identificaci\u00f3n preliminar homologada y el acta de verificaci\u00f3n y pesaje de la droga. Basado en estas pruebas, el Juez de Garant\u00edas Penales dict\u00f3\u00a0<b>prisi\u00f3n<\/b>\u00a0<b>preventiva<\/b>\u00a0para los acusados y orden\u00f3 su traslado a un centro reclusorio.<\/p>\n<p class=\"p_10\">La instrucci\u00f3n fiscal para este caso durar\u00e1 treinta d\u00edas. Se presume que la droga incautada ten\u00eda como destino final Centroam\u00e9rica. Este operativo se enmarca en los esfuerzos del gobierno ecuatoriano para combatir el narcotr\u00e1fico y el crimen organizado, problemas que han incrementado la violencia en el pa\u00eds.<\/p>\n<p class=\"p_11\">La Fiscal\u00eda procesa este caso bajo el art\u00edculo 220, numeral 1, literal d (gran escala) del C\u00f3digo Org\u00e1nico Integral Penal (COIP), que sanciona el tr\u00e1fico de sustancias sujetas a fiscalizaci\u00f3n con penas de diez a trece a\u00f1os de prisi\u00f3n.<\/p>\n","protected":false},"excerpt":{"rendered":"<p>En una operaci\u00f3n conjunta de la\u00a0Armada\u00a0del Ecuador y la Polic\u00eda Nacional, se captur\u00f3 una lancha cargada con cerca de una\u00a0tonelada\u00a0de\u00a0coca\u00edna\u00a0en aguas jurisdiccionales de Ecuador. La embarcaci\u00f3n, presuntamente destinada a transportar la mercanc\u00eda ilegal hacia Centroam\u00e9rica y Norteam\u00e9rica, fue interceptada a 178 millas n\u00e1uticas del cant\u00f3n\u00a0Salinas, provincia de Santa Elena. Seg\u00fan el comunicado emitido este jueves por la Polic\u00eda Nacional, dos personas fueron\u00a0aprehendidas\u00a0durante el operativo. La Fiscal\u00eda ha procesado a los detenidos por el delito de tr\u00e1fico de sustancias sujetas a fiscalizaci\u00f3n. La lancha tipo panga transportaba 947 kilos de clorhidrato de coca\u00edna, distribuidos en veinti\u00fan bultos que conten\u00edan 800 bloques tipo ladrillo. La captura se llev\u00f3 a cabo gracias a la intervenci\u00f3n de la lancha guardacostas \u00abIsla San Crist\u00f3bal\u00bb de la\u00a0Armada\u00a0del Ecuador, que detect\u00f3 la embarcaci\u00f3n sospechosa. Adem\u00e1s de la droga, se incautaron dos dispositivos GPS, treinta y nueve canecas de combustible y documentos de identificaci\u00f3n de los tripulantes. Los detenidos se acogieron al derecho al\u00a0silencio. Los\u00a0aprehendidos,\u00a0identificados\u00a0como Orlyn Stalin M. S. y Pablo Ram\u00f3n S. Ch., fueron trasladados junto con la droga y otras evidencias a la zona Naval del cant\u00f3n Salinas. Posteriormente, fueron entregados al personal de la Fiscal\u00eda y de la Unidad Antinarc\u00f3ticos para los procedimientos legales correspondientes. En la audiencia de\u00a0flagrancia\u00a0desarrollada en la Unidad Judicial Multicompetente del cant\u00f3n La Libertad, la Fiscal\u00eda present\u00f3 varios\u00a0elementos de convicci\u00f3n, incluyendo el parte informativo de la Armada, el parte de aprehensi\u00f3n de la Polic\u00eda Antinarc\u00f3ticos, la prueba de identificaci\u00f3n preliminar homologada y el acta de verificaci\u00f3n y pesaje de la droga. Basado en estas pruebas, el Juez de Garant\u00edas Penales dict\u00f3\u00a0prisi\u00f3n\u00a0preventiva\u00a0para los acusados y orden\u00f3 su traslado a un centro reclusorio. La instrucci\u00f3n fiscal para este caso durar\u00e1 treinta d\u00edas. Se presume que la droga incautada ten\u00eda como destino final Centroam\u00e9rica. Este operativo se enmarca en los esfuerzos del gobierno ecuatoriano para combatir el narcotr\u00e1fico y el crimen organizado, problemas que han incrementado la violencia en el pa\u00eds. La Fiscal\u00eda procesa este caso bajo el art\u00edculo 220, numeral 1, literal d (gran escala) del C\u00f3digo Org\u00e1nico Integral Penal (COIP), que sanciona el tr\u00e1fico de sustancias sujetas a fiscalizaci\u00f3n con penas de diez a trece a\u00f1os de prisi\u00f3n.<\/p>\n","protected":false},"author":1,"featured_media":17177,"comment_status":"open","ping_status":"open","sticky":false,"template":"","format":"standard","meta":{"footnotes":""},"categories":[268],"tags":[],"class_list":["post-17136","post","type-post","status-publish","format-standard","has-post-thumbnail","hentry","category-nacionales"],"_links":{"self":[{"href":"https:\/\/www.elamazonico.com\/portal\/wp-json\/wp\/v2\/posts\/17136","targetHints":{"allow":["GET"]}}],"collection":[{"href":"https:\/\/www.elamazonico.com\/portal\/wp-json\/wp\/v2\/posts"}],"about":[{"href":"https:\/\/www.elamazonico.com\/portal\/wp-json\/wp\/v2\/types\/post"}],"author":[{"embeddable":true,"href":"https:\/\/www.elamazonico.com\/portal\/wp-json\/wp\/v2\/users\/1"}],"replies":[{"embeddable":true,"href":"https:\/\/www.elamazonico.com\/portal\/wp-json\/wp\/v2\/comments?post=17136"}],"version-history":[{"count":1,"href":"https:\/\/www.elamazonico.com\/portal\/wp-json\/wp\/v2\/posts\/17136\/revisions"}],"predecessor-version":[{"id":17178,"href":"https:\/\/www.elamazonico.com\/portal\/wp-json\/wp\/v2\/posts\/17136\/revisions\/17178"}],"wp:featuredmedia":[{"embeddable":true,"href":"https:\/\/www.elamazonico.com\/portal\/wp-json\/wp\/v2\/media\/17177"}],"wp:attachment":[{"href":"https:\/\/www.elamazonico.com\/portal\/wp-json\/wp\/v2\/media?parent=17136"}],"wp:term":[{"taxonomy":"category","embeddable":true,"href":"https:\/\/www.elamazonico.com\/portal\/wp-json\/wp\/v2\/categories?post=17136"},{"taxonomy":"post_tag","embeddable":true,"href":"https:\/\/www.elamazonico.com\/portal\/wp-json\/wp\/v2\/tags?post=17136"}],"curies":[{"name":"wp","href":"https:\/\/api.w.org\/{rel}","templated":true}]}}