{"id":17130,"date":"2024-06-26T21:23:45","date_gmt":"2024-06-27T02:23:45","guid":{"rendered":"https:\/\/www.elamazonico.com\/portal\/?p=17130"},"modified":"2024-06-26T21:23:45","modified_gmt":"2024-06-27T02:23:45","slug":"nueva-denuncia-contra-hospital-del-iess-en-cuenca-por-mal-diagnostico-operaron-un-tumor-que-no-existia","status":"publish","type":"post","link":"https:\/\/www.elamazonico.com\/portal\/nueva-denuncia-contra-hospital-del-iess-en-cuenca-por-mal-diagnostico-operaron-un-tumor-que-no-existia\/","title":{"rendered":"Nueva denuncia contra hospital del IESS en Cuenca por mal diagn\u00f3stico: operaron un tumor que no exist\u00eda"},"content":{"rendered":"<p class=\"p_0\">El\u00a0<a href=\"https:\/\/www.vistazo.com\/actualidad\/nacional\/denuncian-mala-practica-medica-en-hospital-de-cuenca-operaron-la-pierna-equivocada-de-una-nina-CH7485774\">Hospital Jos\u00e9 Carrasco Arteaga del Instituto Ecuatoriano de Seguridad Social (IESS)<\/a>\u00a0en\u00a0<b>Cuenca<\/b>\u00a0vuelve a estar envuelto en una pol\u00e9mica, puesto que apareci\u00f3 un\u00a0<b>nuevo caso de negligencia m\u00e9dica<\/b>. Al parecer, una adolescente fue operada de un<b>\u00a0tumor que nunca existi\u00f3.<\/b><\/p>\n<p class=\"p_1\">Todo empez\u00f3 el 23 de mayo, cuando una madre se present\u00f3 con su hija de 15 a\u00f1os en el Centro Materno Infantil para una ecograf\u00eda. El resultado fue devastador:\u00a0<b>supuestamente, la joven ten\u00eda un tumor de unos ocho cent\u00edmetros en los ovarios<\/b>.<\/p>\n<p class=\"p_2\">El m\u00e9dico que la atendi\u00f3 en ese momento asegur\u00f3 que no hab\u00eda otra opci\u00f3n que extraer el tumor.<\/p>\n<p class=\"p_3\">Luego, acudieron al \u00e1rea de emergencia ginecol\u00f3gica del Hospital Jos\u00e9 Carrasco, donde otro m\u00e9dico observ\u00f3 la ecograf\u00eda y confirm\u00f3 el diagn\u00f3stico.<\/p>\n<p class=\"p_4\">\u201cMe dice:\u00a0<b>\u2018Totalmente de acuerdo en que existe este tumor y que debe ser extra\u00eddo por una cirug\u00eda\u2019<\/b>\u201d, relat\u00f3 la madre de la v\u00edctima al medio digital Red Informativa de Cuenca.<\/p>\n<p class=\"p_6\">El 28 de mayo, la adolescente fue sometida a la cirug\u00eda, pero a los pocos minutos el doctor llam\u00f3 a la madre para informarle que todo era una falsa alarma.\u00a0<b>\u201cMe indica que no hay nada, no se encuentra ning\u00fan tumor\u201d<\/b>, asegur\u00f3 la se\u00f1ora. Aparentemente, hubo una confusi\u00f3n en el diagn\u00f3stico.<\/p>\n<p class=\"p_7\">\u201cMe qued\u00e9 realmente sin palabras, indignada, muerta de la pena de ver a mi hija acostada en un quir\u00f3fano con anestesia. Incluso, ten\u00eda un sentimiento de culpa porque\u00a0<b>confi\u00e9 en alguien que no deb\u00eda<\/b>, a pesar de tantos rumores que exist\u00edan, pero en mi apuro en que ella mejore, confi\u00e9 ciegamente en ellos\u201d, confes\u00f3 la madre a Red Informativa.<\/p>\n<p class=\"p_8\">No es la primera vez que se reportan este tipo de hechos en aquel hospital. Hace casi dos semanas, se conoci\u00f3 que m\u00e9dicos de esta casa de salud\u00a0<b><a href=\"https:\/\/www.vistazo.com\/actualidad\/nacional\/denuncian-mala-practica-medica-en-hospital-de-cuenca-operaron-la-pierna-equivocada-de-una-nina-CH7485774\">operaron la pierna equivocada de una ni\u00f1a<\/a><\/b>.<\/p>\n<p class=\"p_9\">El IESS dijo que se estaba investigando para determinar responsabilidades, pero nunca se lleg\u00f3 a saber m\u00e1s detalles. Sobre el nuevo caso, la instituci\u00f3n no ha mencionado nada. <strong>Fuente: Vistazo<\/strong><\/p>\n<blockquote class=\"twitter-tweet\" data-width=\"550\" data-dnt=\"true\">\n<p lang=\"es\" dir=\"ltr\">Atenci\u00f3n: Un nuevo caso de supuesta negligencia m\u00e9dica en el hospital Jos\u00e9 Carrasco del IESS.<\/p>\n<p>A una menor de 15 a\u00f1os la intervinieron por un supuesto tumor en los ovarios, pero luego de la operaci\u00f3n se dieron cuenta de que no ten\u00eda nada. <a href=\"https:\/\/t.co\/cXL5jggTLs\">pic.twitter.com\/cXL5jggTLs<\/a><\/p>\n<p>&mdash; RED Informativa (@_REDInformativa) <a href=\"https:\/\/twitter.com\/_REDInformativa\/status\/1805594003976470556?ref_src=twsrc%5Etfw\">June 25, 2024<\/a><\/p><\/blockquote>\n<p><script async src=\"https:\/\/platform.twitter.com\/widgets.js\" charset=\"utf-8\"><\/script><\/p>\n","protected":false},"excerpt":{"rendered":"<p>El\u00a0Hospital Jos\u00e9 Carrasco Arteaga del Instituto Ecuatoriano de Seguridad Social (IESS)\u00a0en\u00a0Cuenca\u00a0vuelve a estar envuelto en una pol\u00e9mica, puesto que apareci\u00f3 un\u00a0nuevo caso de negligencia m\u00e9dica. Al parecer, una adolescente fue operada de un\u00a0tumor que nunca existi\u00f3. Todo empez\u00f3 el 23 de mayo, cuando una madre se present\u00f3 con su hija de 15 a\u00f1os en el Centro Materno Infantil para una ecograf\u00eda. El resultado fue devastador:\u00a0supuestamente, la joven ten\u00eda un tumor de unos ocho cent\u00edmetros en los ovarios. El m\u00e9dico que la atendi\u00f3 en ese momento asegur\u00f3 que no hab\u00eda otra opci\u00f3n que extraer el tumor. Luego, acudieron al \u00e1rea de emergencia ginecol\u00f3gica del Hospital Jos\u00e9 Carrasco, donde otro m\u00e9dico observ\u00f3 la ecograf\u00eda y confirm\u00f3 el diagn\u00f3stico. \u201cMe dice:\u00a0\u2018Totalmente de acuerdo en que existe este tumor y que debe ser extra\u00eddo por una cirug\u00eda\u2019\u201d, relat\u00f3 la madre de la v\u00edctima al medio digital Red Informativa de Cuenca. El 28 de mayo, la adolescente fue sometida a la cirug\u00eda, pero a los pocos minutos el doctor llam\u00f3 a la madre para informarle que todo era una falsa alarma.\u00a0\u201cMe indica que no hay nada, no se encuentra ning\u00fan tumor\u201d, asegur\u00f3 la se\u00f1ora. Aparentemente, hubo una confusi\u00f3n en el diagn\u00f3stico. \u201cMe qued\u00e9 realmente sin palabras, indignada, muerta de la pena de ver a mi hija acostada en un quir\u00f3fano con anestesia. Incluso, ten\u00eda un sentimiento de culpa porque\u00a0confi\u00e9 en alguien que no deb\u00eda, a pesar de tantos rumores que exist\u00edan, pero en mi apuro en que ella mejore, confi\u00e9 ciegamente en ellos\u201d, confes\u00f3 la madre a Red Informativa. No es la primera vez que se reportan este tipo de hechos en aquel hospital. Hace casi dos semanas, se conoci\u00f3 que m\u00e9dicos de esta casa de salud\u00a0operaron la pierna equivocada de una ni\u00f1a. El IESS dijo que se estaba investigando para determinar responsabilidades, pero nunca se lleg\u00f3 a saber m\u00e1s detalles. Sobre el nuevo caso, la instituci\u00f3n no ha mencionado nada. Fuente: Vistazo Atenci\u00f3n: Un nuevo caso de supuesta negligencia m\u00e9dica en el hospital Jos\u00e9 Carrasco del IESS. A una menor de 15 a\u00f1os la intervinieron por un supuesto tumor en los ovarios, pero luego de la operaci\u00f3n se dieron cuenta de que no ten\u00eda nada. pic.twitter.com\/cXL5jggTLs &mdash; RED Informativa (@_REDInformativa) June 25, 2024<\/p>\n","protected":false},"author":1,"featured_media":17131,"comment_status":"open","ping_status":"open","sticky":false,"template":"","format":"standard","meta":{"footnotes":""},"categories":[268],"tags":[],"class_list":["post-17130","post","type-post","status-publish","format-standard","has-post-thumbnail","hentry","category-nacionales"],"_links":{"self":[{"href":"https:\/\/www.elamazonico.com\/portal\/wp-json\/wp\/v2\/posts\/17130","targetHints":{"allow":["GET"]}}],"collection":[{"href":"https:\/\/www.elamazonico.com\/portal\/wp-json\/wp\/v2\/posts"}],"about":[{"href":"https:\/\/www.elamazonico.com\/portal\/wp-json\/wp\/v2\/types\/post"}],"author":[{"embeddable":true,"href":"https:\/\/www.elamazonico.com\/portal\/wp-json\/wp\/v2\/users\/1"}],"replies":[{"embeddable":true,"href":"https:\/\/www.elamazonico.com\/portal\/wp-json\/wp\/v2\/comments?post=17130"}],"version-history":[{"count":1,"href":"https:\/\/www.elamazonico.com\/portal\/wp-json\/wp\/v2\/posts\/17130\/revisions"}],"predecessor-version":[{"id":17132,"href":"https:\/\/www.elamazonico.com\/portal\/wp-json\/wp\/v2\/posts\/17130\/revisions\/17132"}],"wp:featuredmedia":[{"embeddable":true,"href":"https:\/\/www.elamazonico.com\/portal\/wp-json\/wp\/v2\/media\/17131"}],"wp:attachment":[{"href":"https:\/\/www.elamazonico.com\/portal\/wp-json\/wp\/v2\/media?parent=17130"}],"wp:term":[{"taxonomy":"category","embeddable":true,"href":"https:\/\/www.elamazonico.com\/portal\/wp-json\/wp\/v2\/categories?post=17130"},{"taxonomy":"post_tag","embeddable":true,"href":"https:\/\/www.elamazonico.com\/portal\/wp-json\/wp\/v2\/tags?post=17130"}],"curies":[{"name":"wp","href":"https:\/\/api.w.org\/{rel}","templated":true}]}}