{"id":17102,"date":"2024-06-26T10:06:32","date_gmt":"2024-06-26T15:06:32","guid":{"rendered":"https:\/\/www.elamazonico.com\/portal\/?p=17102"},"modified":"2024-06-26T10:06:32","modified_gmt":"2024-06-26T15:06:32","slug":"solca-deja-de-atender-a-pacientes-con-cancer-por-la-deuda-que-mantiene-el-gobierno-y-el-iess-en-derivaciones","status":"publish","type":"post","link":"https:\/\/www.elamazonico.com\/portal\/solca-deja-de-atender-a-pacientes-con-cancer-por-la-deuda-que-mantiene-el-gobierno-y-el-iess-en-derivaciones\/","title":{"rendered":"SOLCA deja de atender a pacientes con c\u00e1ncer por la deuda que mantiene el gobierno y el IESS en derivaciones"},"content":{"rendered":"<p>La Sociedad de Lucha Contra el C\u00e1ncer SOLCA, ha resuelto no atender m\u00e1s a los pacientes que reciben tratamientos contra el c\u00e1ncer que son derivados por los hospitales p\u00fablicos y del IESS.<\/p>\n<p>En un comunicado difundido en sus redes sociales, han hecho p\u00fablica su decisi\u00f3n con el perjuicio a miles de pacientes que afrontan esta enfermedad en la sede de Guayaquil, la m\u00e1s grande por n\u00famero de pacientes.<\/p>\n<figure class=\"wp-block-embed is-type-rich is-provider-twitter wp-block-embed-twitter\">\n<div class=\"wp-block-embed__wrapper\">\n<div class=\"twitter-tweet twitter-tweet-rendered\"><iframe id=\"twitter-widget-0\" class=\"\" title=\"X Post\" src=\"https:\/\/platform.twitter.com\/embed\/Tweet.html?creatorScreenName=ecuadorenvivo&amp;dnt=true&amp;embedId=twitter-widget-0&amp;features=eyJ0ZndfdGltZWxpbmVfbGlzdCI6eyJidWNrZXQiOltdLCJ2ZXJzaW9uIjpudWxsfSwidGZ3X2ZvbGxvd2VyX2NvdW50X3N1bnNldCI6eyJidWNrZXQiOnRydWUsInZlcnNpb24iOm51bGx9LCJ0ZndfdHdlZXRfZWRpdF9iYWNrZW5kIjp7ImJ1Y2tldCI6Im9uIiwidmVyc2lvbiI6bnVsbH0sInRmd19yZWZzcmNfc2Vzc2lvbiI6eyJidWNrZXQiOiJvbiIsInZlcnNpb24iOm51bGx9LCJ0ZndfZm9zbnJfc29mdF9pbnRlcnZlbnRpb25zX2VuYWJsZWQiOnsiYnVja2V0Ijoib24iLCJ2ZXJzaW9uIjpudWxsfSwidGZ3X21peGVkX21lZGlhXzE1ODk3Ijp7ImJ1Y2tldCI6InRyZWF0bWVudCIsInZlcnNpb24iOm51bGx9LCJ0ZndfZXhwZXJpbWVudHNfY29va2llX2V4cGlyYXRpb24iOnsiYnVja2V0IjoxMjA5NjAwLCJ2ZXJzaW9uIjpudWxsfSwidGZ3X3Nob3dfYmlyZHdhdGNoX3Bpdm90c19lbmFibGVkIjp7ImJ1Y2tldCI6Im9uIiwidmVyc2lvbiI6bnVsbH0sInRmd19kdXBsaWNhdGVfc2NyaWJlc190b19zZXR0aW5ncyI6eyJidWNrZXQiOiJvbiIsInZlcnNpb24iOm51bGx9LCJ0ZndfdXNlX3Byb2ZpbGVfaW1hZ2Vfc2hhcGVfZW5hYmxlZCI6eyJidWNrZXQiOiJvbiIsInZlcnNpb24iOm51bGx9LCJ0ZndfdmlkZW9faGxzX2R5bmFtaWNfbWFuaWZlc3RzXzE1MDgyIjp7ImJ1Y2tldCI6InRydWVfYml0cmF0ZSIsInZlcnNpb24iOm51bGx9LCJ0ZndfbGVnYWN5X3RpbWVsaW5lX3N1bnNldCI6eyJidWNrZXQiOnRydWUsInZlcnNpb24iOm51bGx9LCJ0ZndfdHdlZXRfZWRpdF9mcm9udGVuZCI6eyJidWNrZXQiOiJvbiIsInZlcnNpb24iOm51bGx9fQ%3D%3D&amp;frame=false&amp;hideCard=false&amp;hideThread=false&amp;id=1805686962772394469&amp;lang=es&amp;origin=https%3A%2F%2Fecuadorenvivo.com%2Fsolca-deja-de-atender-a-pacientes-con-cancer-por-la-deuda-que-mantiene-el-gobierno-y-el-iess-por-derivaciones%2F&amp;sessionId=046113f738b92be70ad522ec6dca331dda37d801&amp;siteScreenName=ecuadorenvivo&amp;theme=light&amp;widgetsVersion=2615f7e52b7e0%3A1702314776716&amp;width=550px\" frameborder=\"0\" scrolling=\"no\" allowfullscreen=\"allowfullscreen\" data-tweet-id=\"1805686962772394469\" data-mce-fragment=\"1\"><\/iframe><\/div>\n<\/div>\n<\/figure>\n<p>Es el segundo frente que se abre el gobierno de Noboa y el Instituto de Seguridad Social IESS, cuyo presidente es representante del presidente, con las cl\u00ednicas y prestadores privados que se quejan del no pago de facturas y obligaciones, que seg\u00fan este gremio superan los 100 millones de d\u00f3lares.<\/p>\n<figure class=\"wp-block-embed is-type-wp-embed is-provider-ecuador-en-vivo wp-block-embed-ecuador-en-vivo\">\n<div class=\"wp-block-embed__wrapper\"><iframe class=\"wp-embedded-content\" title=\"\u00ab\u00abAl gobierno no le importa la salud\u00bb, advierten asociaciones de enfermos incurables. Deuda supera los 90 millones\u00bb \u2014 ECUADOR EN VIVO\" src=\"https:\/\/ecuadorenvivo.com\/al-gobierno-no-le-importa-la-salud-advierten-asociaciones-de-enfermos-incurables-deuda-supera-los-90-millones\/embed\/#?secret=Ws0wF80y9Y#?secret=9BtbM5QwPd\" width=\"600\" height=\"334\" frameborder=\"0\" marginwidth=\"0\" marginheight=\"0\" scrolling=\"no\" sandbox=\"allow-scripts\" data-secret=\"9BtbM5QwPd\" data-mce-fragment=\"1\"><\/iframe><\/div>\n<\/figure>\n<p>Del lado oficial no hay una versi\u00f3n, ni del nuevo ministro de\u00a0<strong>salud Manuel Naranjo, quien adem\u00e1s viene del sector privado, un grupo hospitalario privado de Quito<\/strong>, ni tampoco el IESS y su presidente Eduardo Pe\u00f1a ha dado un pronunciamiento oficial o posici\u00f3n institucional sobre las obligaciones.<\/p>\n<p><strong>Fuente: Ecuadorenvivo.<\/strong><\/p>\n","protected":false},"excerpt":{"rendered":"<p>La Sociedad de Lucha Contra el C\u00e1ncer SOLCA, ha resuelto no atender m\u00e1s a los pacientes que reciben tratamientos contra el c\u00e1ncer que son derivados por los hospitales p\u00fablicos y del IESS. En un comunicado difundido en sus redes sociales, han hecho p\u00fablica su decisi\u00f3n con el perjuicio a miles de pacientes que afrontan esta enfermedad en la sede de Guayaquil, la m\u00e1s grande por n\u00famero de pacientes. Es el segundo frente que se abre el gobierno de Noboa y el Instituto de Seguridad Social IESS, cuyo presidente es representante del presidente, con las cl\u00ednicas y prestadores privados que se quejan del no pago de facturas y obligaciones, que seg\u00fan este gremio superan los 100 millones de d\u00f3lares. Del lado oficial no hay una versi\u00f3n, ni del nuevo ministro de\u00a0salud Manuel Naranjo, quien adem\u00e1s viene del sector privado, un grupo hospitalario privado de Quito, ni tampoco el IESS y su presidente Eduardo Pe\u00f1a ha dado un pronunciamiento oficial o posici\u00f3n institucional sobre las obligaciones. Fuente: Ecuadorenvivo.<\/p>\n","protected":false},"author":1,"featured_media":17103,"comment_status":"open","ping_status":"open","sticky":false,"template":"","format":"standard","meta":{"footnotes":""},"categories":[268],"tags":[],"class_list":["post-17102","post","type-post","status-publish","format-standard","has-post-thumbnail","hentry","category-nacionales"],"_links":{"self":[{"href":"https:\/\/www.elamazonico.com\/portal\/wp-json\/wp\/v2\/posts\/17102","targetHints":{"allow":["GET"]}}],"collection":[{"href":"https:\/\/www.elamazonico.com\/portal\/wp-json\/wp\/v2\/posts"}],"about":[{"href":"https:\/\/www.elamazonico.com\/portal\/wp-json\/wp\/v2\/types\/post"}],"author":[{"embeddable":true,"href":"https:\/\/www.elamazonico.com\/portal\/wp-json\/wp\/v2\/users\/1"}],"replies":[{"embeddable":true,"href":"https:\/\/www.elamazonico.com\/portal\/wp-json\/wp\/v2\/comments?post=17102"}],"version-history":[{"count":1,"href":"https:\/\/www.elamazonico.com\/portal\/wp-json\/wp\/v2\/posts\/17102\/revisions"}],"predecessor-version":[{"id":17104,"href":"https:\/\/www.elamazonico.com\/portal\/wp-json\/wp\/v2\/posts\/17102\/revisions\/17104"}],"wp:featuredmedia":[{"embeddable":true,"href":"https:\/\/www.elamazonico.com\/portal\/wp-json\/wp\/v2\/media\/17103"}],"wp:attachment":[{"href":"https:\/\/www.elamazonico.com\/portal\/wp-json\/wp\/v2\/media?parent=17102"}],"wp:term":[{"taxonomy":"category","embeddable":true,"href":"https:\/\/www.elamazonico.com\/portal\/wp-json\/wp\/v2\/categories?post=17102"},{"taxonomy":"post_tag","embeddable":true,"href":"https:\/\/www.elamazonico.com\/portal\/wp-json\/wp\/v2\/tags?post=17102"}],"curies":[{"name":"wp","href":"https:\/\/api.w.org\/{rel}","templated":true}]}}