{"id":17099,"date":"2024-06-26T09:52:33","date_gmt":"2024-06-26T14:52:33","guid":{"rendered":"https:\/\/www.elamazonico.com\/portal\/?p=17099"},"modified":"2024-06-26T09:52:33","modified_gmt":"2024-06-26T14:52:33","slug":"alondra-ante-reproduccion-del-himno-en-cadena-nacional-gracias-daniel-por-tu-impulsividad","status":"publish","type":"post","link":"https:\/\/www.elamazonico.com\/portal\/alondra-ante-reproduccion-del-himno-en-cadena-nacional-gracias-daniel-por-tu-impulsividad\/","title":{"rendered":"Alondra ante reproducci\u00f3n del himno en cadena nacional: \u2018Gracias Daniel por tu impulsividad\u2019"},"content":{"rendered":"<p>La Presidencia de Ecuador transmiti\u00f3 el Himno Nacional en una cadena la noche de este martes 25 de junio de 2024. Este fue el segundo mensaje a la naci\u00f3n de Daniel Noboa en sus siete meses de gesti\u00f3n.<\/p>\n<p>La introducci\u00f3n de la cadena nacional incluy\u00f3 el mensaje: \u201cPor respeto al pa\u00eds\u201d. Posteriormente, se reprodujo el Himno con subt\u00edtulos blancos para seguir la letra, acompa\u00f1ado de im\u00e1genes de paisajes de Ecuador, personas y ni\u00f1os. El video concluy\u00f3 con la bandera de Ecuador y un mensaje del Gobierno: \u00abEl nuevo Ecuador resuelve\u00bb.<\/p>\n<p>Esta transmisi\u00f3n coincidi\u00f3 con el anuncio del Gobierno de Daniel Noboa sobre la revocaci\u00f3n de la visa de la periodista cubana Alondra Santiago, quien en ese momento anunciaba la presentaci\u00f3n de medidas cautelares para evitar su deportaci\u00f3n.<\/p>\n<p>\u00abConfiamos en que los jueces tomar\u00e1n la decisi\u00f3n correcta. Ya hay pronunciamientos de organismos internacionales, y espero que la justicia act\u00fae adecuadamente\u00bb, expres\u00f3 Alondra la noche del martes 25 de junio.<\/p>\n<p>Mientras daba estas declaraciones en vivo en su cuenta de YouTube, el Gobierno dispuso la transmisi\u00f3n del Himno Nacional en cadena nacional. El pasado 31 de mayo, Alondra public\u00f3 un video en redes sociales donde mezclaba la letra del Himno Nacional con cr\u00edticas al Gobierno de Noboa. Sin embargo, en la cadena nacional del 25 de junio, solo se difundi\u00f3 el Himno Nacional, sin hacer referencia al caso de Alondra Santiago.<\/p>\n<figure class=\"wp-block-embed is-type-rich is-provider-twitter wp-block-embed-twitter\">\n<div class=\"wp-block-embed__wrapper\">\n<div class=\"twitter-tweet twitter-tweet-rendered\"><iframe id=\"twitter-widget-0\" class=\"\" title=\"X Post\" src=\"https:\/\/platform.twitter.com\/embed\/Tweet.html?creatorScreenName=ecuadorenvivo&amp;dnt=true&amp;embedId=twitter-widget-0&amp;features=eyJ0ZndfdGltZWxpbmVfbGlzdCI6eyJidWNrZXQiOltdLCJ2ZXJzaW9uIjpudWxsfSwidGZ3X2ZvbGxvd2VyX2NvdW50X3N1bnNldCI6eyJidWNrZXQiOnRydWUsInZlcnNpb24iOm51bGx9LCJ0ZndfdHdlZXRfZWRpdF9iYWNrZW5kIjp7ImJ1Y2tldCI6Im9uIiwidmVyc2lvbiI6bnVsbH0sInRmd19yZWZzcmNfc2Vzc2lvbiI6eyJidWNrZXQiOiJvbiIsInZlcnNpb24iOm51bGx9LCJ0ZndfZm9zbnJfc29mdF9pbnRlcnZlbnRpb25zX2VuYWJsZWQiOnsiYnVja2V0Ijoib24iLCJ2ZXJzaW9uIjpudWxsfSwidGZ3X21peGVkX21lZGlhXzE1ODk3Ijp7ImJ1Y2tldCI6InRyZWF0bWVudCIsInZlcnNpb24iOm51bGx9LCJ0ZndfZXhwZXJpbWVudHNfY29va2llX2V4cGlyYXRpb24iOnsiYnVja2V0IjoxMjA5NjAwLCJ2ZXJzaW9uIjpudWxsfSwidGZ3X3Nob3dfYmlyZHdhdGNoX3Bpdm90c19lbmFibGVkIjp7ImJ1Y2tldCI6Im9uIiwidmVyc2lvbiI6bnVsbH0sInRmd19kdXBsaWNhdGVfc2NyaWJlc190b19zZXR0aW5ncyI6eyJidWNrZXQiOiJvbiIsInZlcnNpb24iOm51bGx9LCJ0ZndfdXNlX3Byb2ZpbGVfaW1hZ2Vfc2hhcGVfZW5hYmxlZCI6eyJidWNrZXQiOiJvbiIsInZlcnNpb24iOm51bGx9LCJ0ZndfdmlkZW9faGxzX2R5bmFtaWNfbWFuaWZlc3RzXzE1MDgyIjp7ImJ1Y2tldCI6InRydWVfYml0cmF0ZSIsInZlcnNpb24iOm51bGx9LCJ0ZndfbGVnYWN5X3RpbWVsaW5lX3N1bnNldCI6eyJidWNrZXQiOnRydWUsInZlcnNpb24iOm51bGx9LCJ0ZndfdHdlZXRfZWRpdF9mcm9udGVuZCI6eyJidWNrZXQiOiJvbiIsInZlcnNpb24iOm51bGx9fQ%3D%3D&amp;frame=false&amp;hideCard=false&amp;hideThread=false&amp;id=1796519499598012431&amp;lang=es&amp;origin=https%3A%2F%2Fecuadorenvivo.com%2Falondra-ante-reproduccion-del-himno-en-cadena-nacional-gracias-daniel-por-tu-impulsividad%2F&amp;sessionId=36a49eae66e3230ae66c06820b6d39135a9ac7e5&amp;siteScreenName=ecuadorenvivo&amp;theme=light&amp;widgetsVersion=2615f7e52b7e0%3A1702314776716&amp;width=550px\" frameborder=\"0\" scrolling=\"no\" allowfullscreen=\"allowfullscreen\" data-tweet-id=\"1796519499598012431\" data-mce-fragment=\"1\"><\/iframe><\/div>\n<\/div>\n<\/figure>\n<p><strong>Reacci\u00f3n de Alondra Santiago<\/strong><\/p>\n<p>Alondra Santiago reaccion\u00f3 a la cadena nacional emitida mientras transmit\u00eda su programa en vivo. \u00abAl final, esto demuestra que es un ataque contra mi trabajo period\u00edstico\u00bb, afirm\u00f3 la comunicadora.<\/p>\n<p>Tambi\u00e9n a\u00f1adi\u00f3: \u00abGracias, Daniel, por tu impulsividad y por demostrar que no tienen nada en mi contra. Mis abogados tomar\u00e1n cartas en el asunto\u201d.<\/p>\n<p>\u201cDaniel, pensaste que me quitaste la paz, pero me la devolviste. Qu\u00e9 lindo que te sientas patriota hoy. Ojal\u00e1 te sientas patriota y bajes el IVA, crees obras p\u00fablicas y gestiones educaci\u00f3n, salud, etc\u00bb, a\u00f1adi\u00f3 Alondra durante su programa. Luego, en la parte final de su transmisi\u00f3n, Alondra cant\u00f3 el Himno de Ecuador.<\/p>\n<p>A su criterio, la revocatoria de su visa es \u00abun atentado a la libertad de prensa y expresi\u00f3n\u00bb. \u00abEste Gobierno quiere silenciarme\u00bb, dijo la comunicadora al enterarse de la decisi\u00f3n de la Canciller\u00eda de Ecuador.<\/p>\n<p>Finalmente, la activista responsabiliz\u00f3 al presidente Daniel Noboa y a sus ministros por cualquier atentado contra su integridad. Dice que teme por su seguridad y menciona la relaci\u00f3n que podr\u00eda haber entre la cadena nacional emitida por el r\u00e9gimen con el retiro de su visa.<\/p>\n<p>\u00abQuiero advertir algo: a partir de ahora se inventar\u00e1n cualquier cosa para justificar la vigilancia del CIES. Es posible que sigan cometiendo actos en mi contra e incluso a nivel f\u00edsico. Si estaban vigil\u00e1ndome, son capaces de todo para asegurar que su decisi\u00f3n infame tiene fundamento\u00bb, concluy\u00f3.<\/p>\n<p>&nbsp;<\/p>\n<figure class=\"wp-block-embed is-type-rich is-provider-twitter wp-block-embed-twitter\">\n<div class=\"wp-block-embed__wrapper\">\n<div class=\"twitter-tweet twitter-tweet-rendered\"><iframe id=\"twitter-widget-1\" class=\"\" title=\"X Post\" src=\"https:\/\/platform.twitter.com\/embed\/Tweet.html?creatorScreenName=ecuadorenvivo&amp;dnt=true&amp;embedId=twitter-widget-1&amp;features=eyJ0ZndfdGltZWxpbmVfbGlzdCI6eyJidWNrZXQiOltdLCJ2ZXJzaW9uIjpudWxsfSwidGZ3X2ZvbGxvd2VyX2NvdW50X3N1bnNldCI6eyJidWNrZXQiOnRydWUsInZlcnNpb24iOm51bGx9LCJ0ZndfdHdlZXRfZWRpdF9iYWNrZW5kIjp7ImJ1Y2tldCI6Im9uIiwidmVyc2lvbiI6bnVsbH0sInRmd19yZWZzcmNfc2Vzc2lvbiI6eyJidWNrZXQiOiJvbiIsInZlcnNpb24iOm51bGx9LCJ0ZndfZm9zbnJfc29mdF9pbnRlcnZlbnRpb25zX2VuYWJsZWQiOnsiYnVja2V0Ijoib24iLCJ2ZXJzaW9uIjpudWxsfSwidGZ3X21peGVkX21lZGlhXzE1ODk3Ijp7ImJ1Y2tldCI6InRyZWF0bWVudCIsInZlcnNpb24iOm51bGx9LCJ0ZndfZXhwZXJpbWVudHNfY29va2llX2V4cGlyYXRpb24iOnsiYnVja2V0IjoxMjA5NjAwLCJ2ZXJzaW9uIjpudWxsfSwidGZ3X3Nob3dfYmlyZHdhdGNoX3Bpdm90c19lbmFibGVkIjp7ImJ1Y2tldCI6Im9uIiwidmVyc2lvbiI6bnVsbH0sInRmd19kdXBsaWNhdGVfc2NyaWJlc190b19zZXR0aW5ncyI6eyJidWNrZXQiOiJvbiIsInZlcnNpb24iOm51bGx9LCJ0ZndfdXNlX3Byb2ZpbGVfaW1hZ2Vfc2hhcGVfZW5hYmxlZCI6eyJidWNrZXQiOiJvbiIsInZlcnNpb24iOm51bGx9LCJ0ZndfdmlkZW9faGxzX2R5bmFtaWNfbWFuaWZlc3RzXzE1MDgyIjp7ImJ1Y2tldCI6InRydWVfYml0cmF0ZSIsInZlcnNpb24iOm51bGx9LCJ0ZndfbGVnYWN5X3RpbWVsaW5lX3N1bnNldCI6eyJidWNrZXQiOnRydWUsInZlcnNpb24iOm51bGx9LCJ0ZndfdHdlZXRfZWRpdF9mcm9udGVuZCI6eyJidWNrZXQiOiJvbiIsInZlcnNpb24iOm51bGx9fQ%3D%3D&amp;frame=false&amp;hideCard=false&amp;hideThread=false&amp;id=1805793080701825279&amp;lang=es&amp;origin=https%3A%2F%2Fecuadorenvivo.com%2Falondra-ante-reproduccion-del-himno-en-cadena-nacional-gracias-daniel-por-tu-impulsividad%2F&amp;sessionId=36a49eae66e3230ae66c06820b6d39135a9ac7e5&amp;siteScreenName=ecuadorenvivo&amp;theme=light&amp;widgetsVersion=2615f7e52b7e0%3A1702314776716&amp;width=550px\" frameborder=\"0\" scrolling=\"no\" allowfullscreen=\"allowfullscreen\" data-tweet-id=\"1805793080701825279\" data-mce-fragment=\"1\"><\/iframe><\/div>\n<div><strong>Fuente: Ecuadorenvivo.<\/strong><\/div>\n<div><\/div>\n<\/div>\n<\/figure>\n","protected":false},"excerpt":{"rendered":"<p>La Presidencia de Ecuador transmiti\u00f3 el Himno Nacional en una cadena la noche de este martes 25 de junio de 2024. Este fue el segundo mensaje a la naci\u00f3n de Daniel Noboa en sus siete meses de gesti\u00f3n. La introducci\u00f3n de la cadena nacional incluy\u00f3 el mensaje: \u201cPor respeto al pa\u00eds\u201d. Posteriormente, se reprodujo el Himno con subt\u00edtulos blancos para seguir la letra, acompa\u00f1ado de im\u00e1genes de paisajes de Ecuador, personas y ni\u00f1os. El video concluy\u00f3 con la bandera de Ecuador y un mensaje del Gobierno: \u00abEl nuevo Ecuador resuelve\u00bb. Esta transmisi\u00f3n coincidi\u00f3 con el anuncio del Gobierno de Daniel Noboa sobre la revocaci\u00f3n de la visa de la periodista cubana Alondra Santiago, quien en ese momento anunciaba la presentaci\u00f3n de medidas cautelares para evitar su deportaci\u00f3n. \u00abConfiamos en que los jueces tomar\u00e1n la decisi\u00f3n correcta. Ya hay pronunciamientos de organismos internacionales, y espero que la justicia act\u00fae adecuadamente\u00bb, expres\u00f3 Alondra la noche del martes 25 de junio. Mientras daba estas declaraciones en vivo en su cuenta de YouTube, el Gobierno dispuso la transmisi\u00f3n del Himno Nacional en cadena nacional. El pasado 31 de mayo, Alondra public\u00f3 un video en redes sociales donde mezclaba la letra del Himno Nacional con cr\u00edticas al Gobierno de Noboa. Sin embargo, en la cadena nacional del 25 de junio, solo se difundi\u00f3 el Himno Nacional, sin hacer referencia al caso de Alondra Santiago. Reacci\u00f3n de Alondra Santiago Alondra Santiago reaccion\u00f3 a la cadena nacional emitida mientras transmit\u00eda su programa en vivo. \u00abAl final, esto demuestra que es un ataque contra mi trabajo period\u00edstico\u00bb, afirm\u00f3 la comunicadora. Tambi\u00e9n a\u00f1adi\u00f3: \u00abGracias, Daniel, por tu impulsividad y por demostrar que no tienen nada en mi contra. Mis abogados tomar\u00e1n cartas en el asunto\u201d. \u201cDaniel, pensaste que me quitaste la paz, pero me la devolviste. Qu\u00e9 lindo que te sientas patriota hoy. Ojal\u00e1 te sientas patriota y bajes el IVA, crees obras p\u00fablicas y gestiones educaci\u00f3n, salud, etc\u00bb, a\u00f1adi\u00f3 Alondra durante su programa. Luego, en la parte final de su transmisi\u00f3n, Alondra cant\u00f3 el Himno de Ecuador. A su criterio, la revocatoria de su visa es \u00abun atentado a la libertad de prensa y expresi\u00f3n\u00bb. \u00abEste Gobierno quiere silenciarme\u00bb, dijo la comunicadora al enterarse de la decisi\u00f3n de la Canciller\u00eda de Ecuador. Finalmente, la activista responsabiliz\u00f3 al presidente Daniel Noboa y a sus ministros por cualquier atentado contra su integridad. Dice que teme por su seguridad y menciona la relaci\u00f3n que podr\u00eda haber entre la cadena nacional emitida por el r\u00e9gimen con el retiro de su visa. \u00abQuiero advertir algo: a partir de ahora se inventar\u00e1n cualquier cosa para justificar la vigilancia del CIES. Es posible que sigan cometiendo actos en mi contra e incluso a nivel f\u00edsico. Si estaban vigil\u00e1ndome, son capaces de todo para asegurar que su decisi\u00f3n infame tiene fundamento\u00bb, concluy\u00f3. &nbsp; Fuente: Ecuadorenvivo.<\/p>\n","protected":false},"author":1,"featured_media":17100,"comment_status":"open","ping_status":"open","sticky":false,"template":"","format":"standard","meta":{"footnotes":""},"categories":[268],"tags":[],"class_list":["post-17099","post","type-post","status-publish","format-standard","has-post-thumbnail","hentry","category-nacionales"],"_links":{"self":[{"href":"https:\/\/www.elamazonico.com\/portal\/wp-json\/wp\/v2\/posts\/17099","targetHints":{"allow":["GET"]}}],"collection":[{"href":"https:\/\/www.elamazonico.com\/portal\/wp-json\/wp\/v2\/posts"}],"about":[{"href":"https:\/\/www.elamazonico.com\/portal\/wp-json\/wp\/v2\/types\/post"}],"author":[{"embeddable":true,"href":"https:\/\/www.elamazonico.com\/portal\/wp-json\/wp\/v2\/users\/1"}],"replies":[{"embeddable":true,"href":"https:\/\/www.elamazonico.com\/portal\/wp-json\/wp\/v2\/comments?post=17099"}],"version-history":[{"count":1,"href":"https:\/\/www.elamazonico.com\/portal\/wp-json\/wp\/v2\/posts\/17099\/revisions"}],"predecessor-version":[{"id":17101,"href":"https:\/\/www.elamazonico.com\/portal\/wp-json\/wp\/v2\/posts\/17099\/revisions\/17101"}],"wp:featuredmedia":[{"embeddable":true,"href":"https:\/\/www.elamazonico.com\/portal\/wp-json\/wp\/v2\/media\/17100"}],"wp:attachment":[{"href":"https:\/\/www.elamazonico.com\/portal\/wp-json\/wp\/v2\/media?parent=17099"}],"wp:term":[{"taxonomy":"category","embeddable":true,"href":"https:\/\/www.elamazonico.com\/portal\/wp-json\/wp\/v2\/categories?post=17099"},{"taxonomy":"post_tag","embeddable":true,"href":"https:\/\/www.elamazonico.com\/portal\/wp-json\/wp\/v2\/tags?post=17099"}],"curies":[{"name":"wp","href":"https:\/\/api.w.org\/{rel}","templated":true}]}}