{"id":17095,"date":"2024-06-26T09:19:25","date_gmt":"2024-06-26T14:19:25","guid":{"rendered":"https:\/\/www.elamazonico.com\/portal\/?p=17095"},"modified":"2024-06-26T09:19:25","modified_gmt":"2024-06-26T14:19:25","slug":"nuevo-golpe-a-la-mineria-ilegal-en-ponce-enriquez-y-tenguel","status":"publish","type":"post","link":"https:\/\/www.elamazonico.com\/portal\/nuevo-golpe-a-la-mineria-ilegal-en-ponce-enriquez-y-tenguel\/","title":{"rendered":"Nuevo golpe a la miner\u00eda ilegal en Ponce Enr\u00edquez y Tenguel"},"content":{"rendered":"<p>Esta madrugada a polic\u00eda nacional y la Fiscal\u00eda han desarticulado a un GDO (grupo de delincuencia organizada) que operaba en las provincias de Azuay y Guayas. Se trata de actividades de miner\u00eda ilegal relacionadas a bandas criminales en la parroquia Tenguel provincia del Guayas y en el cant\u00f3n Ponce Enr\u00edquez en Azuay, este \u00faltimo cant\u00f3n bajo el recurso excepcional.<\/p>\n<p>Esta acci\u00f3n se da luego del enfrentamiento que mantuvieron un grupo de militares en la zona de Ponce Enr\u00edquez donde hubo un enfrentamiento armado el sector de\u00a0<strong>Bella Rica<\/strong>, donde fuertemente armados fueron atacados por miembros de un GDO que tras identificar el lugar fueron neutralizados integrantes del grupo terrorista Los Lobos, que operan en miner\u00eda ilegal en esa zona.<\/p>\n<figure class=\"wp-block-embed is-type-rich is-provider-twitter wp-block-embed-twitter\">\n<div class=\"wp-block-embed__wrapper\">\n<div class=\"twitter-tweet twitter-tweet-rendered\"><iframe id=\"twitter-widget-0\" class=\"\" title=\"X Post\" src=\"https:\/\/platform.twitter.com\/embed\/Tweet.html?creatorScreenName=ecuadorenvivo&amp;dnt=true&amp;embedId=twitter-widget-0&amp;features=eyJ0ZndfdGltZWxpbmVfbGlzdCI6eyJidWNrZXQiOltdLCJ2ZXJzaW9uIjpudWxsfSwidGZ3X2ZvbGxvd2VyX2NvdW50X3N1bnNldCI6eyJidWNrZXQiOnRydWUsInZlcnNpb24iOm51bGx9LCJ0ZndfdHdlZXRfZWRpdF9iYWNrZW5kIjp7ImJ1Y2tldCI6Im9uIiwidmVyc2lvbiI6bnVsbH0sInRmd19yZWZzcmNfc2Vzc2lvbiI6eyJidWNrZXQiOiJvbiIsInZlcnNpb24iOm51bGx9LCJ0ZndfZm9zbnJfc29mdF9pbnRlcnZlbnRpb25zX2VuYWJsZWQiOnsiYnVja2V0Ijoib24iLCJ2ZXJzaW9uIjpudWxsfSwidGZ3X21peGVkX21lZGlhXzE1ODk3Ijp7ImJ1Y2tldCI6InRyZWF0bWVudCIsInZlcnNpb24iOm51bGx9LCJ0ZndfZXhwZXJpbWVudHNfY29va2llX2V4cGlyYXRpb24iOnsiYnVja2V0IjoxMjA5NjAwLCJ2ZXJzaW9uIjpudWxsfSwidGZ3X3Nob3dfYmlyZHdhdGNoX3Bpdm90c19lbmFibGVkIjp7ImJ1Y2tldCI6Im9uIiwidmVyc2lvbiI6bnVsbH0sInRmd19kdXBsaWNhdGVfc2NyaWJlc190b19zZXR0aW5ncyI6eyJidWNrZXQiOiJvbiIsInZlcnNpb24iOm51bGx9LCJ0ZndfdXNlX3Byb2ZpbGVfaW1hZ2Vfc2hhcGVfZW5hYmxlZCI6eyJidWNrZXQiOiJvbiIsInZlcnNpb24iOm51bGx9LCJ0ZndfdmlkZW9faGxzX2R5bmFtaWNfbWFuaWZlc3RzXzE1MDgyIjp7ImJ1Y2tldCI6InRydWVfYml0cmF0ZSIsInZlcnNpb24iOm51bGx9LCJ0ZndfbGVnYWN5X3RpbWVsaW5lX3N1bnNldCI6eyJidWNrZXQiOnRydWUsInZlcnNpb24iOm51bGx9LCJ0ZndfdHdlZXRfZWRpdF9mcm9udGVuZCI6eyJidWNrZXQiOiJvbiIsInZlcnNpb24iOm51bGx9fQ%3D%3D&amp;frame=false&amp;hideCard=false&amp;hideThread=false&amp;id=1805908256470011920&amp;lang=es&amp;origin=https%3A%2F%2Fecuadorenvivo.com%2Fnuevo-golpe-a-la-mineria-ilegal-en-ponce-enriquez-y-tenguel%2F&amp;sessionId=62787ec86cdb2ec19687f81f0355d11ff9d173e8&amp;siteScreenName=ecuadorenvivo&amp;theme=light&amp;widgetsVersion=2615f7e52b7e0%3A1702314776716&amp;width=550px\" frameborder=\"0\" scrolling=\"no\" allowfullscreen=\"allowfullscreen\" data-tweet-id=\"1805908256470011920\" data-mce-fragment=\"1\"><\/iframe><\/div>\n<\/div>\n<\/figure>\n<p>A\u00fan no hay mas detalles de esta acci\u00f3n anti miner\u00eda, pero se espera que en el transcurso de la operaci\u00f3n se informe detalles de las incautaciones y detenidos NOTICIA EN DESARROLLO<\/p>\n<p><strong>Fuente: El Tel\u00e9grafo.<\/strong><\/p>\n","protected":false},"excerpt":{"rendered":"<p>Esta madrugada a polic\u00eda nacional y la Fiscal\u00eda han desarticulado a un GDO (grupo de delincuencia organizada) que operaba en las provincias de Azuay y Guayas. Se trata de actividades de miner\u00eda ilegal relacionadas a bandas criminales en la parroquia Tenguel provincia del Guayas y en el cant\u00f3n Ponce Enr\u00edquez en Azuay, este \u00faltimo cant\u00f3n bajo el recurso excepcional. Esta acci\u00f3n se da luego del enfrentamiento que mantuvieron un grupo de militares en la zona de Ponce Enr\u00edquez donde hubo un enfrentamiento armado el sector de\u00a0Bella Rica, donde fuertemente armados fueron atacados por miembros de un GDO que tras identificar el lugar fueron neutralizados integrantes del grupo terrorista Los Lobos, que operan en miner\u00eda ilegal en esa zona. A\u00fan no hay mas detalles de esta acci\u00f3n anti miner\u00eda, pero se espera que en el transcurso de la operaci\u00f3n se informe detalles de las incautaciones y detenidos NOTICIA EN DESARROLLO Fuente: El Tel\u00e9grafo.<\/p>\n","protected":false},"author":1,"featured_media":17096,"comment_status":"open","ping_status":"open","sticky":false,"template":"","format":"standard","meta":{"footnotes":""},"categories":[268],"tags":[],"class_list":["post-17095","post","type-post","status-publish","format-standard","has-post-thumbnail","hentry","category-nacionales"],"_links":{"self":[{"href":"https:\/\/www.elamazonico.com\/portal\/wp-json\/wp\/v2\/posts\/17095","targetHints":{"allow":["GET"]}}],"collection":[{"href":"https:\/\/www.elamazonico.com\/portal\/wp-json\/wp\/v2\/posts"}],"about":[{"href":"https:\/\/www.elamazonico.com\/portal\/wp-json\/wp\/v2\/types\/post"}],"author":[{"embeddable":true,"href":"https:\/\/www.elamazonico.com\/portal\/wp-json\/wp\/v2\/users\/1"}],"replies":[{"embeddable":true,"href":"https:\/\/www.elamazonico.com\/portal\/wp-json\/wp\/v2\/comments?post=17095"}],"version-history":[{"count":1,"href":"https:\/\/www.elamazonico.com\/portal\/wp-json\/wp\/v2\/posts\/17095\/revisions"}],"predecessor-version":[{"id":17097,"href":"https:\/\/www.elamazonico.com\/portal\/wp-json\/wp\/v2\/posts\/17095\/revisions\/17097"}],"wp:featuredmedia":[{"embeddable":true,"href":"https:\/\/www.elamazonico.com\/portal\/wp-json\/wp\/v2\/media\/17096"}],"wp:attachment":[{"href":"https:\/\/www.elamazonico.com\/portal\/wp-json\/wp\/v2\/media?parent=17095"}],"wp:term":[{"taxonomy":"category","embeddable":true,"href":"https:\/\/www.elamazonico.com\/portal\/wp-json\/wp\/v2\/categories?post=17095"},{"taxonomy":"post_tag","embeddable":true,"href":"https:\/\/www.elamazonico.com\/portal\/wp-json\/wp\/v2\/tags?post=17095"}],"curies":[{"name":"wp","href":"https:\/\/api.w.org\/{rel}","templated":true}]}}