{"id":17073,"date":"2024-06-25T11:13:25","date_gmt":"2024-06-25T16:13:25","guid":{"rendered":"https:\/\/www.elamazonico.com\/portal\/?p=17073"},"modified":"2024-06-25T11:13:25","modified_gmt":"2024-06-25T16:13:25","slug":"cancilleria-revoca-la-visa-ecuatoriana-a-la-activista-alondra-santiago","status":"publish","type":"post","link":"https:\/\/www.elamazonico.com\/portal\/cancilleria-revoca-la-visa-ecuatoriana-a-la-activista-alondra-santiago\/","title":{"rendered":"Canciller\u00eda revoca la visa ecuatoriana a la activista Alondra Santiago"},"content":{"rendered":"<p>Alondra Santiago, activista y comunicadora cubana, inform\u00f3 sobre el retiro de su visa por parte del Gobierno ecuatoriano.<\/p>\n<p>La decisi\u00f3n, firmada por el viceministro de Movilidad Humana, Alejandro D\u00e1valos, alega que Santiago \u00abha cometido actos que atentan contra la seguridad p\u00fablica y estructura del Estado\u00bb. En respuesta, Santiago calific\u00f3 la medida como un \u00abatentado a la libertad de expresi\u00f3n\u00bb.<\/p>\n<p>La activista ha visto revocada su Visa 9 VI, una visa de amparo que facilita el ingreso y permite la permanencia en el pa\u00eds por motivos de matrimonio, parentesco o reunificaci\u00f3n familiar con un ciudadano ecuatoriano.<\/p>\n<p>El Gobierno fundamenta su decisi\u00f3n en la supuesta infracci\u00f3n de dos art\u00edculos de la Ley de Movilidad Humana: el art\u00edculo 67, que se refiere a la soberan\u00eda del Estado, y el art\u00edculo 68, que aborda la pr\u00e1ctica de actos de naturaleza distinta a la categor\u00eda migratoria otorgada.<\/p>\n<figure class=\"wp-block-embed is-type-rich is-provider-twitter wp-block-embed-twitter\">\n<div class=\"wp-block-embed__wrapper\">\n<div class=\"twitter-tweet twitter-tweet-rendered\"><iframe id=\"twitter-widget-0\" class=\"\" title=\"X Post\" src=\"https:\/\/platform.twitter.com\/embed\/Tweet.html?creatorScreenName=ecuadorenvivo&amp;dnt=true&amp;embedId=twitter-widget-0&amp;features=eyJ0ZndfdGltZWxpbmVfbGlzdCI6eyJidWNrZXQiOltdLCJ2ZXJzaW9uIjpudWxsfSwidGZ3X2ZvbGxvd2VyX2NvdW50X3N1bnNldCI6eyJidWNrZXQiOnRydWUsInZlcnNpb24iOm51bGx9LCJ0ZndfdHdlZXRfZWRpdF9iYWNrZW5kIjp7ImJ1Y2tldCI6Im9uIiwidmVyc2lvbiI6bnVsbH0sInRmd19yZWZzcmNfc2Vzc2lvbiI6eyJidWNrZXQiOiJvbiIsInZlcnNpb24iOm51bGx9LCJ0ZndfZm9zbnJfc29mdF9pbnRlcnZlbnRpb25zX2VuYWJsZWQiOnsiYnVja2V0Ijoib24iLCJ2ZXJzaW9uIjpudWxsfSwidGZ3X21peGVkX21lZGlhXzE1ODk3Ijp7ImJ1Y2tldCI6InRyZWF0bWVudCIsInZlcnNpb24iOm51bGx9LCJ0ZndfZXhwZXJpbWVudHNfY29va2llX2V4cGlyYXRpb24iOnsiYnVja2V0IjoxMjA5NjAwLCJ2ZXJzaW9uIjpudWxsfSwidGZ3X3Nob3dfYmlyZHdhdGNoX3Bpdm90c19lbmFibGVkIjp7ImJ1Y2tldCI6Im9uIiwidmVyc2lvbiI6bnVsbH0sInRmd19kdXBsaWNhdGVfc2NyaWJlc190b19zZXR0aW5ncyI6eyJidWNrZXQiOiJvbiIsInZlcnNpb24iOm51bGx9LCJ0ZndfdXNlX3Byb2ZpbGVfaW1hZ2Vfc2hhcGVfZW5hYmxlZCI6eyJidWNrZXQiOiJvbiIsInZlcnNpb24iOm51bGx9LCJ0ZndfdmlkZW9faGxzX2R5bmFtaWNfbWFuaWZlc3RzXzE1MDgyIjp7ImJ1Y2tldCI6InRydWVfYml0cmF0ZSIsInZlcnNpb24iOm51bGx9LCJ0ZndfbGVnYWN5X3RpbWVsaW5lX3N1bnNldCI6eyJidWNrZXQiOnRydWUsInZlcnNpb24iOm51bGx9LCJ0ZndfdHdlZXRfZWRpdF9mcm9udGVuZCI6eyJidWNrZXQiOiJvbiIsInZlcnNpb24iOm51bGx9fQ%3D%3D&amp;frame=false&amp;hideCard=false&amp;hideThread=false&amp;id=1805556977646354536&amp;lang=es&amp;origin=https%3A%2F%2Fecuadorenvivo.com%2Fcancilleria-revoca-la-visa-ecuatoriana-a-la-activista-alondra-santiago%2F&amp;sessionId=2e94b2e4454c3ab02a66fe5a49760f5ede5c074a&amp;siteScreenName=ecuadorenvivo&amp;theme=light&amp;widgetsVersion=2615f7e52b7e0%3A1702314776716&amp;width=550px\" frameborder=\"0\" scrolling=\"no\" allowfullscreen=\"allowfullscreen\" data-tweet-id=\"1805556977646354536\" data-mce-fragment=\"1\"><\/iframe><\/div>\n<\/div>\n<\/figure>\n<p>Alondra Santiago, cercana al corre\u00edsmo, vive en Ecuador desde los 16 a\u00f1os y manten\u00eda una visa indefinida para su permanencia en el pa\u00eds.<\/p>\n<p>Algunos observadores han sugerido que la reciente pol\u00e9mica por el Himno Nacional podr\u00eda haber influido en la decisi\u00f3n, aunque no se ha confirmado oficialmente.<\/p>\n<p>El periodista Fabricio Vela coment\u00f3 en su cuenta de la red social X: \u00abNo creo que la pol\u00e9mica por el Himno Nacional haya sido considerado un \u2018atentado a la seguridad del Estado\u2019\u2026 \u00bfo s\u00ed?\u00bb.<\/p>\n","protected":false},"excerpt":{"rendered":"<p>Alondra Santiago, activista y comunicadora cubana, inform\u00f3 sobre el retiro de su visa por parte del Gobierno ecuatoriano. La decisi\u00f3n, firmada por el viceministro de Movilidad Humana, Alejandro D\u00e1valos, alega que Santiago \u00abha cometido actos que atentan contra la seguridad p\u00fablica y estructura del Estado\u00bb. En respuesta, Santiago calific\u00f3 la medida como un \u00abatentado a la libertad de expresi\u00f3n\u00bb. La activista ha visto revocada su Visa 9 VI, una visa de amparo que facilita el ingreso y permite la permanencia en el pa\u00eds por motivos de matrimonio, parentesco o reunificaci\u00f3n familiar con un ciudadano ecuatoriano. El Gobierno fundamenta su decisi\u00f3n en la supuesta infracci\u00f3n de dos art\u00edculos de la Ley de Movilidad Humana: el art\u00edculo 67, que se refiere a la soberan\u00eda del Estado, y el art\u00edculo 68, que aborda la pr\u00e1ctica de actos de naturaleza distinta a la categor\u00eda migratoria otorgada. Alondra Santiago, cercana al corre\u00edsmo, vive en Ecuador desde los 16 a\u00f1os y manten\u00eda una visa indefinida para su permanencia en el pa\u00eds. Algunos observadores han sugerido que la reciente pol\u00e9mica por el Himno Nacional podr\u00eda haber influido en la decisi\u00f3n, aunque no se ha confirmado oficialmente. El periodista Fabricio Vela coment\u00f3 en su cuenta de la red social X: \u00abNo creo que la pol\u00e9mica por el Himno Nacional haya sido considerado un \u2018atentado a la seguridad del Estado\u2019\u2026 \u00bfo s\u00ed?\u00bb.<\/p>\n","protected":false},"author":1,"featured_media":17074,"comment_status":"open","ping_status":"open","sticky":false,"template":"","format":"standard","meta":{"footnotes":""},"categories":[268],"tags":[],"class_list":["post-17073","post","type-post","status-publish","format-standard","has-post-thumbnail","hentry","category-nacionales"],"_links":{"self":[{"href":"https:\/\/www.elamazonico.com\/portal\/wp-json\/wp\/v2\/posts\/17073","targetHints":{"allow":["GET"]}}],"collection":[{"href":"https:\/\/www.elamazonico.com\/portal\/wp-json\/wp\/v2\/posts"}],"about":[{"href":"https:\/\/www.elamazonico.com\/portal\/wp-json\/wp\/v2\/types\/post"}],"author":[{"embeddable":true,"href":"https:\/\/www.elamazonico.com\/portal\/wp-json\/wp\/v2\/users\/1"}],"replies":[{"embeddable":true,"href":"https:\/\/www.elamazonico.com\/portal\/wp-json\/wp\/v2\/comments?post=17073"}],"version-history":[{"count":1,"href":"https:\/\/www.elamazonico.com\/portal\/wp-json\/wp\/v2\/posts\/17073\/revisions"}],"predecessor-version":[{"id":17075,"href":"https:\/\/www.elamazonico.com\/portal\/wp-json\/wp\/v2\/posts\/17073\/revisions\/17075"}],"wp:featuredmedia":[{"embeddable":true,"href":"https:\/\/www.elamazonico.com\/portal\/wp-json\/wp\/v2\/media\/17074"}],"wp:attachment":[{"href":"https:\/\/www.elamazonico.com\/portal\/wp-json\/wp\/v2\/media?parent=17073"}],"wp:term":[{"taxonomy":"category","embeddable":true,"href":"https:\/\/www.elamazonico.com\/portal\/wp-json\/wp\/v2\/categories?post=17073"},{"taxonomy":"post_tag","embeddable":true,"href":"https:\/\/www.elamazonico.com\/portal\/wp-json\/wp\/v2\/tags?post=17073"}],"curies":[{"name":"wp","href":"https:\/\/api.w.org\/{rel}","templated":true}]}}