{"id":17070,"date":"2024-06-25T11:10:25","date_gmt":"2024-06-25T16:10:25","guid":{"rendered":"https:\/\/www.elamazonico.com\/portal\/?p=17070"},"modified":"2024-06-25T11:10:25","modified_gmt":"2024-06-25T16:10:25","slug":"alerta-el-inec-aclara-que-no-esta-realizando-censos","status":"publish","type":"post","link":"https:\/\/www.elamazonico.com\/portal\/alerta-el-inec-aclara-que-no-esta-realizando-censos\/","title":{"rendered":"\u00a1Alerta! El INEC aclara que no est\u00e1 realizando censos"},"content":{"rendered":"<p>El Instituto Nacional de Estad\u00edstica y Censos (INEC) aclar\u00f3 que actualmente no realizan ning\u00fan censo. La instituci\u00f3n se dirigi\u00f3 a la ciudadan\u00eda a trav\u00e9s de un comunicado difundido este lunes, 24 de junio de 2024.<\/p>\n<div class=\"google-auto-placed ap_container\"><ins class=\"adsbygoogle adsbygoogle-noablate\" data-ad-format=\"auto\" data-ad-client=\"ca-pub-4257119852434871\" data-adsbygoogle-status=\"done\" data-ad-status=\"unfilled\"><\/p>\n<div id=\"aswift_3_host\"><iframe id=\"aswift_3\" tabindex=\"0\" title=\"Advertisement\" src=\"https:\/\/googleads.g.doubleclick.net\/pagead\/ads?gdpr=0&amp;client=ca-pub-4257119852434871&amp;output=html&amp;h=280&amp;adk=1232257761&amp;adf=3290523148&amp;w=736&amp;abgtt=6&amp;fwrn=4&amp;fwrnh=100&amp;lmt=1719331716&amp;num_ads=1&amp;rafmt=1&amp;armr=3&amp;sem=mc&amp;pwprc=2102549152&amp;ad_type=text_image&amp;format=736x280&amp;url=https%3A%2F%2Fwww.eltelegrafo.com.ec%2Fnoticias%2Fnacionales%2F44%2Falerta-el-inec-aclara-que-no-esta-realizando-censos&amp;fwr=0&amp;pra=3&amp;rh=184&amp;rw=736&amp;rpe=1&amp;resp_fmts=3&amp;wgl=1&amp;fa=27&amp;uach=WyJXaW5kb3dzIiwiMTAuMC4wIiwieDg2IiwiIiwiMTI2LjAuNjQ3OC4xMTUiLG51bGwsMCxudWxsLCI2NCIsW1siTm90L0EpQnJhbmQiLCI4LjAuMC4wIl0sWyJDaHJvbWl1bSIsIjEyNi4wLjY0NzguMTE1Il0sWyJHb29nbGUgQ2hyb21lIiwiMTI2LjAuNjQ3OC4xMTUiXV0sMF0.&amp;dt=1719331716167&amp;bpp=2&amp;bdt=3139&amp;idt=-M&amp;shv=r20240618&amp;mjsv=m202406180101&amp;ptt=9&amp;saldr=aa&amp;abxe=1&amp;cookie=ID%3Dc675d65f6010cfd6%3AT%3D1704198640%3ART%3D1719331715%3AS%3DALNI_MaFrIPuhRVihFLFNIoqCCF0nhWK5g&amp;gpic=UID%3D000009facd65c44e%3AT%3D1692271407%3ART%3D1719331715%3AS%3DALNI_MZ0pGfKCAQPlBvqqUB4blQH1-CLbg&amp;eo_id_str=ID%3D1826b25d1a4d499f%3AT%3D1708446896%3ART%3D1719331715%3AS%3DAA-Afja20nFLkOr5wUUO7l9ILtK_&amp;prev_fmts=0x0%2C1200x280%2C356x280&amp;nras=4&amp;correlator=3064765795847&amp;frm=20&amp;pv=1&amp;ga_vid=1155168741.1634674297&amp;ga_sid=1719331715&amp;ga_hid=1292186580&amp;ga_fc=1&amp;u_tz=-300&amp;u_his=3&amp;u_h=768&amp;u_w=1366&amp;u_ah=728&amp;u_aw=1366&amp;u_cd=24&amp;u_sd=1&amp;dmc=8&amp;adx=129&amp;ady=1331&amp;biw=1349&amp;bih=607&amp;scr_x=0&amp;scr_y=6&amp;eid=44759842%2C44795922%2C95329723%2C95333409%2C95334509%2C95334528%2C95334572%2C95334830%2C95335887%2C95335897%2C95336522%2C95335291%2C31078663%2C31078665%2C31078668%2C31078670&amp;oid=2&amp;pvsid=3954374939801165&amp;tmod=53371450&amp;uas=0&amp;nvt=1&amp;ref=https%3A%2F%2Fwww.eltelegrafo.com.ec%2F&amp;fc=1408&amp;brdim=0%2C0%2C0%2C0%2C1366%2C0%2C1366%2C728%2C1366%2C607&amp;vis=1&amp;rsz=%7C%7Cs%7C&amp;abl=NS&amp;fu=128&amp;bc=31&amp;bz=1&amp;td=1&amp;tdf=0&amp;psd=W251bGwsbnVsbCwibGFiZWxfb25seV81IiwxXQ..&amp;nt=1&amp;ifi=4&amp;uci=a!4&amp;btvi=2&amp;fsb=1&amp;dtd=231\" name=\"aswift_3\" width=\"736\" height=\"0\" frameborder=\"0\" marginwidth=\"0\" marginheight=\"0\" scrolling=\"no\" sandbox=\"allow-forms allow-popups allow-popups-to-escape-sandbox allow-same-origin allow-scripts allow-top-navigation-by-user-activation\" data-google-container-id=\"a!4\" aria-label=\"Advertisement\" data-google-query-id=\"CO-50eGR94YDFUgrswAdFbQIRQ\" data-load-complete=\"true\" data-mce-fragment=\"1\"><\/iframe><\/div>\n<p><\/ins><\/div>\n<p>Esta aclaraci\u00f3n nace luego de que ciudadanos denunciaran que hay grupos que se han tomado el nombre del INEC para intentar ingresar a sus domicilios bajo el justificativo de que se \u201cse trata de un nuevo censo\u201d, pero esto fue descartado.<\/p>\n<div class=\"twitter-tweet twitter-tweet-rendered\"><iframe id=\"twitter-widget-1\" class=\"\" title=\"X Post\" src=\"https:\/\/platform.twitter.com\/embed\/Tweet.html?creatorScreenName=el_telegrafo&amp;dnt=false&amp;embedId=twitter-widget-1&amp;features=eyJ0ZndfdGltZWxpbmVfbGlzdCI6eyJidWNrZXQiOltdLCJ2ZXJzaW9uIjpudWxsfSwidGZ3X2ZvbGxvd2VyX2NvdW50X3N1bnNldCI6eyJidWNrZXQiOnRydWUsInZlcnNpb24iOm51bGx9LCJ0ZndfdHdlZXRfZWRpdF9iYWNrZW5kIjp7ImJ1Y2tldCI6Im9uIiwidmVyc2lvbiI6bnVsbH0sInRmd19yZWZzcmNfc2Vzc2lvbiI6eyJidWNrZXQiOiJvbiIsInZlcnNpb24iOm51bGx9LCJ0ZndfZm9zbnJfc29mdF9pbnRlcnZlbnRpb25zX2VuYWJsZWQiOnsiYnVja2V0Ijoib24iLCJ2ZXJzaW9uIjpudWxsfSwidGZ3X21peGVkX21lZGlhXzE1ODk3Ijp7ImJ1Y2tldCI6InRyZWF0bWVudCIsInZlcnNpb24iOm51bGx9LCJ0ZndfZXhwZXJpbWVudHNfY29va2llX2V4cGlyYXRpb24iOnsiYnVja2V0IjoxMjA5NjAwLCJ2ZXJzaW9uIjpudWxsfSwidGZ3X3Nob3dfYmlyZHdhdGNoX3Bpdm90c19lbmFibGVkIjp7ImJ1Y2tldCI6Im9uIiwidmVyc2lvbiI6bnVsbH0sInRmd19kdXBsaWNhdGVfc2NyaWJlc190b19zZXR0aW5ncyI6eyJidWNrZXQiOiJvbiIsInZlcnNpb24iOm51bGx9LCJ0ZndfdXNlX3Byb2ZpbGVfaW1hZ2Vfc2hhcGVfZW5hYmxlZCI6eyJidWNrZXQiOiJvbiIsInZlcnNpb24iOm51bGx9LCJ0ZndfdmlkZW9faGxzX2R5bmFtaWNfbWFuaWZlc3RzXzE1MDgyIjp7ImJ1Y2tldCI6InRydWVfYml0cmF0ZSIsInZlcnNpb24iOm51bGx9LCJ0ZndfbGVnYWN5X3RpbWVsaW5lX3N1bnNldCI6eyJidWNrZXQiOnRydWUsInZlcnNpb24iOm51bGx9LCJ0ZndfdHdlZXRfZWRpdF9mcm9udGVuZCI6eyJidWNrZXQiOiJvbiIsInZlcnNpb24iOm51bGx9fQ%3D%3D&amp;frame=false&amp;hideCard=false&amp;hideThread=false&amp;id=1805293310002491676&amp;lang=es&amp;origin=https%3A%2F%2Fwww.eltelegrafo.com.ec%2Fnacionales%2Fnacionales%2F44%2Falerta-el-inec-aclara-que-no-esta-realizando-censos&amp;sessionId=fb6e7004dcf767981dbde252d14b742840e3b22a&amp;siteScreenName=el_telegrafo&amp;theme=light&amp;widgetsVersion=2615f7e52b7e0%3A1702314776716&amp;width=550px\" frameborder=\"0\" scrolling=\"no\" allowfullscreen=\"allowfullscreen\" data-tweet-id=\"1805293310002491676\" data-mce-fragment=\"1\"><\/iframe><\/div>\n<p>En el comunicado tambi\u00e9n recuerdan que hay\u00a0cuatro tipos de encuestas que se realizan cada mes.<\/p>\n<ul>\n<li>Encuesta Nacional de Empleo, Desempleo y Subempleo (ENEMDU)<\/li>\n<li>Encuesta Nacional sobre Desnutrici\u00f3n Infantil (ENDI)<\/li>\n<li>\u00cdndice de Precios al Consumidor, al Productor y de la Construcci\u00f3n.<\/li>\n<li>Encuesta Estructural Empresarial<\/li>\n<\/ul>\n<p>Sin embargo, para responder estas encuestas, el personal no necesita ingresar a los domicilios.<\/p>\n<p>Los ciudadanos pueden verificar la identidad de su personal campo en la p\u00e1gina web: https:\/\/www.ecuadorencifras.gob.ec\/verificar-encuestadores-autorizados\/. Tambi\u00e9n pueden consultar estos datos comunic\u00e1ndose con la instituci\u00f3n a trav\u00e9s de las redes sociales institucionales de Ecuador En Cifras en: Instagram, Facebook o X.<\/p>\n<div class=\"google-auto-placed ap_container\"><strong>Fuente: El Tel\u00e9grafo.\u00a0<\/strong><\/div>\n","protected":false},"excerpt":{"rendered":"<p>El Instituto Nacional de Estad\u00edstica y Censos (INEC) aclar\u00f3 que actualmente no realizan ning\u00fan censo. La instituci\u00f3n se dirigi\u00f3 a la ciudadan\u00eda a trav\u00e9s de un comunicado difundido este lunes, 24 de junio de 2024. Esta aclaraci\u00f3n nace luego de que ciudadanos denunciaran que hay grupos que se han tomado el nombre del INEC para intentar ingresar a sus domicilios bajo el justificativo de que se \u201cse trata de un nuevo censo\u201d, pero esto fue descartado. En el comunicado tambi\u00e9n recuerdan que hay\u00a0cuatro tipos de encuestas que se realizan cada mes. Encuesta Nacional de Empleo, Desempleo y Subempleo (ENEMDU) Encuesta Nacional sobre Desnutrici\u00f3n Infantil (ENDI) \u00cdndice de Precios al Consumidor, al Productor y de la Construcci\u00f3n. Encuesta Estructural Empresarial Sin embargo, para responder estas encuestas, el personal no necesita ingresar a los domicilios. Los ciudadanos pueden verificar la identidad de su personal campo en la p\u00e1gina web: https:\/\/www.ecuadorencifras.gob.ec\/verificar-encuestadores-autorizados\/. Tambi\u00e9n pueden consultar estos datos comunic\u00e1ndose con la instituci\u00f3n a trav\u00e9s de las redes sociales institucionales de Ecuador En Cifras en: Instagram, Facebook o X. Fuente: El Tel\u00e9grafo.\u00a0<\/p>\n","protected":false},"author":1,"featured_media":17071,"comment_status":"open","ping_status":"open","sticky":false,"template":"","format":"standard","meta":{"footnotes":""},"categories":[268],"tags":[],"class_list":["post-17070","post","type-post","status-publish","format-standard","has-post-thumbnail","hentry","category-nacionales"],"_links":{"self":[{"href":"https:\/\/www.elamazonico.com\/portal\/wp-json\/wp\/v2\/posts\/17070","targetHints":{"allow":["GET"]}}],"collection":[{"href":"https:\/\/www.elamazonico.com\/portal\/wp-json\/wp\/v2\/posts"}],"about":[{"href":"https:\/\/www.elamazonico.com\/portal\/wp-json\/wp\/v2\/types\/post"}],"author":[{"embeddable":true,"href":"https:\/\/www.elamazonico.com\/portal\/wp-json\/wp\/v2\/users\/1"}],"replies":[{"embeddable":true,"href":"https:\/\/www.elamazonico.com\/portal\/wp-json\/wp\/v2\/comments?post=17070"}],"version-history":[{"count":1,"href":"https:\/\/www.elamazonico.com\/portal\/wp-json\/wp\/v2\/posts\/17070\/revisions"}],"predecessor-version":[{"id":17072,"href":"https:\/\/www.elamazonico.com\/portal\/wp-json\/wp\/v2\/posts\/17070\/revisions\/17072"}],"wp:featuredmedia":[{"embeddable":true,"href":"https:\/\/www.elamazonico.com\/portal\/wp-json\/wp\/v2\/media\/17071"}],"wp:attachment":[{"href":"https:\/\/www.elamazonico.com\/portal\/wp-json\/wp\/v2\/media?parent=17070"}],"wp:term":[{"taxonomy":"category","embeddable":true,"href":"https:\/\/www.elamazonico.com\/portal\/wp-json\/wp\/v2\/categories?post=17070"},{"taxonomy":"post_tag","embeddable":true,"href":"https:\/\/www.elamazonico.com\/portal\/wp-json\/wp\/v2\/tags?post=17070"}],"curies":[{"name":"wp","href":"https:\/\/api.w.org\/{rel}","templated":true}]}}